{"id":29037,"date":"2025-11-03T17:40:25","date_gmt":"2025-11-03T16:40:25","guid":{"rendered":"https:\/\/insideamateurfussball-ffm.de\/?p=29037"},"modified":"2025-11-03T17:40:25","modified_gmt":"2025-11-03T16:40:25","slug":"bosnier-erarbeiten-sich-sieg-bei-tuerkguecue","status":"publish","type":"post","link":"https:\/\/insideamateurfussball-ffm.de\/?p=29037","title":{"rendered":"Bosnier erarbeiten sich Sieg bei T\u00fcrkg\u00fcc\u00fc"},"content":{"rendered":"<h4>Der SV Bosnien\/Herzegowina tat sich auf fast unbespielbarem Rasen lange schwer bei T\u00fcrkg\u00fcc\u00fc Frankfurt, um am Ende doch deutlich aufgrund nachlassender Kraft bei den Gastgebern mit 5:1 zu gewinnen.<\/h4>\n<figure id=\"attachment_29050\" aria-describedby=\"caption-attachment-29050\" style=\"width: 2016px\" class=\"wp-caption alignnone\"><img loading=\"lazy\" decoding=\"async\" class=\"wp-image-29050 size-full\" src=\"http:\/\/insideamateurfussball-ffm.de\/wp-content\/uploads\/2025\/11\/tuerkguecuebosnien10.jpg\" alt=\"\" width=\"2016\" height=\"1512\" srcset=\"https:\/\/insideamateurfussball-ffm.de\/wp-content\/uploads\/2025\/11\/tuerkguecuebosnien10.jpg 2016w, https:\/\/insideamateurfussball-ffm.de\/wp-content\/uploads\/2025\/11\/tuerkguecuebosnien10-300x225.jpg 300w, https:\/\/insideamateurfussball-ffm.de\/wp-content\/uploads\/2025\/11\/tuerkguecuebosnien10-1024x768.jpg 1024w, https:\/\/insideamateurfussball-ffm.de\/wp-content\/uploads\/2025\/11\/tuerkguecuebosnien10-768x576.jpg 768w, https:\/\/insideamateurfussball-ffm.de\/wp-content\/uploads\/2025\/11\/tuerkguecuebosnien10-1536x1152.jpg 1536w\" sizes=\"auto, (max-width: 2016px) 100vw, 2016px\" \/><figcaption id=\"caption-attachment-29050\" class=\"wp-caption-text\">Im D\u00e4mmerlicht feierten die abgek\u00e4mpften Bosnier ihren 14.Sieg im 15.Spiel. Foto: MZ<\/figcaption><\/figure>\n<h4>T\u00fcrkg\u00fcc\u00fc Frankfurt &#8211; SV Bosnien\/Herzegowina 1:5 (1:1)<\/h4>\n<p><img loading=\"lazy\" decoding=\"async\" class=\"alignnone size-full wp-image-17\" src=\"http:\/\/insideamateurfussball-ffm.de\/wp-content\/uploads\/2021\/11\/Tuerkguecue.jpg\" alt=\"\" width=\"72\" height=\"80\" \/><img loading=\"lazy\" decoding=\"async\" class=\"alignnone size-full wp-image-139\" src=\"http:\/\/insideamateurfussball-ffm.de\/wp-content\/uploads\/2022\/05\/Bosnien.jpg\" alt=\"\" width=\"79\" height=\"80\" \/><\/p>\n<p>Der Platz an der Sondershausenstr. war sehr grenzwertig und kaum bespielbar, vor allen Dingen, weil nach dem Regen am Samstag vorher auch noch die zweite Mannschaft von T\u00fcrkg\u00fcc\u00fc Frankfurt ihr Punktspiel absolvierte. Bei jeder Drehbewegung rutschten die Spieler aus, die Bosnier hatten lange Zeit Probleme, mit den Gegebenheiten zurechtzukommen, ihr technisches Spiel war auf diesem Platz fast zum Scheitern verurteilt. Die Gastgeber dagegen versuchten es viel mit langen B\u00e4llen auf ihre schnellen St\u00fcrmer und hofften auf Fehler der gegnerischen Abwehr. Das 1:0 f\u00fcr die G\u00e4ste erzielte Toptorj\u00e4ger Almir Derdemez, dessen verungl\u00fcckte Flanke in der 12.Minute im langen Eck des Tores einschlug.<\/p>\n<p>Die Bosnier erspielten sich einige Chancen, scheiterten aber immer wieder an der leidenschaftlichen Abwehr der Gastgeber, die sich in alle Sch\u00fcsse warfen. In der 42.Minute fiel der \u00fcberraschende Ausgleich, Terry Danso setzte sich auf der linken Seite durch und spielte in die Mitte auf Ventsislav Rusev, der freistehend zum 1:1 einschieben konnte, mit dem Remis ging es dann auch in die Pause.<\/p>\n<p>Auch in der zweiten Halbzeit ging das Spiel fast nur in Richtung Tor von T\u00fcrkg\u00fcc\u00fc, und dennoch hatten die Gastgeber die M\u00f6glichkeit, in F\u00fchrung zu gehen. In der 56.Minute tauchte Terry Danso allein vor dem Tor von Amel Dizdarevic auf, verstolperte aber auf dem unebenen Gel\u00e4uf den Ball. Auff\u00e4llig die vielen schlecht getretenen Ecken der Bosnier, die entweder zu flach kamen oder sogar hinter das Tor geschlagen wurden. Die Chancen der G\u00e4ste wurden zahlreicher, auch weil die Bosnier frische Kr\u00e4fte bringen konnten, aber entweder gingen die Sch\u00fcsse knapp am Tor vorbei oder T\u00fcrkg\u00fcc\u00fcs Torwart Dusan Zbiljic konnte gro\u00dfartig parieren.<\/p>\n<p>Bei den Gastgebern lie\u00dfen langsam die Kr\u00e4fte nach und es war erneut Almir Derdemez, der die G\u00e4ste mit dem 2:1 erl\u00f6ste. In der 78.Minute war er mit einem Kopfball nach abgef\u00e4lschter Flanke erfolgreich. Danach kam von den Gastgebern nichts mehr und nach einem Foul im Strafraum gab es Elfmeter f\u00fcr die G\u00e4ste, der eingewechselte Kapit\u00e4n Adis Hasecic verwandelte sicher zum 3:1 (85.). T\u00fcrkg\u00fcc\u00fc brach jetzt komplett zusammen und so kamen die Bosnier noch zu zwei weiteren Toren, der ebenfalls eingewechselte Edin Kurtanovic erzielte in der ersten Minute der Nachspielzeit das 4:1, ehe Almir Derdemez mit seinem dritten Tagestreffer und seinem insgesamt 24.Saisontreffer den Schlusspunkt mit dem 5:1 setzte (90.+4). F\u00fcr die Bosnier war es der 14.Sieg im 15.Spiel, w\u00e4hrend T\u00fcrkg\u00fcc\u00fc nach 10 Niederlagen in den letzten 11 Spielen auf den vorletzten Platz abrutschte.<\/p>\n<p>Bosniens Pressesprecher Admir Malohodzic nach dem Spiel: \u201ees war sehr schwierig, auf dm Platz Fu\u00dfball zu spielen, wir hatten unsere Probleme besonders in der ersten Halbzeit, aber am Ende haben wir logischerweise auch verdient gewonnen. Derdemez hat mal wieder einen Hattrick gemacht, drei Tore, hohes Lob an die gesamte Mannschaft. Und vor allen Dingen an die Einwechselspieler, die viel frischen Wind gebracht haben und auch ordentlich zum Sieg beigetragen haben. Es freut uns, dass jeder im gesamten Kader seine Leistung bringt, eigentlich ist es bei uns fast egal, wer spielt.\u201c<\/p>\n<p>T\u00fcrkg\u00fcc\u00fcs Interimstrainer Murat Tiryaki war stolz auf seine Mannschaft, die lange dagegengehalten hatte. \u201eich m\u00f6chte mich erst einmal bei der Mannschaft bedanken, die haben super gefightet und gek\u00e4mpft. Am Ende ist es ein bisschen hoch, wir h\u00e4tten auch in F\u00fchrung gehen k\u00f6nnen nach dem 1:1, haben wir nicht gemacht. Bosnien war am Ende erfahrener, qualitativ besser, und haben dann gewonnen. Aber trotzdem bin ich stolz auf die Mannschaft, wenn die jede Woche so spielt, sieht es ganz anders aus.\u201c<\/p>\n<p>Am letzten Vorrundenspieltag empfangen die Bosnier den Tabellenletzten FC Kaichen, w\u00e4hrend T\u00fcrkg\u00fcc\u00fc Frankfurt zum T\u00fcrkischen SV Bad Nauheim reisen muss.<\/p>\n<h4>Schiedsrichter: Marcel Reinke (TSV Hain-Gr\u00fcndau). Zuschauer: 100.<\/h4>\n<h4>Tore: 0:1 Almir Derdemez (12.), 1:1 Ventsislav Rusev (42.), 1:2 Almir Derdemez (78.), 1:3 Adis Hasecic (85., Elfmeter), 1:4 Eldin Kurtanovic (90.+1), 1:5 Almir Derdemez (90.+4)<\/h4>\n\n\n<figure class=\"wp-block-image size-large\"><img loading=\"lazy\" decoding=\"async\" width=\"1024\" height=\"768\" src=\"http:\/\/insideamateurfussball-ffm.de\/wp-content\/uploads\/2025\/11\/tuerkguecuebosnien02-1024x768.jpg\" alt=\"\" class=\"wp-image-29042\" srcset=\"https:\/\/insideamateurfussball-ffm.de\/wp-content\/uploads\/2025\/11\/tuerkguecuebosnien02-1024x768.jpg 1024w, https:\/\/insideamateurfussball-ffm.de\/wp-content\/uploads\/2025\/11\/tuerkguecuebosnien02-300x225.jpg 300w, https:\/\/insideamateurfussball-ffm.de\/wp-content\/uploads\/2025\/11\/tuerkguecuebosnien02-768x576.jpg 768w, https:\/\/insideamateurfussball-ffm.de\/wp-content\/uploads\/2025\/11\/tuerkguecuebosnien02-1536x1152.jpg 1536w, https:\/\/insideamateurfussball-ffm.de\/wp-content\/uploads\/2025\/11\/tuerkguecuebosnien02.jpg 2016w\" sizes=\"auto, (max-width: 1024px) 100vw, 1024px\" \/><\/figure>\n\n\n\n<figure class=\"wp-block-image size-large\"><img loading=\"lazy\" decoding=\"async\" width=\"1024\" height=\"768\" src=\"http:\/\/insideamateurfussball-ffm.de\/wp-content\/uploads\/2025\/11\/tuerkguecuebosnien03-1024x768.jpg\" alt=\"\" class=\"wp-image-29043\" srcset=\"https:\/\/insideamateurfussball-ffm.de\/wp-content\/uploads\/2025\/11\/tuerkguecuebosnien03-1024x768.jpg 1024w, https:\/\/insideamateurfussball-ffm.de\/wp-content\/uploads\/2025\/11\/tuerkguecuebosnien03-300x225.jpg 300w, https:\/\/insideamateurfussball-ffm.de\/wp-content\/uploads\/2025\/11\/tuerkguecuebosnien03-768x576.jpg 768w, https:\/\/insideamateurfussball-ffm.de\/wp-content\/uploads\/2025\/11\/tuerkguecuebosnien03-1536x1152.jpg 1536w, https:\/\/insideamateurfussball-ffm.de\/wp-content\/uploads\/2025\/11\/tuerkguecuebosnien03.jpg 2016w\" sizes=\"auto, (max-width: 1024px) 100vw, 1024px\" \/><\/figure>\n\n\n\n<figure class=\"wp-block-image size-large\"><img loading=\"lazy\" decoding=\"async\" width=\"1024\" height=\"768\" src=\"http:\/\/insideamateurfussball-ffm.de\/wp-content\/uploads\/2025\/11\/tuerkguecuebosnien04-1024x768.jpg\" alt=\"\" class=\"wp-image-29044\" srcset=\"https:\/\/insideamateurfussball-ffm.de\/wp-content\/uploads\/2025\/11\/tuerkguecuebosnien04-1024x768.jpg 1024w, https:\/\/insideamateurfussball-ffm.de\/wp-content\/uploads\/2025\/11\/tuerkguecuebosnien04-300x225.jpg 300w, https:\/\/insideamateurfussball-ffm.de\/wp-content\/uploads\/2025\/11\/tuerkguecuebosnien04-768x576.jpg 768w, https:\/\/insideamateurfussball-ffm.de\/wp-content\/uploads\/2025\/11\/tuerkguecuebosnien04-1536x1152.jpg 1536w, https:\/\/insideamateurfussball-ffm.de\/wp-content\/uploads\/2025\/11\/tuerkguecuebosnien04.jpg 2016w\" sizes=\"auto, (max-width: 1024px) 100vw, 1024px\" \/><\/figure>\n\n\n\n<figure class=\"wp-block-image size-large\"><img loading=\"lazy\" decoding=\"async\" width=\"1024\" height=\"768\" src=\"http:\/\/insideamateurfussball-ffm.de\/wp-content\/uploads\/2025\/11\/tuerkguecuebosnien06-1024x768.jpg\" alt=\"\" class=\"wp-image-29046\" srcset=\"https:\/\/insideamateurfussball-ffm.de\/wp-content\/uploads\/2025\/11\/tuerkguecuebosnien06-1024x768.jpg 1024w, https:\/\/insideamateurfussball-ffm.de\/wp-content\/uploads\/2025\/11\/tuerkguecuebosnien06-300x225.jpg 300w, https:\/\/insideamateurfussball-ffm.de\/wp-content\/uploads\/2025\/11\/tuerkguecuebosnien06-768x576.jpg 768w, https:\/\/insideamateurfussball-ffm.de\/wp-content\/uploads\/2025\/11\/tuerkguecuebosnien06-1536x1152.jpg 1536w, https:\/\/insideamateurfussball-ffm.de\/wp-content\/uploads\/2025\/11\/tuerkguecuebosnien06.jpg 2016w\" sizes=\"auto, (max-width: 1024px) 100vw, 1024px\" \/><\/figure>\n\n\n\n<figure class=\"wp-block-image size-large\"><img loading=\"lazy\" decoding=\"async\" width=\"1024\" height=\"768\" src=\"http:\/\/insideamateurfussball-ffm.de\/wp-content\/uploads\/2025\/11\/tuerkguecuebosnien00-1024x768.jpg\" alt=\"\" class=\"wp-image-29040\" srcset=\"https:\/\/insideamateurfussball-ffm.de\/wp-content\/uploads\/2025\/11\/tuerkguecuebosnien00-1024x768.jpg 1024w, https:\/\/insideamateurfussball-ffm.de\/wp-content\/uploads\/2025\/11\/tuerkguecuebosnien00-300x225.jpg 300w, https:\/\/insideamateurfussball-ffm.de\/wp-content\/uploads\/2025\/11\/tuerkguecuebosnien00-768x576.jpg 768w, https:\/\/insideamateurfussball-ffm.de\/wp-content\/uploads\/2025\/11\/tuerkguecuebosnien00-1536x1152.jpg 1536w, https:\/\/insideamateurfussball-ffm.de\/wp-content\/uploads\/2025\/11\/tuerkguecuebosnien00.jpg 2016w\" sizes=\"auto, (max-width: 1024px) 100vw, 1024px\" \/><\/figure>\n\n\n\n<figure class=\"wp-block-image size-large\"><img loading=\"lazy\" decoding=\"async\" width=\"1024\" height=\"768\" src=\"http:\/\/insideamateurfussball-ffm.de\/wp-content\/uploads\/2025\/11\/tuerkguecuebosnien07-1024x768.jpg\" alt=\"\" class=\"wp-image-29047\" srcset=\"https:\/\/insideamateurfussball-ffm.de\/wp-content\/uploads\/2025\/11\/tuerkguecuebosnien07-1024x768.jpg 1024w, https:\/\/insideamateurfussball-ffm.de\/wp-content\/uploads\/2025\/11\/tuerkguecuebosnien07-300x225.jpg 300w, https:\/\/insideamateurfussball-ffm.de\/wp-content\/uploads\/2025\/11\/tuerkguecuebosnien07-768x576.jpg 768w, https:\/\/insideamateurfussball-ffm.de\/wp-content\/uploads\/2025\/11\/tuerkguecuebosnien07-1536x1152.jpg 1536w, https:\/\/insideamateurfussball-ffm.de\/wp-content\/uploads\/2025\/11\/tuerkguecuebosnien07.jpg 2016w\" sizes=\"auto, (max-width: 1024px) 100vw, 1024px\" \/><\/figure>\n\n\n\n<figure class=\"wp-block-image size-large\"><img loading=\"lazy\" decoding=\"async\" width=\"1024\" height=\"768\" src=\"http:\/\/insideamateurfussball-ffm.de\/wp-content\/uploads\/2025\/11\/tuerkguecuebosnien08-1024x768.jpg\" alt=\"\" class=\"wp-image-29048\" srcset=\"https:\/\/insideamateurfussball-ffm.de\/wp-content\/uploads\/2025\/11\/tuerkguecuebosnien08-1024x768.jpg 1024w, https:\/\/insideamateurfussball-ffm.de\/wp-content\/uploads\/2025\/11\/tuerkguecuebosnien08-300x225.jpg 300w, https:\/\/insideamateurfussball-ffm.de\/wp-content\/uploads\/2025\/11\/tuerkguecuebosnien08-768x576.jpg 768w, https:\/\/insideamateurfussball-ffm.de\/wp-content\/uploads\/2025\/11\/tuerkguecuebosnien08-1536x1152.jpg 1536w, https:\/\/insideamateurfussball-ffm.de\/wp-content\/uploads\/2025\/11\/tuerkguecuebosnien08.jpg 2016w\" sizes=\"auto, (max-width: 1024px) 100vw, 1024px\" \/><\/figure>\n\n\n\n<figure class=\"wp-block-image size-large\"><img loading=\"lazy\" decoding=\"async\" width=\"1024\" height=\"768\" src=\"http:\/\/insideamateurfussball-ffm.de\/wp-content\/uploads\/2025\/11\/tuerkguecuebosnien09-1024x768.jpg\" alt=\"\" class=\"wp-image-29049\" srcset=\"https:\/\/insideamateurfussball-ffm.de\/wp-content\/uploads\/2025\/11\/tuerkguecuebosnien09-1024x768.jpg 1024w, https:\/\/insideamateurfussball-ffm.de\/wp-content\/uploads\/2025\/11\/tuerkguecuebosnien09-300x225.jpg 300w, https:\/\/insideamateurfussball-ffm.de\/wp-content\/uploads\/2025\/11\/tuerkguecuebosnien09-768x576.jpg 768w, https:\/\/insideamateurfussball-ffm.de\/wp-content\/uploads\/2025\/11\/tuerkguecuebosnien09-1536x1152.jpg 1536w, https:\/\/insideamateurfussball-ffm.de\/wp-content\/uploads\/2025\/11\/tuerkguecuebosnien09.jpg 2016w\" sizes=\"auto, (max-width: 1024px) 100vw, 1024px\" \/><\/figure>\n","protected":false},"excerpt":{"rendered":"<p>Der SV Bosnien\/Herzegowina tat sich auf fast unbespielbarem Rasen lange schwer bei T\u00fcrkg\u00fcc\u00fc Frankfurt, um am Ende doch deutlich aufgrund nachlassender Kraft bei den Gastgebern mit 5:1 zu gewinnen. T\u00fcrkg\u00fcc\u00fc Frankfurt &#8211; SV Bosnien\/Herzegowina 1:5 (1:1) Der Platz an der Sondershausenstr. war sehr grenzwertig und kaum bespielbar, vor allen Dingen, weil nach dem Regen am [&hellip;]<\/p>\n","protected":false},"author":3,"featured_media":29050,"comment_status":"closed","ping_status":"open","sticky":true,"template":"","format":"standard","meta":{"footnotes":""},"categories":[13],"tags":[],"class_list":["post-29037","post","type-post","status-publish","format-standard","has-post-thumbnail","hentry","category-gruppenliga-frankfurt-west"],"_links":{"self":[{"href":"https:\/\/insideamateurfussball-ffm.de\/index.php?rest_route=\/wp\/v2\/posts\/29037","targetHints":{"allow":["GET"]}}],"collection":[{"href":"https:\/\/insideamateurfussball-ffm.de\/index.php?rest_route=\/wp\/v2\/posts"}],"about":[{"href":"https:\/\/insideamateurfussball-ffm.de\/index.php?rest_route=\/wp\/v2\/types\/post"}],"author":[{"embeddable":true,"href":"https:\/\/insideamateurfussball-ffm.de\/index.php?rest_route=\/wp\/v2\/users\/3"}],"replies":[{"embeddable":true,"href":"https:\/\/insideamateurfussball-ffm.de\/index.php?rest_route=%2Fwp%2Fv2%2Fcomments&post=29037"}],"version-history":[{"count":3,"href":"https:\/\/insideamateurfussball-ffm.de\/index.php?rest_route=\/wp\/v2\/posts\/29037\/revisions"}],"predecessor-version":[{"id":29052,"href":"https:\/\/insideamateurfussball-ffm.de\/index.php?rest_route=\/wp\/v2\/posts\/29037\/revisions\/29052"}],"wp:featuredmedia":[{"embeddable":true,"href":"https:\/\/insideamateurfussball-ffm.de\/index.php?rest_route=\/wp\/v2\/media\/29050"}],"wp:attachment":[{"href":"https:\/\/insideamateurfussball-ffm.de\/index.php?rest_route=%2Fwp%2Fv2%2Fmedia&parent=29037"}],"wp:term":[{"taxonomy":"category","embeddable":true,"href":"https:\/\/insideamateurfussball-ffm.de\/index.php?rest_route=%2Fwp%2Fv2%2Fcategories&post=29037"},{"taxonomy":"post_tag","embeddable":true,"href":"https:\/\/insideamateurfussball-ffm.de\/index.php?rest_route=%2Fwp%2Fv2%2Ftags&post=29037"}],"curies":[{"name":"wp","href":"https:\/\/api.w.org\/{rel}","templated":true}]}}