{"id":29034,"date":"2025-11-03T15:21:37","date_gmt":"2025-11-03T14:21:37","guid":{"rendered":"https:\/\/insideamateurfussball-ffm.de\/?p=29034"},"modified":"2025-11-03T15:21:37","modified_gmt":"2025-11-03T14:21:37","slug":"oberrad-verteidigt-platz-2-durch-sieg-in-stierstadt","status":"publish","type":"post","link":"https:\/\/insideamateurfussball-ffm.de\/?p=29034","title":{"rendered":"Oberrad verteidigt Platz 2 durch Sieg in Stierstadt"},"content":{"rendered":"<h4>Die Spvgg. 05 Oberrad behauptete den Relegationsplatz in der Gruppenliga durch einen verdienten 4:2-Sieg beim FV Stierstadt, der auf Platz 6 liegend bisher eine gute Saison spielt.<\/h4>\n<figure id=\"attachment_28080\" aria-describedby=\"caption-attachment-28080\" style=\"width: 910px\" class=\"wp-caption alignnone\"><img loading=\"lazy\" decoding=\"async\" class=\"wp-image-28080 size-full\" src=\"http:\/\/insideamateurfussball-ffm.de\/wp-content\/uploads\/2025\/09\/bosn-ober22.jpg\" alt=\"\" width=\"910\" height=\"654\" srcset=\"https:\/\/insideamateurfussball-ffm.de\/wp-content\/uploads\/2025\/09\/bosn-ober22.jpg 910w, https:\/\/insideamateurfussball-ffm.de\/wp-content\/uploads\/2025\/09\/bosn-ober22-300x216.jpg 300w, https:\/\/insideamateurfussball-ffm.de\/wp-content\/uploads\/2025\/09\/bosn-ober22-768x552.jpg 768w\" sizes=\"auto, (max-width: 910px) 100vw, 910px\" \/><figcaption id=\"caption-attachment-28080\" class=\"wp-caption-text\">Oberrad spielt weiter vorne mit, Bremerich (10) erzielte ein tolles Freisto\u00dftor. Foto: Archiv Mithat G\u00fcrser<\/figcaption><\/figure>\n<h4>FV Stierstadt &#8211; Spvgg. 05 Oberrad 2:4 (1:3)<\/h4>\n<p><img loading=\"lazy\" decoding=\"async\" class=\"alignnone size-full wp-image-3054\" src=\"http:\/\/insideamateurfussball-ffm.de\/wp-content\/uploads\/2022\/10\/Stierstadt.png\" alt=\"\" width=\"80\" height=\"80\" \/><img loading=\"lazy\" decoding=\"async\" class=\"alignnone size-full wp-image-137\" src=\"http:\/\/insideamateurfussball-ffm.de\/wp-content\/uploads\/2022\/05\/Oberrad05.jpg\" alt=\"\" width=\"79\" height=\"80\" \/><\/p>\n<p>Erster \u201eVerfolger\u201c des SV Bosnien\/Herzegowina bei 10 Punkten R\u00fcckstand bleibt die Spvgg. 05 Oberrad, die ein schwieriges Spiel beim FV Stierstadt gewinnen konnte. Es war nach Aussagen von Trainer Maximilian Schmidt ein \u201egutes Spiel von beiden Seiten\u201c, bei dem Oberrad mehr Ballbesitz und Spielanteile hatte und seine Tore sch\u00f6n herausspielte. In der 10.Minute gingen die G\u00e4ste mit 1:0 in F\u00fchrung, nach einer Hereingabe stand Benoni Mebrathu am langen Pfosten richtig und schob den Ball ein.<\/p>\n<p>Der FV Stierstadt kam in der 25.Minute zum Ausgleich, als Joshua Lyzcarz nach einem Freisto\u00df von Luan lauer den Abpraller verwerten konnte. Doch die Oberr\u00e4der antworteten in der 36.Minute, nach einer erneuten Hereingabe \u00fcber die Au\u00dfen spitzelte Kenneth Malm den Ball im F\u00fcnfmeterraum am Torwart vorbei zur erneuten F\u00fchrung ins Netz. Und noch vor der Pause erh\u00f6hte David Bremerich durch einen hervorragend geschossenen Freisto\u00df auf 3:1 (44.).<\/p>\n<p>In der 56.Minute dann die Vorentscheidung, als Abwehrmann Timo Becker den Ball zum 4:1 in den Maschen des Stierst\u00e4dter Tores versenkte. Die Gastgeber versuchten alles, doch sie schw\u00e4chten sich in der 81.Minute selbst, als Joshua Lyzcarz nach einer gelben Karte gegen ihn meckerte und prompt mit gelb-rot vom Platz geschickt wurde. Das waren zwei der vom Schiedsrichter verteilten 13 gelben Karten in einem nach den Worten von Trainer Schmidt \u201efairen Spiel\u201c. In Unterzahl verk\u00fcrzten die Gastgeber dann noch durch Alexander Mastilovic auf 2:4, Trainer Schmidt: \u201edas letzte Tor in \u00dcberzahl war \u00fcberfl\u00fcssig. Wir sind zufrieden und m\u00fcssen uns in dieser Saison vor keinem verstecken, das war ein verdienter Sieg.\u201c Zum Ende der Vorrunde empf\u00e4ngt Oberrad am n\u00e4chsten Sonntag en FC Karben, der zuletzt drei Niederlagen in Folge einstecken musste.<\/p>\n<h4>Schiedsrichter: Sercan K\u00fcnk\u00f6r (SG Eschenburg). Zuschauer: 70.<\/h4>\n<h4>Tore: 0:1 Benoni Mebrathu (10.), 1:1 Joshua Lyzcarz (25.), 1:2 Kenneth Malm (36.), 1:3 David Bremerich (44.), 1:4 Timo Becker (56.), 2:4 Alexander Mastilovic (85.)<\/h4>\n","protected":false},"excerpt":{"rendered":"<p>Die Spvgg. 05 Oberrad behauptete den Relegationsplatz in der Gruppenliga durch einen verdienten 4:2-Sieg beim FV Stierstadt, der auf Platz 6 liegend bisher eine gute Saison spielt. FV Stierstadt &#8211; Spvgg. 05 Oberrad 2:4 (1:3) Erster \u201eVerfolger\u201c des SV Bosnien\/Herzegowina bei 10 Punkten R\u00fcckstand bleibt die Spvgg. 05 Oberrad, die ein schwieriges Spiel beim FV [&hellip;]<\/p>\n","protected":false},"author":3,"featured_media":28080,"comment_status":"closed","ping_status":"open","sticky":true,"template":"","format":"standard","meta":{"footnotes":""},"categories":[13],"tags":[],"class_list":["post-29034","post","type-post","status-publish","format-standard","has-post-thumbnail","hentry","category-gruppenliga-frankfurt-west"],"_links":{"self":[{"href":"https:\/\/insideamateurfussball-ffm.de\/index.php?rest_route=\/wp\/v2\/posts\/29034","targetHints":{"allow":["GET"]}}],"collection":[{"href":"https:\/\/insideamateurfussball-ffm.de\/index.php?rest_route=\/wp\/v2\/posts"}],"about":[{"href":"https:\/\/insideamateurfussball-ffm.de\/index.php?rest_route=\/wp\/v2\/types\/post"}],"author":[{"embeddable":true,"href":"https:\/\/insideamateurfussball-ffm.de\/index.php?rest_route=\/wp\/v2\/users\/3"}],"replies":[{"embeddable":true,"href":"https:\/\/insideamateurfussball-ffm.de\/index.php?rest_route=%2Fwp%2Fv2%2Fcomments&post=29034"}],"version-history":[{"count":2,"href":"https:\/\/insideamateurfussball-ffm.de\/index.php?rest_route=\/wp\/v2\/posts\/29034\/revisions"}],"predecessor-version":[{"id":29036,"href":"https:\/\/insideamateurfussball-ffm.de\/index.php?rest_route=\/wp\/v2\/posts\/29034\/revisions\/29036"}],"wp:featuredmedia":[{"embeddable":true,"href":"https:\/\/insideamateurfussball-ffm.de\/index.php?rest_route=\/wp\/v2\/media\/28080"}],"wp:attachment":[{"href":"https:\/\/insideamateurfussball-ffm.de\/index.php?rest_route=%2Fwp%2Fv2%2Fmedia&parent=29034"}],"wp:term":[{"taxonomy":"category","embeddable":true,"href":"https:\/\/insideamateurfussball-ffm.de\/index.php?rest_route=%2Fwp%2Fv2%2Fcategories&post=29034"},{"taxonomy":"post_tag","embeddable":true,"href":"https:\/\/insideamateurfussball-ffm.de\/index.php?rest_route=%2Fwp%2Fv2%2Ftags&post=29034"}],"curies":[{"name":"wp","href":"https:\/\/api.w.org\/{rel}","templated":true}]}}