{"id":29031,"date":"2025-11-03T14:49:14","date_gmt":"2025-11-03T13:49:14","guid":{"rendered":"https:\/\/insideamateurfussball-ffm.de\/?p=29031"},"modified":"2025-11-03T14:49:14","modified_gmt":"2025-11-03T13:49:14","slug":"tempo-springt-auf-platz-3","status":"publish","type":"post","link":"https:\/\/insideamateurfussball-ffm.de\/?p=29031","title":{"rendered":"Tempo springt auf Platz 3"},"content":{"rendered":"<h4>Der FC Tempo bleibt die \u00dcberraschung der Saison, durch ein sp\u00e4tes Eigentor des Gegners gewannen die Ginnheimer beim FC Karben mit 1:0 und verbesserten sich in der Tabelle auf Platz 3.<\/h4>\n<figure id=\"attachment_28365\" aria-describedby=\"caption-attachment-28365\" style=\"width: 2016px\" class=\"wp-caption alignnone\"><img loading=\"lazy\" decoding=\"async\" class=\"wp-image-28365 size-full\" src=\"http:\/\/insideamateurfussball-ffm.de\/wp-content\/uploads\/2025\/10\/karbenfechenheim00.jpg\" alt=\"\" width=\"2016\" height=\"1512\" srcset=\"https:\/\/insideamateurfussball-ffm.de\/wp-content\/uploads\/2025\/10\/karbenfechenheim00.jpg 2016w, https:\/\/insideamateurfussball-ffm.de\/wp-content\/uploads\/2025\/10\/karbenfechenheim00-300x225.jpg 300w, https:\/\/insideamateurfussball-ffm.de\/wp-content\/uploads\/2025\/10\/karbenfechenheim00-1024x768.jpg 1024w, https:\/\/insideamateurfussball-ffm.de\/wp-content\/uploads\/2025\/10\/karbenfechenheim00-768x576.jpg 768w, https:\/\/insideamateurfussball-ffm.de\/wp-content\/uploads\/2025\/10\/karbenfechenheim00-1536x1152.jpg 1536w\" sizes=\"auto, (max-width: 2016px) 100vw, 2016px\" \/><figcaption id=\"caption-attachment-28365\" class=\"wp-caption-text\">Der FC Tempo konnte endlich einmal gegen den FC Karben punkten und siegte mit 1:0. Foto: Archiv MZ<\/figcaption><\/figure>\n<h4>FC Karben &#8211; FC Tempo 0:1 (0:0)<\/h4>\n<p><img loading=\"lazy\" decoding=\"async\" class=\"alignnone size-full wp-image-2525\" src=\"http:\/\/insideamateurfussball-ffm.de\/wp-content\/uploads\/2022\/09\/karben.jpg\" alt=\"\" width=\"65\" height=\"80\" \/><img loading=\"lazy\" decoding=\"async\" class=\"alignnone size-full wp-image-31\" src=\"http:\/\/insideamateurfussball-ffm.de\/wp-content\/uploads\/2021\/11\/Tempo.jpg\" alt=\"\" width=\"80\" height=\"80\" \/><\/p>\n<p>Der FC Tempo bleibt weiter in der Verfolgung der Spitzenteams, mit dem 1:0-Sieg beim FC Karben konnte man den Gegner \u00fcberfl\u00fcgeln und sich an Seckbach vorbei auf Platz 3 schieben. Nach dem Aufstieg vor 2 Jahren hatte der FC Tempo alle 4 Spiele gegen den FC Karben verloren, diesmal war man erfolgreich, und das nach den Worten ihres Sportlichen Leiters Zoran Marcetic auch verdient. Viele mitgereiste Zuschauer sahen eine Frankfurter G\u00e4stemannschaft, die in der ersten Halbzeit die besseren Chancen hatte, die Gr\u00f6\u00dfte vergab in der 36.Minute Nikola Dokovic, der den Ball aus kurzer Entfernung am Tor vorbeischoss.<\/p>\n<p>In der zweiten Halbzeit drehte sich das Spiel und die Gastgeber kamen bei mehr Ballbesitz zu einigen Ecken, die am Ende verpufften, beide Torh\u00fcter mussten im Spiel selten eingreifen. Am Ende war es ein Eigentor, welches das Spiel entschied. Nach einer Flanke von Goran Grijak lenkte Felix Kaapke den Ball in der 85.Minute ungl\u00fccklich ins eigene Tor ab, Tempo konnte einen eminent wichtigen Ausw\u00e4rtssieg feiern. Marcetic. \u201ewir haben uns den Sieg erk\u00e4mpft, auch wenn wir zum Sieg ein Eigentor ben\u00f6tigten.\u201c<\/p>\n<p>Zum Abschluss der Vorrunde empf\u00e4ngt der FC Tempo den Aufsteiger SG Wehrheim\/Pfaffenwiesbach und k\u00f6nnte bei einem Sieg die erste H\u00e4lfte der Saison mit 32 Punkten abschlie\u00dfen, damit h\u00e4tte man am Anfang der Saison nicht gerechnet.<\/p>\n<h4>Schiedsrichter: Christian Grieninger (FC Waldems). Zuschauer: 150.<\/h4>\n<h4>Tore: 0:1 Felix Kaapke (85., Eigentor)<\/h4>\n","protected":false},"excerpt":{"rendered":"<p>Der FC Tempo bleibt die \u00dcberraschung der Saison, durch ein sp\u00e4tes Eigentor des Gegners gewannen die Ginnheimer beim FC Karben mit 1:0 und verbesserten sich in der Tabelle auf Platz 3. FC Karben &#8211; FC Tempo 0:1 (0:0) Der FC Tempo bleibt weiter in der Verfolgung der Spitzenteams, mit dem 1:0-Sieg beim FC Karben konnte [&hellip;]<\/p>\n","protected":false},"author":3,"featured_media":28365,"comment_status":"closed","ping_status":"open","sticky":true,"template":"","format":"standard","meta":{"footnotes":""},"categories":[13],"tags":[],"class_list":["post-29031","post","type-post","status-publish","format-standard","has-post-thumbnail","hentry","category-gruppenliga-frankfurt-west"],"_links":{"self":[{"href":"https:\/\/insideamateurfussball-ffm.de\/index.php?rest_route=\/wp\/v2\/posts\/29031","targetHints":{"allow":["GET"]}}],"collection":[{"href":"https:\/\/insideamateurfussball-ffm.de\/index.php?rest_route=\/wp\/v2\/posts"}],"about":[{"href":"https:\/\/insideamateurfussball-ffm.de\/index.php?rest_route=\/wp\/v2\/types\/post"}],"author":[{"embeddable":true,"href":"https:\/\/insideamateurfussball-ffm.de\/index.php?rest_route=\/wp\/v2\/users\/3"}],"replies":[{"embeddable":true,"href":"https:\/\/insideamateurfussball-ffm.de\/index.php?rest_route=%2Fwp%2Fv2%2Fcomments&post=29031"}],"version-history":[{"count":2,"href":"https:\/\/insideamateurfussball-ffm.de\/index.php?rest_route=\/wp\/v2\/posts\/29031\/revisions"}],"predecessor-version":[{"id":29033,"href":"https:\/\/insideamateurfussball-ffm.de\/index.php?rest_route=\/wp\/v2\/posts\/29031\/revisions\/29033"}],"wp:featuredmedia":[{"embeddable":true,"href":"https:\/\/insideamateurfussball-ffm.de\/index.php?rest_route=\/wp\/v2\/media\/28365"}],"wp:attachment":[{"href":"https:\/\/insideamateurfussball-ffm.de\/index.php?rest_route=%2Fwp%2Fv2%2Fmedia&parent=29031"}],"wp:term":[{"taxonomy":"category","embeddable":true,"href":"https:\/\/insideamateurfussball-ffm.de\/index.php?rest_route=%2Fwp%2Fv2%2Fcategories&post=29031"},{"taxonomy":"post_tag","embeddable":true,"href":"https:\/\/insideamateurfussball-ffm.de\/index.php?rest_route=%2Fwp%2Fv2%2Ftags&post=29031"}],"curies":[{"name":"wp","href":"https:\/\/api.w.org\/{rel}","templated":true}]}}