{"id":29017,"date":"2025-11-03T10:46:42","date_gmt":"2025-11-03T09:46:42","guid":{"rendered":"https:\/\/insideamateurfussball-ffm.de\/?p=29017"},"modified":"2025-11-03T10:46:42","modified_gmt":"2025-11-03T09:46:42","slug":"zeilsheim-weiter-in-bedraengnis","status":"publish","type":"post","link":"https:\/\/insideamateurfussball-ffm.de\/?p=29017","title":{"rendered":"Zeilsheim weiter in Bedr\u00e4ngnis"},"content":{"rendered":"<h4>Auch im Ausw\u00e4rtsspiel beim FC Ederbergland konnte der SV Zeilsheim nicht punkten, am Ende verloren die Frankfurter mit 1:3 und stecken weiter im Abstiegskampf.<\/h4>\n<figure id=\"attachment_29018\" aria-describedby=\"caption-attachment-29018\" style=\"width: 1568px\" class=\"wp-caption alignnone\"><img loading=\"lazy\" decoding=\"async\" class=\"wp-image-29018 size-full\" src=\"http:\/\/insideamateurfussball-ffm.de\/wp-content\/uploads\/2025\/11\/15-Dusan-Crnomut-marklierte-den-Anschlusstreffer-fuer-den-SV.jpg\" alt=\"\" width=\"1568\" height=\"1224\" srcset=\"https:\/\/insideamateurfussball-ffm.de\/wp-content\/uploads\/2025\/11\/15-Dusan-Crnomut-marklierte-den-Anschlusstreffer-fuer-den-SV.jpg 1568w, https:\/\/insideamateurfussball-ffm.de\/wp-content\/uploads\/2025\/11\/15-Dusan-Crnomut-marklierte-den-Anschlusstreffer-fuer-den-SV-300x234.jpg 300w, https:\/\/insideamateurfussball-ffm.de\/wp-content\/uploads\/2025\/11\/15-Dusan-Crnomut-marklierte-den-Anschlusstreffer-fuer-den-SV-1024x799.jpg 1024w, https:\/\/insideamateurfussball-ffm.de\/wp-content\/uploads\/2025\/11\/15-Dusan-Crnomut-marklierte-den-Anschlusstreffer-fuer-den-SV-768x600.jpg 768w, https:\/\/insideamateurfussball-ffm.de\/wp-content\/uploads\/2025\/11\/15-Dusan-Crnomut-marklierte-den-Anschlusstreffer-fuer-den-SV-1536x1199.jpg 1536w\" sizes=\"auto, (max-width: 1568px) 100vw, 1568px\" \/><figcaption id=\"caption-attachment-29018\" class=\"wp-caption-text\">Dusan Crnomut markierte den Anschlusstreffer f\u00fcr den SV. Foto: Verein<\/figcaption><\/figure>\n<h4>FC Ederbergland &#8211; SV 1919 Zeilsheim 3:1 (3:0)<\/h4>\n<p><img loading=\"lazy\" decoding=\"async\" class=\"alignnone size-full wp-image-3686\" src=\"http:\/\/insideamateurfussball-ffm.de\/wp-content\/uploads\/2022\/11\/Ederbergland.jpg\" alt=\"\" width=\"80\" height=\"80\" \/><img loading=\"lazy\" decoding=\"async\" class=\"alignnone size-full wp-image-20302\" src=\"http:\/\/insideamateurfussball-ffm.de\/wp-content\/uploads\/2024\/08\/logo-zeilsheim.jpeg\" alt=\"\" width=\"68\" height=\"80\" \/><\/p>\n<p>(Battenberg, 01.11.2025). Zeilsheim liegt fr\u00fch in Ederbergland zur\u00fcck! Der Anschlusstreffer zum 1:3 kam zu sp\u00e4t. Die Mannschaft von Trainer Robert Schick musste auf Grund der ersten 30 Minuten erneut eine Niederlage hinnehmen. Die Gastgeber legten eindrucksvoll los und gingen fr\u00fch in F\u00fchrung. Der SV wirkte in der Defensive \u00fcberfordert und verstand es nicht, die gegnerischen Angriffe zu unterbinden. &#8222;In der 1. Halbzeit waren wir nicht gut im Pressing und Ederbergland war uns da deutlich \u00fcberlegen\u201c, r\u00e4umte Zeilsheims Vorsitzender Peter Strauch ein.<\/p>\n<p>\u201eDie 3:0-F\u00fchrung f\u00fcr den FCE war nicht unverdient\u201c gewesen. Nach dem Seitenwechsel zeigten sich die \u201eGr\u00fcnen\u201c Zeilsheim deutlich verbessert. Die G\u00e4ste \u00fcbernahmen immer mehr Initiative und kamen in der 78. Minute durch Dusan Crnomut zum verdienten &#8211; aber zu sp\u00e4ten &#8211; Anschlusstreffer. \u201eIm 2. Spielabschnitt waren wir endlich im Spiel und haben selbst Akzente setzen k\u00f6nnen\u201c, sah Strauch sein Team verbessert.<\/p>\n<p>W\u00e4re der Treffer etwas eher gefallen, \u201eh\u00e4tte es noch einmal interessant werden k\u00f6nnen\u201c. Trotz der Niederlage sieht Strauch auch Positives: \u201eWir mussten uns auf Grund der 1. Halbzeit zwar geschlagen geben, aber die zweiten 45 Minuten geben Anlass f\u00fcr Optimismus.\u201c Am kommenden Sonntag kommt nun Liganeuling VfR 07 Limburg an die Lenzenbergtra\u00dfe, eine weitere M\u00f6glichkeit f\u00fcr den SV, wichtige Punkten einzufahren.<\/p>\n<p>So spielte der SV: Paul Siegers, Mikael Neway, Tobias Werther, Dominique Jourdan, Dino Kurbegovic, Askar Said Sadah, Takuto Tanaka (70. Vladimir Trucic, ab 75. Belal Dashti), Andre Flie\u00df (K), Dusan Crnomut, Dariyan Demir (46. Dominik Ortega Tapia), Jannik Lacayo (20. Arian Selmani).<\/p>\n<h4>Tore<strong>:<\/strong> 1:0 Simon Mitze (9.), 2:0 Eric Fuchs (20.), 3:0 Lamin Kamara (32.), 3:1 Dusan Crnomut (78.).<\/h4>\n<h4>Schiedsrichter: Daniel Losinski.<\/h4>\n\n\n<p><\/p>\n","protected":false},"excerpt":{"rendered":"<p>Auch im Ausw\u00e4rtsspiel beim FC Ederbergland konnte der SV Zeilsheim nicht punkten, am Ende verloren die Frankfurter mit 1:3 und stecken weiter im Abstiegskampf. FC Ederbergland &#8211; SV 1919 Zeilsheim 3:1 (3:0) (Battenberg, 01.11.2025). Zeilsheim liegt fr\u00fch in Ederbergland zur\u00fcck! Der Anschlusstreffer zum 1:3 kam zu sp\u00e4t. Die Mannschaft von Trainer Robert Schick musste auf [&hellip;]<\/p>\n","protected":false},"author":3,"featured_media":29018,"comment_status":"closed","ping_status":"open","sticky":true,"template":"","format":"standard","meta":{"footnotes":""},"categories":[32],"tags":[],"class_list":["post-29017","post","type-post","status-publish","format-standard","has-post-thumbnail","hentry","category-verbandsliga-mitte"],"_links":{"self":[{"href":"https:\/\/insideamateurfussball-ffm.de\/index.php?rest_route=\/wp\/v2\/posts\/29017","targetHints":{"allow":["GET"]}}],"collection":[{"href":"https:\/\/insideamateurfussball-ffm.de\/index.php?rest_route=\/wp\/v2\/posts"}],"about":[{"href":"https:\/\/insideamateurfussball-ffm.de\/index.php?rest_route=\/wp\/v2\/types\/post"}],"author":[{"embeddable":true,"href":"https:\/\/insideamateurfussball-ffm.de\/index.php?rest_route=\/wp\/v2\/users\/3"}],"replies":[{"embeddable":true,"href":"https:\/\/insideamateurfussball-ffm.de\/index.php?rest_route=%2Fwp%2Fv2%2Fcomments&post=29017"}],"version-history":[{"count":2,"href":"https:\/\/insideamateurfussball-ffm.de\/index.php?rest_route=\/wp\/v2\/posts\/29017\/revisions"}],"predecessor-version":[{"id":29020,"href":"https:\/\/insideamateurfussball-ffm.de\/index.php?rest_route=\/wp\/v2\/posts\/29017\/revisions\/29020"}],"wp:featuredmedia":[{"embeddable":true,"href":"https:\/\/insideamateurfussball-ffm.de\/index.php?rest_route=\/wp\/v2\/media\/29018"}],"wp:attachment":[{"href":"https:\/\/insideamateurfussball-ffm.de\/index.php?rest_route=%2Fwp%2Fv2%2Fmedia&parent=29017"}],"wp:term":[{"taxonomy":"category","embeddable":true,"href":"https:\/\/insideamateurfussball-ffm.de\/index.php?rest_route=%2Fwp%2Fv2%2Fcategories&post=29017"},{"taxonomy":"post_tag","embeddable":true,"href":"https:\/\/insideamateurfussball-ffm.de\/index.php?rest_route=%2Fwp%2Fv2%2Ftags&post=29017"}],"curies":[{"name":"wp","href":"https:\/\/api.w.org\/{rel}","templated":true}]}}