{"id":28987,"date":"2025-10-30T22:22:18","date_gmt":"2025-10-30T21:22:18","guid":{"rendered":"https:\/\/insideamateurfussball-ffm.de\/?p=28987"},"modified":"2025-10-30T22:23:18","modified_gmt":"2025-10-30T21:23:18","slug":"tsg-frankfurter-berg-weiter-ohne-verlustpunkt","status":"publish","type":"post","link":"https:\/\/insideamateurfussball-ffm.de\/?p=28987","title":{"rendered":"TSG Frankfurter Berg weiter ohne Verlustpunkt"},"content":{"rendered":"<h5><span style=\"font-size: 16px;\">Die TSG Frankfurter Berg gewann auch ihr elftes Spiel in dieser Saison mit 5:0 beim SV 07 Heddernheim II und steht mit der optimalen Ausbeute von 33 Punkten und 80:9 Toren souver\u00e4n an der Tabellenspitze der Kreisliga B Gruppe 1 gefolgt vom FV 09 Eschersheim (30 Punkte aus 12 Spielen) und Corumspor (29 Punkte aus 11 Spielen).\u00a0<\/span><\/h5>\n<figure id=\"attachment_28988\" aria-describedby=\"caption-attachment-28988\" style=\"width: 150px\" class=\"wp-caption alignleft\"><img loading=\"lazy\" decoding=\"async\" class=\"wp-image-28988 size-thumbnail\" src=\"http:\/\/insideamateurfussball-ffm.de\/wp-content\/uploads\/2025\/10\/hedd2-5-150x150.jpg\" alt=\"\" width=\"150\" height=\"150\" \/><figcaption id=\"caption-attachment-28988\" class=\"wp-caption-text\">Berg-Torj\u00e4ger Erik Schmidt erzielte einen Hattrick. Foto: Mithat G\u00fcrser.<\/figcaption><\/figure>\n<h5><span style=\"font-size: 16px;\">SV 07 Heddernheim II &#8211; TSG Frankfurter Berg 0:5 (0:0)<\/span><\/h5>\n<p><img loading=\"lazy\" decoding=\"async\" class=\"alignnone size-full wp-image-302\" src=\"http:\/\/insideamateurfussball-ffm.de\/wp-content\/uploads\/2022\/05\/1sv07_news2_4511-1.jpg\" alt=\"\" width=\"80\" height=\"80\" \/><img loading=\"lazy\" decoding=\"async\" class=\"alignnone size-full wp-image-288\" src=\"http:\/\/insideamateurfussball-ffm.de\/wp-content\/uploads\/2022\/05\/Berg-1.jpg\" alt=\"\" width=\"74\" height=\"80\" \/><\/p>\n<p><span style=\"font-size: 16px;\">Fast eine Stunde lang hielt das Heimteam von Trainer Rocco Conti die Null gegen den souver\u00e4nen Spitzenreiter und Aufstiegsanw\u00e4rter Nummer eins. Die Mannschaft von Trainer Dirk Kessler war spielbestimmend, konnte aber diese \u00dcberlegenheit nicht in Tore umm\u00fcnzen. Bis Torj\u00e4ger Erik Schmidt zuschlug und mit einem lupenreinen Hattrick in 19 Minuten (58.\/67.\/77.) das Spiel auf die Seite der G\u00e4ste zog. <\/span><\/p>\n<p><span style=\"font-size: 16px;\">Dem 1,98 Meter gro\u00dfe Angreifer, der die komplette Jugendabteilung des &#8222;Berg&#8220; durchlief und mit 19 Jahren in seinem ersten Seniorenjahr mit 23 Toren die Torj\u00e4gerliste anf\u00fchrt, sollen bereits einige Angebote vorliegen, um zu einem h\u00f6herklassigen Verein zu wechseln. <\/span><\/p>\n<p><span style=\"font-size: 16px;\">M\u00f6glicherweise will der St\u00fcrmer das erstmal gar nicht, sondern seinen Verein nach langer Abstinenz in die A-Klasse schie\u00dfen. Nach seiner Auswechslung mit Standing Ovations durch die zahlreich mitgereisten Anh\u00e4nger trafen noch Ignacio Mosquera Macarena (78.) und Sadik Z\u00fclk\u00fcfl\u00fc (79.) im Minutentakt gegen einen SVH II, der sich in der letzten halben Stunde unter Wert verkaufte und mit 20 Punkten Rang sechs belegt.\u00a0 <\/span><\/p>\n<ul>\n<li><span style=\"font-size: 16px;\"><strong>Schiedsrichter: Cagri \u00d6zkan (FV Alemannia Nied). <\/strong><\/span><\/li>\n<li><span style=\"font-size: 16px;\"><strong>Zuschauer: 90. <\/strong><\/span><\/li>\n<li><span style=\"font-size: 16px;\"><strong>Tore: 0:1, 0:2, 0:3 Erik Schmidt (58.\/67.\/77.), 0:4 Ignacio Mosquera Macarena (78.), 0:5 Sadik Z\u00fclf\u00fckl\u00fc (79.).<\/strong><\/span><\/li>\n<li><span style=\"font-size: 16px;\"><strong> Bildergalerie: Mithat G\u00fcrser machte hier im Rahmen des Fototermins noch einige Spielbilder.\u00a0 <\/strong>\u00a0<\/span><\/li>\n<\/ul>\n\n\n<figure class=\"wp-block-image size-full\"><img loading=\"lazy\" decoding=\"async\" width=\"777\" height=\"567\" src=\"https:\/\/insideamateurfussball-ffm.de\/wp-content\/uploads\/2025\/10\/hedd2-11.jpg\" alt=\"\" class=\"wp-image-28989\" srcset=\"https:\/\/insideamateurfussball-ffm.de\/wp-content\/uploads\/2025\/10\/hedd2-11.jpg 777w, https:\/\/insideamateurfussball-ffm.de\/wp-content\/uploads\/2025\/10\/hedd2-11-300x219.jpg 300w, https:\/\/insideamateurfussball-ffm.de\/wp-content\/uploads\/2025\/10\/hedd2-11-768x560.jpg 768w\" sizes=\"auto, (max-width: 777px) 100vw, 777px\" \/><\/figure>\n\n\n\n<figure class=\"wp-block-gallery has-nested-images columns-default is-cropped wp-block-gallery-1 is-layout-flex wp-block-gallery-is-layout-flex\">\n<figure class=\"wp-block-image size-large\"><img loading=\"lazy\" decoding=\"async\" width=\"886\" height=\"666\" data-id=\"28990\" src=\"https:\/\/insideamateurfussball-ffm.de\/wp-content\/uploads\/2025\/10\/hedd2-3.jpg\" alt=\"\" class=\"wp-image-28990\" srcset=\"https:\/\/insideamateurfussball-ffm.de\/wp-content\/uploads\/2025\/10\/hedd2-3.jpg 886w, https:\/\/insideamateurfussball-ffm.de\/wp-content\/uploads\/2025\/10\/hedd2-3-300x226.jpg 300w, https:\/\/insideamateurfussball-ffm.de\/wp-content\/uploads\/2025\/10\/hedd2-3-768x577.jpg 768w\" sizes=\"auto, (max-width: 886px) 100vw, 886px\" \/><\/figure>\n<\/figure>\n\n\n\n<figure class=\"wp-block-gallery has-nested-images columns-default is-cropped wp-block-gallery-2 is-layout-flex wp-block-gallery-is-layout-flex\">\n<figure class=\"wp-block-image size-large\"><img loading=\"lazy\" decoding=\"async\" width=\"886\" height=\"551\" data-id=\"28991\" src=\"https:\/\/insideamateurfussball-ffm.de\/wp-content\/uploads\/2025\/10\/hedd2-8.jpg\" alt=\"\" class=\"wp-image-28991\" srcset=\"https:\/\/insideamateurfussball-ffm.de\/wp-content\/uploads\/2025\/10\/hedd2-8.jpg 886w, https:\/\/insideamateurfussball-ffm.de\/wp-content\/uploads\/2025\/10\/hedd2-8-300x187.jpg 300w, https:\/\/insideamateurfussball-ffm.de\/wp-content\/uploads\/2025\/10\/hedd2-8-768x478.jpg 768w\" sizes=\"auto, (max-width: 886px) 100vw, 886px\" \/><\/figure>\n<\/figure>\n\n\n\n<figure class=\"wp-block-gallery has-nested-images columns-default is-cropped wp-block-gallery-3 is-layout-flex wp-block-gallery-is-layout-flex\">\n<figure class=\"wp-block-image size-large\"><img loading=\"lazy\" decoding=\"async\" width=\"886\" height=\"633\" data-id=\"28992\" src=\"https:\/\/insideamateurfussball-ffm.de\/wp-content\/uploads\/2025\/10\/hedd2-1.jpg\" alt=\"\" class=\"wp-image-28992\" srcset=\"https:\/\/insideamateurfussball-ffm.de\/wp-content\/uploads\/2025\/10\/hedd2-1.jpg 886w, https:\/\/insideamateurfussball-ffm.de\/wp-content\/uploads\/2025\/10\/hedd2-1-300x214.jpg 300w, https:\/\/insideamateurfussball-ffm.de\/wp-content\/uploads\/2025\/10\/hedd2-1-768x549.jpg 768w\" sizes=\"auto, (max-width: 886px) 100vw, 886px\" \/><\/figure>\n<\/figure>\n\n\n\n<figure class=\"wp-block-gallery has-nested-images columns-default is-cropped wp-block-gallery-4 is-layout-flex wp-block-gallery-is-layout-flex\">\n<figure class=\"wp-block-image size-large\"><img loading=\"lazy\" decoding=\"async\" width=\"886\" height=\"661\" data-id=\"28993\" src=\"https:\/\/insideamateurfussball-ffm.de\/wp-content\/uploads\/2025\/10\/hedd2-6.jpg\" alt=\"\" class=\"wp-image-28993\" srcset=\"https:\/\/insideamateurfussball-ffm.de\/wp-content\/uploads\/2025\/10\/hedd2-6.jpg 886w, https:\/\/insideamateurfussball-ffm.de\/wp-content\/uploads\/2025\/10\/hedd2-6-300x224.jpg 300w, https:\/\/insideamateurfussball-ffm.de\/wp-content\/uploads\/2025\/10\/hedd2-6-768x573.jpg 768w\" sizes=\"auto, (max-width: 886px) 100vw, 886px\" \/><\/figure>\n<\/figure>\n\n\n\n<figure class=\"wp-block-gallery has-nested-images columns-default is-cropped wp-block-gallery-5 is-layout-flex wp-block-gallery-is-layout-flex\">\n<figure class=\"wp-block-image size-large\"><img loading=\"lazy\" decoding=\"async\" width=\"886\" height=\"641\" data-id=\"28994\" src=\"https:\/\/insideamateurfussball-ffm.de\/wp-content\/uploads\/2025\/10\/hedd-8.jpg\" alt=\"\" class=\"wp-image-28994\" srcset=\"https:\/\/insideamateurfussball-ffm.de\/wp-content\/uploads\/2025\/10\/hedd-8.jpg 886w, https:\/\/insideamateurfussball-ffm.de\/wp-content\/uploads\/2025\/10\/hedd-8-300x217.jpg 300w, https:\/\/insideamateurfussball-ffm.de\/wp-content\/uploads\/2025\/10\/hedd-8-768x556.jpg 768w\" sizes=\"auto, (max-width: 886px) 100vw, 886px\" \/><\/figure>\n<\/figure>\n\n\n\n<figure class=\"wp-block-image size-full\"><img loading=\"lazy\" decoding=\"async\" width=\"886\" height=\"595\" src=\"https:\/\/insideamateurfussball-ffm.de\/wp-content\/uploads\/2025\/10\/hedd2-4.jpg\" alt=\"\" class=\"wp-image-28995\" srcset=\"https:\/\/insideamateurfussball-ffm.de\/wp-content\/uploads\/2025\/10\/hedd2-4.jpg 886w, https:\/\/insideamateurfussball-ffm.de\/wp-content\/uploads\/2025\/10\/hedd2-4-300x201.jpg 300w, https:\/\/insideamateurfussball-ffm.de\/wp-content\/uploads\/2025\/10\/hedd2-4-768x516.jpg 768w\" sizes=\"auto, (max-width: 886px) 100vw, 886px\" \/><\/figure>\n\n\n\n<figure class=\"wp-block-gallery has-nested-images columns-default is-cropped wp-block-gallery-6 is-layout-flex wp-block-gallery-is-layout-flex\">\n<figure class=\"wp-block-image size-large\"><img loading=\"lazy\" decoding=\"async\" width=\"886\" height=\"648\" data-id=\"28996\" src=\"https:\/\/insideamateurfussball-ffm.de\/wp-content\/uploads\/2025\/10\/hedd2-9.jpg\" alt=\"\" class=\"wp-image-28996\" srcset=\"https:\/\/insideamateurfussball-ffm.de\/wp-content\/uploads\/2025\/10\/hedd2-9.jpg 886w, https:\/\/insideamateurfussball-ffm.de\/wp-content\/uploads\/2025\/10\/hedd2-9-300x219.jpg 300w, https:\/\/insideamateurfussball-ffm.de\/wp-content\/uploads\/2025\/10\/hedd2-9-768x562.jpg 768w\" sizes=\"auto, (max-width: 886px) 100vw, 886px\" \/><\/figure>\n<\/figure>\n\n\n\n<figure class=\"wp-block-gallery has-nested-images columns-default is-cropped wp-block-gallery-7 is-layout-flex wp-block-gallery-is-layout-flex\">\n<figure class=\"wp-block-image size-large\"><img loading=\"lazy\" decoding=\"async\" width=\"886\" height=\"628\" data-id=\"28997\" src=\"https:\/\/insideamateurfussball-ffm.de\/wp-content\/uploads\/2025\/10\/hedd2-2.jpg\" alt=\"\" class=\"wp-image-28997\" srcset=\"https:\/\/insideamateurfussball-ffm.de\/wp-content\/uploads\/2025\/10\/hedd2-2.jpg 886w, https:\/\/insideamateurfussball-ffm.de\/wp-content\/uploads\/2025\/10\/hedd2-2-300x213.jpg 300w, https:\/\/insideamateurfussball-ffm.de\/wp-content\/uploads\/2025\/10\/hedd2-2-768x544.jpg 768w\" sizes=\"auto, (max-width: 886px) 100vw, 886px\" \/><\/figure>\n<\/figure>\n\n\n\n<figure class=\"wp-block-gallery has-nested-images columns-default is-cropped wp-block-gallery-8 is-layout-flex wp-block-gallery-is-layout-flex\">\n<figure class=\"wp-block-image size-large\"><img loading=\"lazy\" decoding=\"async\" width=\"886\" height=\"642\" data-id=\"28998\" src=\"https:\/\/insideamateurfussball-ffm.de\/wp-content\/uploads\/2025\/10\/hedd2-7.jpg\" alt=\"\" class=\"wp-image-28998\" srcset=\"https:\/\/insideamateurfussball-ffm.de\/wp-content\/uploads\/2025\/10\/hedd2-7.jpg 886w, https:\/\/insideamateurfussball-ffm.de\/wp-content\/uploads\/2025\/10\/hedd2-7-300x217.jpg 300w, https:\/\/insideamateurfussball-ffm.de\/wp-content\/uploads\/2025\/10\/hedd2-7-768x556.jpg 768w\" sizes=\"auto, (max-width: 886px) 100vw, 886px\" \/><\/figure>\n<\/figure>\n\n\n\n<figure class=\"wp-block-gallery has-nested-images columns-default is-cropped wp-block-gallery-9 is-layout-flex wp-block-gallery-is-layout-flex\">\n<figure class=\"wp-block-image size-large\"><img loading=\"lazy\" decoding=\"async\" width=\"886\" height=\"637\" data-id=\"29000\" src=\"https:\/\/insideamateurfussball-ffm.de\/wp-content\/uploads\/2025\/10\/hedd-harh-11.jpg\" alt=\"\" class=\"wp-image-29000\" srcset=\"https:\/\/insideamateurfussball-ffm.de\/wp-content\/uploads\/2025\/10\/hedd-harh-11.jpg 886w, https:\/\/insideamateurfussball-ffm.de\/wp-content\/uploads\/2025\/10\/hedd-harh-11-300x216.jpg 300w, https:\/\/insideamateurfussball-ffm.de\/wp-content\/uploads\/2025\/10\/hedd-harh-11-768x552.jpg 768w\" sizes=\"auto, (max-width: 886px) 100vw, 886px\" \/><\/figure>\n<\/figure>\n\n\n\n<p><\/p>\n","protected":false},"excerpt":{"rendered":"<p>Die TSG Frankfurter Berg gewann auch ihr elftes Spiel in dieser Saison mit 5:0 beim SV 07 Heddernheim II und steht mit der optimalen Ausbeute von 33 Punkten und 80:9 Toren souver\u00e4n an der Tabellenspitze der Kreisliga B Gruppe 1 gefolgt vom FV 09 Eschersheim (30 Punkte aus 12 Spielen) und Corumspor (29 Punkte aus [&hellip;]<\/p>\n","protected":false},"author":1,"featured_media":28988,"comment_status":"closed","ping_status":"closed","sticky":true,"template":"","format":"standard","meta":{"footnotes":""},"categories":[11],"tags":[],"class_list":["post-28987","post","type-post","status-publish","format-standard","has-post-thumbnail","hentry","category-kreisliga-b"],"_links":{"self":[{"href":"https:\/\/insideamateurfussball-ffm.de\/index.php?rest_route=\/wp\/v2\/posts\/28987","targetHints":{"allow":["GET"]}}],"collection":[{"href":"https:\/\/insideamateurfussball-ffm.de\/index.php?rest_route=\/wp\/v2\/posts"}],"about":[{"href":"https:\/\/insideamateurfussball-ffm.de\/index.php?rest_route=\/wp\/v2\/types\/post"}],"author":[{"embeddable":true,"href":"https:\/\/insideamateurfussball-ffm.de\/index.php?rest_route=\/wp\/v2\/users\/1"}],"replies":[{"embeddable":true,"href":"https:\/\/insideamateurfussball-ffm.de\/index.php?rest_route=%2Fwp%2Fv2%2Fcomments&post=28987"}],"version-history":[{"count":2,"href":"https:\/\/insideamateurfussball-ffm.de\/index.php?rest_route=\/wp\/v2\/posts\/28987\/revisions"}],"predecessor-version":[{"id":29002,"href":"https:\/\/insideamateurfussball-ffm.de\/index.php?rest_route=\/wp\/v2\/posts\/28987\/revisions\/29002"}],"wp:featuredmedia":[{"embeddable":true,"href":"https:\/\/insideamateurfussball-ffm.de\/index.php?rest_route=\/wp\/v2\/media\/28988"}],"wp:attachment":[{"href":"https:\/\/insideamateurfussball-ffm.de\/index.php?rest_route=%2Fwp%2Fv2%2Fmedia&parent=28987"}],"wp:term":[{"taxonomy":"category","embeddable":true,"href":"https:\/\/insideamateurfussball-ffm.de\/index.php?rest_route=%2Fwp%2Fv2%2Fcategories&post=28987"},{"taxonomy":"post_tag","embeddable":true,"href":"https:\/\/insideamateurfussball-ffm.de\/index.php?rest_route=%2Fwp%2Fv2%2Ftags&post=28987"}],"curies":[{"name":"wp","href":"https:\/\/api.w.org\/{rel}","templated":true}]}}