{"id":28979,"date":"2025-10-30T20:48:47","date_gmt":"2025-10-30T19:48:47","guid":{"rendered":"https:\/\/insideamateurfussball-ffm.de\/?p=28979"},"modified":"2025-10-30T20:48:47","modified_gmt":"2025-10-30T19:48:47","slug":"bsc-seit-zwei-monaten-ungeschlagen-und-schon-dritter","status":"publish","type":"post","link":"https:\/\/insideamateurfussball-ffm.de\/?p=28979","title":{"rendered":"BSC seit zwei Monaten ungeschlagen und schon Dritter"},"content":{"rendered":"<h5><span style=\"font-size: 16px;\">Heimlich, still und leise schleicht sich der BSC Schwarz-Wei\u00df 19 an die Spitzenpl\u00e4tze der Tabelle. Nach dem 2:1-Sieg beim Gruppenliga-Absteiger FFV Sportfreunde 04 sind die Schwarz-Wei\u00dfen schon Dritter und nur noch zwei Punkte vom Spitzenduo entfernt.\u00a0<\/span><\/h5>\n<figure id=\"attachment_28980\" aria-describedby=\"caption-attachment-28980\" style=\"width: 150px\" class=\"wp-caption alignleft\"><img loading=\"lazy\" decoding=\"async\" class=\"wp-image-28980 size-thumbnail\" src=\"http:\/\/insideamateurfussball-ffm.de\/wp-content\/uploads\/2025\/10\/bsc19-croa11-1-150x150.jpg\" alt=\"\" width=\"150\" height=\"150\" \/><figcaption id=\"caption-attachment-28980\" class=\"wp-caption-text\">BSC SW 19 beim Torjubel. Foto: Archiv Mithat G\u00fcrser.\u00a0\u00a0<\/figcaption><\/figure>\n<h5><span style=\"font-size: 16px;\">FFV Sportfreunde 04 &#8211; BSC Schwarz-Wei\u00df 19 1:2 (1:1)<\/span><\/h5>\n<p><img loading=\"lazy\" decoding=\"async\" class=\"alignnone size-full wp-image-141\" src=\"http:\/\/insideamateurfussball-ffm.de\/wp-content\/uploads\/2022\/05\/Speuzer.jpg\" alt=\"\" width=\"80\" height=\"80\" \/><img loading=\"lazy\" decoding=\"async\" class=\"alignnone size-full wp-image-285\" src=\"http:\/\/insideamateurfussball-ffm.de\/wp-content\/uploads\/2022\/05\/BSC-19.jpg\" alt=\"\" width=\"80\" height=\"61\" \/><\/p>\n<p><span style=\"font-size: 16px;\">In den Monaten September und Oktober sind die Rosegger-Kicker in acht Pflichtspielen ungeschlagen geblieben. Eine beeindruckende Bilanz f\u00fcr das Team von Trainer Eleyas Kahsay, das durch einen Freisto\u00df von Bilal Chaikhoun aus 30 Metern auf dem Ausweichplatz der Sportfreunde am Rebstock in F\u00fchrung ging (21.). <\/span><\/p>\n<p><span style=\"font-size: 16px;\">Die Gastgeber hielten weiter gut mit und kamen durch Kapit\u00e4n Mourad Aboulmakarim nach einem ungl\u00fccklichem Befreiungsschlag der G\u00e4ste vor der Pause zum Ausgleich (41.). Nach dem Seitenwechsel erzielte BSC-Spieler Tskaloba Zhgenti den Siegtreffer der G\u00e4ste (58.). &#8222;Der BSC war nicht so stark, wir h\u00e4tten gewinnen m\u00fcssen. Die Niederlage ist unverdient&#8220;, bedauerte Melih Yilmaz, der Trainer des Vorletzten der Tabelle.<\/span><\/p>\n<ul>\n<li><strong>&#8222;<span style=\"font-size: 16px;\">Damit wollen wir uns nicht besch\u00e4ftigen und lieber nur von Woche zu Woche nach vorne schauen wohin die Reise uns f\u00fchrt&#8220;(BSC-Trainer Eleyas Kahsay)<\/span><\/strong><\/li>\n<\/ul>\n<p><span style=\"font-size: 16px;\">Sein Gegen\u00fcber Kahsay war nach dem erneuten Sieg bei windigem Wetter zufrieden, lobte aber auch den Kontrahenten: &#8222;Die Speuzer, bewegten sich gut und hatten immer wieder ein paar Aktionen nach vorne. Im gro\u00dfen und ganzen stehen die zu Unrecht da unten, eine gute junge Mannschaft. Loben m\u00f6chte ich aber auch den Schiedsrichter, der hat einen super Job gemacht und alles unter Kontrolle gehabt.&#8220; <\/span><\/p>\n<p><span style=\"font-size: 16px;\">Der BSC nun ein Aufstiegsanw\u00e4rter? &#8222;Wir bleiben bodenst\u00e4ndig. Damit wollen wir uns nicht besch\u00e4ftigen und lieber nur von Woche zu Woche nach vorne schauen wohin die Reise uns f\u00fchrt&#8220;, wiegelte Kahsay ab. N\u00e4chsten Sonntag soll die Serie gegen die SG Westend weiter ausgebaut werden. F\u00fcr die Speuzer geht es zum personell weiter d\u00fcnn besetzten FC Croatia.\u00a0<\/span><\/p>\n<ul>\n<li><strong><span style=\"font-size: 16px;\">Schiedsrichter: Dimitris Sakavaras (Germania Weilbach). <\/span><\/strong><\/li>\n<li><strong><span style=\"font-size: 16px;\">Zuschauer: 30. <\/span><\/strong><\/li>\n<li><strong><span style=\"font-size: 16px;\">Tore: 0:1 Bilal Chaikhoun (21.), 1:1 Mourad Aboulmakarim (41.), 1:2 Tskaloba Zhgenti (58.).<\/span><\/strong><\/li>\n<\/ul>\n","protected":false},"excerpt":{"rendered":"<p>Heimlich, still und leise schleicht sich der BSC Schwarz-Wei\u00df 19 an die Spitzenpl\u00e4tze der Tabelle. Nach dem 2:1-Sieg beim Gruppenliga-Absteiger FFV Sportfreunde 04 sind die Schwarz-Wei\u00dfen schon Dritter und nur noch zwei Punkte vom Spitzenduo entfernt.\u00a0 FFV Sportfreunde 04 &#8211; BSC Schwarz-Wei\u00df 19 1:2 (1:1) In den Monaten September und Oktober sind die Rosegger-Kicker in [&hellip;]<\/p>\n","protected":false},"author":1,"featured_media":28980,"comment_status":"closed","ping_status":"closed","sticky":true,"template":"","format":"standard","meta":{"footnotes":""},"categories":[2],"tags":[],"class_list":["post-28979","post","type-post","status-publish","format-standard","has-post-thumbnail","hentry","category-kreisoberliga-frankfurt"],"_links":{"self":[{"href":"https:\/\/insideamateurfussball-ffm.de\/index.php?rest_route=\/wp\/v2\/posts\/28979","targetHints":{"allow":["GET"]}}],"collection":[{"href":"https:\/\/insideamateurfussball-ffm.de\/index.php?rest_route=\/wp\/v2\/posts"}],"about":[{"href":"https:\/\/insideamateurfussball-ffm.de\/index.php?rest_route=\/wp\/v2\/types\/post"}],"author":[{"embeddable":true,"href":"https:\/\/insideamateurfussball-ffm.de\/index.php?rest_route=\/wp\/v2\/users\/1"}],"replies":[{"embeddable":true,"href":"https:\/\/insideamateurfussball-ffm.de\/index.php?rest_route=%2Fwp%2Fv2%2Fcomments&post=28979"}],"version-history":[{"count":1,"href":"https:\/\/insideamateurfussball-ffm.de\/index.php?rest_route=\/wp\/v2\/posts\/28979\/revisions"}],"predecessor-version":[{"id":28981,"href":"https:\/\/insideamateurfussball-ffm.de\/index.php?rest_route=\/wp\/v2\/posts\/28979\/revisions\/28981"}],"wp:featuredmedia":[{"embeddable":true,"href":"https:\/\/insideamateurfussball-ffm.de\/index.php?rest_route=\/wp\/v2\/media\/28980"}],"wp:attachment":[{"href":"https:\/\/insideamateurfussball-ffm.de\/index.php?rest_route=%2Fwp%2Fv2%2Fmedia&parent=28979"}],"wp:term":[{"taxonomy":"category","embeddable":true,"href":"https:\/\/insideamateurfussball-ffm.de\/index.php?rest_route=%2Fwp%2Fv2%2Fcategories&post=28979"},{"taxonomy":"post_tag","embeddable":true,"href":"https:\/\/insideamateurfussball-ffm.de\/index.php?rest_route=%2Fwp%2Fv2%2Ftags&post=28979"}],"curies":[{"name":"wp","href":"https:\/\/api.w.org\/{rel}","templated":true}]}}