{"id":28908,"date":"2025-10-27T12:00:00","date_gmt":"2025-10-27T11:00:00","guid":{"rendered":"https:\/\/insideamateurfussball-ffm.de\/?p=28908"},"modified":"2025-10-27T19:18:19","modified_gmt":"2025-10-27T18:18:19","slug":"reininger-ebnet-den-weg-fuer-dortelweiler-sieg","status":"publish","type":"post","link":"https:\/\/insideamateurfussball-ffm.de\/?p=28908","title":{"rendered":"Reininger ebnet den Weg f\u00fcr Dortelweiler Sieg"},"content":{"rendered":"<h5><span style=\"font-size: 16px;\">Der SC Dortelweil war im 13 Uhr-Spiel beim SV Rot-Wei\u00df Walldorf II erfolgreich und erreichte bei der Hessenliga-Reserve einen 3:2-Ausw\u00e4rtssieg, womit sich die Wetterauer im Klassement auf Rang zehn verbesserte.\u00a0<\/span><\/h5>\n<figure id=\"attachment_26810\" aria-describedby=\"caption-attachment-26810\" style=\"width: 653px\" class=\"wp-caption alignleft\"><img loading=\"lazy\" decoding=\"async\" class=\"wp-image-26810\" src=\"http:\/\/insideamateurfussball-ffm.de\/wp-content\/uploads\/2025\/07\/mannschaftdortelweil-1024x683.jpg\" alt=\"\" width=\"653\" height=\"435\" srcset=\"https:\/\/insideamateurfussball-ffm.de\/wp-content\/uploads\/2025\/07\/mannschaftdortelweil-1024x683.jpg 1024w, https:\/\/insideamateurfussball-ffm.de\/wp-content\/uploads\/2025\/07\/mannschaftdortelweil-300x200.jpg 300w, https:\/\/insideamateurfussball-ffm.de\/wp-content\/uploads\/2025\/07\/mannschaftdortelweil-768x512.jpg 768w, https:\/\/insideamateurfussball-ffm.de\/wp-content\/uploads\/2025\/07\/mannschaftdortelweil.jpg 1536w\" sizes=\"auto, (max-width: 653px) 100vw, 653px\" \/><figcaption id=\"caption-attachment-26810\" class=\"wp-caption-text\">Der SC Dortelweil gewann ausw\u00e4rts und ist jetzt Zehnter. Foto: Archiv Jan W.\u00a0\u00a0<\/figcaption><\/figure>\n<h5><span style=\"font-size: 16px;\">SV Rot-Wei\u00df Walldorf II &#8211; SC Dortelweil 2:3 (1:2)<\/span><\/h5>\n<p><img loading=\"lazy\" decoding=\"async\" class=\"alignnone size-full wp-image-1074\" src=\"http:\/\/insideamateurfussball-ffm.de\/wp-content\/uploads\/2022\/07\/Walldorf.jpg\" alt=\"\" width=\"80\" height=\"80\" \/><img loading=\"lazy\" decoding=\"async\" class=\"alignnone size-full wp-image-598\" src=\"http:\/\/insideamateurfussball-ffm.de\/wp-content\/uploads\/2022\/06\/Dortelweil.jpg\" alt=\"\" width=\"80\" height=\"80\" \/><\/p>\n<p><span style=\"font-size: 16px;\">Die G\u00e4ste aus dem Bad Vilbeler Stadtteil \u00fcbernahmen auf dem neuen Kunstrasenplatz von Beginn an die Initiative. <\/span><\/p>\n<p><span style=\"font-size: 16px;\">Mit einem direkten Freisto\u00df brachte Maurice Reininger die Dortelweiler in F\u00fchrung (11.).<\/span><\/p>\n<ul>\n<li><strong><span style=\"font-size: 16px;\">Enes Atuk gleicht zum 2:2 aus<\/span><\/strong><\/li>\n<\/ul>\n<p><span style=\"font-size: 16px;\">Reininger traf auch zum 2:0 nach einer schnellen Kombination \u00fcber Moritz Feiler und Philipp W\u00f6rner (26.). Zehn Minuten sp\u00e4ter konnte Shahram Hashemi den Walldorfer Torj\u00e4ger Yannis Severis nur durch ein Foulspiel stoppen. Es gab Foulelfmeter, den Severis zum 1:2 verwandelte (36.). Nach dem Seitenwechsel kam Walldorf II nach einer aktiven Drangphase zum Ausgleich. Auf Zuspiel von Severis traf Enes Atuk zum 2:2 (59.). Mit einem verwandelten Handelfmeter sicherte aber Marvin Strenger doch noch die wichtigen drei Ausw\u00e4rtspunkte (74.) nach vier Spielen ohne Sieg. <\/span><\/p>\n<p><span style=\"font-size: 16px;\">&#8222;Die Walldorfer Spieler sind gut ausgebildet mit einer Spielidee. Wir haben mit Disziplin und Kampfkraft dagegen gehalten und unsere Qualit\u00e4ten umgesetzt&#8220;, kommentierte Dortelweils Trainer G\u00fcltekin Cagritekin das Geschehen. Der Erfolg sei wichtig, &#8222;um in der Entwicklung voranzukommen. Wir hatten in dieser Saison auch nur in zwei Spielen die gleiche Formation aufbieten k\u00f6nnen, von daher fehlt es vor allem an der Eingespieltheit&#8220;, so der SCD-Coach, dessen Team am Sonntag Kickers Offenbach II erwartet.\u00a0<\/span><\/p>\n<ul>\n<li><span style=\"font-size: 16px;\"><strong>Schiedsrichter: Tim Diepold (Spvgg. Ketsch). <\/strong><\/span><\/li>\n<li><span style=\"font-size: 16px;\"><strong>Zuschauer: 100. <\/strong><\/span><\/li>\n<li><span style=\"font-size: 16px;\"><strong>Tore: 0:1, 0:2 Maurice Reininger (11.\/26.), 1:2 Yannis Severis (36.\/Foulelfmeter), 2:2 Enes Atug (59.), 2:3 Marvin Strenger (74.\/Handelfmeter).\u00a0 <\/strong>\u00a0<\/span><\/li>\n<\/ul>\n","protected":false},"excerpt":{"rendered":"<p>Der SC Dortelweil war im 13 Uhr-Spiel beim SV Rot-Wei\u00df Walldorf II erfolgreich und erreichte bei der Hessenliga-Reserve einen 3:2-Ausw\u00e4rtssieg, womit sich die Wetterauer im Klassement auf Rang zehn verbesserte.\u00a0 SV Rot-Wei\u00df Walldorf II &#8211; SC Dortelweil 2:3 (1:2) Die G\u00e4ste aus dem Bad Vilbeler Stadtteil \u00fcbernahmen auf dem neuen Kunstrasenplatz von Beginn an die [&hellip;]<\/p>\n","protected":false},"author":1,"featured_media":26810,"comment_status":"closed","ping_status":"closed","sticky":true,"template":"","format":"standard","meta":{"footnotes":""},"categories":[10],"tags":[],"class_list":["post-28908","post","type-post","status-publish","format-standard","has-post-thumbnail","hentry","category-verbandsliga-sued"],"_links":{"self":[{"href":"https:\/\/insideamateurfussball-ffm.de\/index.php?rest_route=\/wp\/v2\/posts\/28908","targetHints":{"allow":["GET"]}}],"collection":[{"href":"https:\/\/insideamateurfussball-ffm.de\/index.php?rest_route=\/wp\/v2\/posts"}],"about":[{"href":"https:\/\/insideamateurfussball-ffm.de\/index.php?rest_route=\/wp\/v2\/types\/post"}],"author":[{"embeddable":true,"href":"https:\/\/insideamateurfussball-ffm.de\/index.php?rest_route=\/wp\/v2\/users\/1"}],"replies":[{"embeddable":true,"href":"https:\/\/insideamateurfussball-ffm.de\/index.php?rest_route=%2Fwp%2Fv2%2Fcomments&post=28908"}],"version-history":[{"count":1,"href":"https:\/\/insideamateurfussball-ffm.de\/index.php?rest_route=\/wp\/v2\/posts\/28908\/revisions"}],"predecessor-version":[{"id":28909,"href":"https:\/\/insideamateurfussball-ffm.de\/index.php?rest_route=\/wp\/v2\/posts\/28908\/revisions\/28909"}],"wp:featuredmedia":[{"embeddable":true,"href":"https:\/\/insideamateurfussball-ffm.de\/index.php?rest_route=\/wp\/v2\/media\/26810"}],"wp:attachment":[{"href":"https:\/\/insideamateurfussball-ffm.de\/index.php?rest_route=%2Fwp%2Fv2%2Fmedia&parent=28908"}],"wp:term":[{"taxonomy":"category","embeddable":true,"href":"https:\/\/insideamateurfussball-ffm.de\/index.php?rest_route=%2Fwp%2Fv2%2Fcategories&post=28908"},{"taxonomy":"post_tag","embeddable":true,"href":"https:\/\/insideamateurfussball-ffm.de\/index.php?rest_route=%2Fwp%2Fv2%2Ftags&post=28908"}],"curies":[{"name":"wp","href":"https:\/\/api.w.org\/{rel}","templated":true}]}}