{"id":28888,"date":"2025-10-27T17:23:36","date_gmt":"2025-10-27T16:23:36","guid":{"rendered":"https:\/\/insideamateurfussball-ffm.de\/?p=28888"},"modified":"2025-10-27T17:23:36","modified_gmt":"2025-10-27T16:23:36","slug":"tempo-und-stierstadt-trennen-sich-remis","status":"publish","type":"post","link":"https:\/\/insideamateurfussball-ffm.de\/?p=28888","title":{"rendered":"Tempo und Stierstadt trennen sich Remis"},"content":{"rendered":"<h4>In einem Spiel, in dem jede der beiden Mannschaften den Platz als Sieger h\u00e4tte verlassen k\u00f6nnen, trennten sich der FC Tempo und der FV Stierstadt nach 90 Minuten leistungsgerecht mit 1:1.<\/h4>\n<figure id=\"attachment_27804\" aria-describedby=\"caption-attachment-27804\" style=\"width: 886px\" class=\"wp-caption alignnone\"><img loading=\"lazy\" decoding=\"async\" class=\"wp-image-27804 size-full\" src=\"http:\/\/insideamateurfussball-ffm.de\/wp-content\/uploads\/2025\/09\/koso-temp12.jpg\" alt=\"\" width=\"886\" height=\"599\" srcset=\"https:\/\/insideamateurfussball-ffm.de\/wp-content\/uploads\/2025\/09\/koso-temp12.jpg 886w, https:\/\/insideamateurfussball-ffm.de\/wp-content\/uploads\/2025\/09\/koso-temp12-300x203.jpg 300w, https:\/\/insideamateurfussball-ffm.de\/wp-content\/uploads\/2025\/09\/koso-temp12-768x519.jpg 768w\" sizes=\"auto, (max-width: 886px) 100vw, 886px\" \/><figcaption id=\"caption-attachment-27804\" class=\"wp-caption-text\">Das Tor von Tomislav Stekovic (19) reichte nicht zum Sieg. Foto: Archiv Mithat G\u00fcrser<\/figcaption><\/figure>\n<h4>FC Tempo &#8211; FV Stierstadt 1:1 (0:0)<\/h4>\n<p><img loading=\"lazy\" decoding=\"async\" class=\"alignnone size-full wp-image-31\" src=\"http:\/\/insideamateurfussball-ffm.de\/wp-content\/uploads\/2021\/11\/Tempo.jpg\" alt=\"\" width=\"80\" height=\"80\" \/><img loading=\"lazy\" decoding=\"async\" class=\"alignnone size-full wp-image-3054\" src=\"http:\/\/insideamateurfussball-ffm.de\/wp-content\/uploads\/2022\/10\/Stierstadt.png\" alt=\"\" width=\"80\" height=\"80\" \/><\/p>\n<p>Immerhin 120 Zuschauer sahen bei windigem Herbstwetter ein gutes Spiel zwischen dem FC Tempo und dem FV Stierstadt, in einer ausgeglichenen Partie konnten beide Mannschaften in der ersten Halbzeit vorhandene Chancen nicht nutzen und so ging es mit einem torlosen 0:0 in die Kabinen. Auch in der zweiten Halbzeit dauerte es bis in die letzte Viertelstunde, bis das Spiel noch einmal Fahrt aufnahm. Tomislav Stekovic brachte den FC Tempo in der 79.Minute mit 1:0 in F\u00fchrung, doch auch der FV Stierstadt konnte noch sein Tor erzielen und glich in der 88.Minute durch Nils Jandausch zum 1:1 aus. In der Nachspielzeit hatte erst Stierstadt, dann der FC Tempo noch die M\u00f6glichkeit auf den Lucky Punch, doch es blieb beim 1:1.<\/p>\n<p>Tempos Sportlicher Leiter Zoran Marcetic: \u201ees war ein gutes Spiel, in dem beide Mannschaften h\u00e4tten gewinnen k\u00f6nnen, am Ende d\u00fcrfen aber beide zufrieden sein \u00fcber den einen Punkt.\u201c Der FC Tempo, der derzeit mit bereits 26 erspielten Punkten den 6.Platz belegt, muss am n\u00e4chsten Wochenende zum FC Karben, der nach zwei Niederlagen in Folge auf den vierten Platz abgerutscht ist.<\/p>\n<h4>Schiedsrichter: Daniel Kamnitzer (Spvgg. Eltville). Zuschauer: 120.<\/h4>\n<h4>Tore: 1:0 Tomislav Stekovic (79.), 1:1 Nils Jandausch (88.)<\/h4>\n\n\n<p><\/p>\n","protected":false},"excerpt":{"rendered":"<p>In einem Spiel, in dem jede der beiden Mannschaften den Platz als Sieger h\u00e4tte verlassen k\u00f6nnen, trennten sich der FC Tempo und der FV Stierstadt nach 90 Minuten leistungsgerecht mit 1:1. FC Tempo &#8211; FV Stierstadt 1:1 (0:0) Immerhin 120 Zuschauer sahen bei windigem Herbstwetter ein gutes Spiel zwischen dem FC Tempo und dem FV [&hellip;]<\/p>\n","protected":false},"author":3,"featured_media":27804,"comment_status":"closed","ping_status":"open","sticky":true,"template":"","format":"standard","meta":{"footnotes":""},"categories":[13],"tags":[],"class_list":["post-28888","post","type-post","status-publish","format-standard","has-post-thumbnail","hentry","category-gruppenliga-frankfurt-west"],"_links":{"self":[{"href":"https:\/\/insideamateurfussball-ffm.de\/index.php?rest_route=\/wp\/v2\/posts\/28888","targetHints":{"allow":["GET"]}}],"collection":[{"href":"https:\/\/insideamateurfussball-ffm.de\/index.php?rest_route=\/wp\/v2\/posts"}],"about":[{"href":"https:\/\/insideamateurfussball-ffm.de\/index.php?rest_route=\/wp\/v2\/types\/post"}],"author":[{"embeddable":true,"href":"https:\/\/insideamateurfussball-ffm.de\/index.php?rest_route=\/wp\/v2\/users\/3"}],"replies":[{"embeddable":true,"href":"https:\/\/insideamateurfussball-ffm.de\/index.php?rest_route=%2Fwp%2Fv2%2Fcomments&post=28888"}],"version-history":[{"count":2,"href":"https:\/\/insideamateurfussball-ffm.de\/index.php?rest_route=\/wp\/v2\/posts\/28888\/revisions"}],"predecessor-version":[{"id":28891,"href":"https:\/\/insideamateurfussball-ffm.de\/index.php?rest_route=\/wp\/v2\/posts\/28888\/revisions\/28891"}],"wp:featuredmedia":[{"embeddable":true,"href":"https:\/\/insideamateurfussball-ffm.de\/index.php?rest_route=\/wp\/v2\/media\/27804"}],"wp:attachment":[{"href":"https:\/\/insideamateurfussball-ffm.de\/index.php?rest_route=%2Fwp%2Fv2%2Fmedia&parent=28888"}],"wp:term":[{"taxonomy":"category","embeddable":true,"href":"https:\/\/insideamateurfussball-ffm.de\/index.php?rest_route=%2Fwp%2Fv2%2Fcategories&post=28888"},{"taxonomy":"post_tag","embeddable":true,"href":"https:\/\/insideamateurfussball-ffm.de\/index.php?rest_route=%2Fwp%2Fv2%2Ftags&post=28888"}],"curies":[{"name":"wp","href":"https:\/\/api.w.org\/{rel}","templated":true}]}}