{"id":28885,"date":"2025-10-27T11:13:00","date_gmt":"2025-10-27T10:13:00","guid":{"rendered":"https:\/\/insideamateurfussball-ffm.de\/?p=28885"},"modified":"2025-10-27T18:00:40","modified_gmt":"2025-10-27T17:00:40","slug":"drei-elfmeter-bei-u21-duell-am-boellenfalltor","status":"publish","type":"post","link":"https:\/\/insideamateurfussball-ffm.de\/?p=28885","title":{"rendered":"Drei Elfmeter bei U21-Duell am B\u00f6llenfalltor"},"content":{"rendered":"<h5><span style=\"font-size: 16px;\">Die aus Sicherheitsgr\u00fcnden im Stadion am B\u00f6llenfalltor ausgetragene Hessenliga-Partie zwischen den Zweitvertretungen der Profivereine SV Darmstadt 98 und Eintracht Frankfurt endete 1:1 (0:1). Drei Elfmeter und einen Platzverweis bekamen die 1200 Zuschauer in einer spannenden Begegnung zu sehen, die aufgrund der Versp\u00e4tung des angesetzten Schiedsrichterteams statt wie geplant um 15.30 Uhr erst um 16 Uhr angepfiffen werden konnte.\u00a0<\/span><\/h5>\n<h5><span style=\"font-size: 16px;\" data-wp-editing=\"1\"><img loading=\"lazy\" decoding=\"async\" class=\"alignnone size-full wp-image-28890\" src=\"http:\/\/insideamateurfussball-ffm.de\/wp-content\/uploads\/2025\/10\/Darm-Ein.jpg\" alt=\"\" width=\"676\" height=\"359\" srcset=\"https:\/\/insideamateurfussball-ffm.de\/wp-content\/uploads\/2025\/10\/Darm-Ein.jpg 676w, https:\/\/insideamateurfussball-ffm.de\/wp-content\/uploads\/2025\/10\/Darm-Ein-300x159.jpg 300w\" sizes=\"auto, (max-width: 676px) 100vw, 676px\" \/>\u00a0<\/span><\/h5>\n<h5><span style=\"font-size: 16px;\">Foto Anzeigetafel: EJ.<\/span><\/h5>\n<h5><span style=\"font-size: 16px;\">SV Darmstadt 98 II &#8211; Eintracht Frankfurt II 1:1 (0:1)<\/span><\/h5>\n<p><img loading=\"lazy\" decoding=\"async\" class=\"alignnone size-full wp-image-28905\" src=\"http:\/\/insideamateurfussball-ffm.de\/wp-content\/uploads\/2025\/10\/Darmstadt-98.png\" alt=\"\" width=\"80\" height=\"80\" \/><img loading=\"lazy\" decoding=\"async\" class=\"alignnone size-full wp-image-836\" src=\"http:\/\/insideamateurfussball-ffm.de\/wp-content\/uploads\/2022\/06\/SGE.jpg\" alt=\"\" width=\"79\" height=\"80\" \/><\/p>\n<p><span style=\"font-size: 16px;\">Es war der passende Rahmen f\u00fcr ein sehr gutes Fu\u00dfballspiel, in dem die Eintracht den ersten Foulelfmeter durch Daniel Starodid verwandeln konnte (15.). Ab Minute 39 mussten die G\u00e4ste ohne Abwehrspieler Jeremiah Maluze auskommen, der Mika Schlosser auf dem Weg zum Tor stoppte und wegen &#8222;Notbremse&#8220; die Rote Karte sah. Damit waren die Frankfurter nicht einverstanden, es folgten vehemente Proteste bei Schiedsrichter Rolbetzki. <\/span><\/p>\n<p><span style=\"font-size: 16px;\">In \u00dcberzahl bestimmten die Gastgeber nach dem Seitenwechsel das Spiel, brauchten aber ebenfalls einen Elfmeter zum sp\u00e4ten Ausgleich. St\u00fcrmer Smail Kadrijaj wurde im Strafraum gelegt, der Ex-Hanauer verwandelte selbst zum 1:1 (85.). Zum Schluss gab es in der Nachspielzeit noch einen dritten Elfmeter, nachdem Starodid nach einem Konter von Lilien-Kapit\u00e4n Markus Ballmert gefoult wurde.<\/span><\/p>\n<ul>\n<li><strong><span style=\"font-size: 16px;\">Freitag SV Hummetroth &#8211; Eintracht Frankfurt II<\/span><\/strong><\/li>\n<\/ul>\n<p><span style=\"font-size: 16px;\">Der Frankfurter Torj\u00e4ger scheiterte aber an SVD-Torh\u00fcter Til Rohde (90.\/+2). Damit liegt Eintracht II in der Tabelle mit nun einem mehr ausgetragenen Spiel einen Punkt vor dem FC Eddersheim. Das Topspiel gegen den Main-Taunus-Club h\u00e4tte eigentlich an diesem Wochenende stattfinden sollen, wurde aber zugunsten einer sicheren Austragung des U21-Duells der Proficlubs auf 10. Dezember verschoben. Die Zentrale Informationstelle f\u00fcr Sporteins\u00e4tze (ZIS) hatte die Austragung parallel zu einem Bundesligaheimspiel von Eintracht Frankfurt (2:0 am Samstag gegen den FC St. Pauli) angeordnet, um Problemfans der Ultraszene der Eintracht vom Spielbesuch am B\u00f6llenfalltor abzuhalten, die aber ohnehin bei Spielen der U21 nicht organisiert in Erscheinung treten. <\/span><\/p>\n<p><span style=\"font-size: 16px;\">Am Freitag gastiert Eintracht II beim ambitionierten Aufsteiger und Tabellendritten SV Hummetroth (20 Uhr). Um 19.30 Uhr erwartet der FC Eddersheim die G\u00e4ste von T\u00fcrk G\u00fcc\u00fc Friedberg.<\/span><\/p>\n<ul>\n<li><span style=\"font-size: 16px;\"><strong>Schiedsrichter: Marcus Rolbetzki (FSV Schr\u00f6ck). <\/strong><\/span><\/li>\n<li><span style=\"font-size: 16px;\"><strong>Zuschauer: 1200. <\/strong><\/span><\/li>\n<li><span style=\"font-size: 16px;\"><strong>Tore: 0:1 Daniel Starodid (15.\/Foulelfmeter), 1:1 Smail Kadrijaj (85.\/Foulelfmeter).\u00a0 <\/strong>\u00a0\u00a0<\/span><\/li>\n<\/ul>\n","protected":false},"excerpt":{"rendered":"<p>Die aus Sicherheitsgr\u00fcnden im Stadion am B\u00f6llenfalltor ausgetragene Hessenliga-Partie zwischen den Zweitvertretungen der Profivereine SV Darmstadt 98 und Eintracht Frankfurt endete 1:1 (0:1). Drei Elfmeter und einen Platzverweis bekamen die 1200 Zuschauer in einer spannenden Begegnung zu sehen, die aufgrund der Versp\u00e4tung des angesetzten Schiedsrichterteams statt wie geplant um 15.30 Uhr erst um 16 Uhr [&hellip;]<\/p>\n","protected":false},"author":1,"featured_media":28890,"comment_status":"closed","ping_status":"closed","sticky":true,"template":"","format":"standard","meta":{"footnotes":""},"categories":[8],"tags":[],"class_list":["post-28885","post","type-post","status-publish","format-standard","has-post-thumbnail","hentry","category-hessenliga"],"_links":{"self":[{"href":"https:\/\/insideamateurfussball-ffm.de\/index.php?rest_route=\/wp\/v2\/posts\/28885","targetHints":{"allow":["GET"]}}],"collection":[{"href":"https:\/\/insideamateurfussball-ffm.de\/index.php?rest_route=\/wp\/v2\/posts"}],"about":[{"href":"https:\/\/insideamateurfussball-ffm.de\/index.php?rest_route=\/wp\/v2\/types\/post"}],"author":[{"embeddable":true,"href":"https:\/\/insideamateurfussball-ffm.de\/index.php?rest_route=\/wp\/v2\/users\/1"}],"replies":[{"embeddable":true,"href":"https:\/\/insideamateurfussball-ffm.de\/index.php?rest_route=%2Fwp%2Fv2%2Fcomments&post=28885"}],"version-history":[{"count":2,"href":"https:\/\/insideamateurfussball-ffm.de\/index.php?rest_route=\/wp\/v2\/posts\/28885\/revisions"}],"predecessor-version":[{"id":28907,"href":"https:\/\/insideamateurfussball-ffm.de\/index.php?rest_route=\/wp\/v2\/posts\/28885\/revisions\/28907"}],"wp:featuredmedia":[{"embeddable":true,"href":"https:\/\/insideamateurfussball-ffm.de\/index.php?rest_route=\/wp\/v2\/media\/28890"}],"wp:attachment":[{"href":"https:\/\/insideamateurfussball-ffm.de\/index.php?rest_route=%2Fwp%2Fv2%2Fmedia&parent=28885"}],"wp:term":[{"taxonomy":"category","embeddable":true,"href":"https:\/\/insideamateurfussball-ffm.de\/index.php?rest_route=%2Fwp%2Fv2%2Fcategories&post=28885"},{"taxonomy":"post_tag","embeddable":true,"href":"https:\/\/insideamateurfussball-ffm.de\/index.php?rest_route=%2Fwp%2Fv2%2Ftags&post=28885"}],"curies":[{"name":"wp","href":"https:\/\/api.w.org\/{rel}","templated":true}]}}