{"id":28882,"date":"2025-10-27T17:11:57","date_gmt":"2025-10-27T16:11:57","guid":{"rendered":"https:\/\/insideamateurfussball-ffm.de\/?p=28882"},"modified":"2025-10-27T17:11:57","modified_gmt":"2025-10-27T16:11:57","slug":"kosova-bezwingt-tuerkguecue-mit-3-ademi-toren","status":"publish","type":"post","link":"https:\/\/insideamateurfussball-ffm.de\/?p=28882","title":{"rendered":"Kosova bezwingt T\u00fcrkg\u00fcc\u00fc mit 3 Ademi-Toren"},"content":{"rendered":"<h4>Der FC Kosova besiegt T\u00fcrkg\u00fcc\u00fc Frankfurt mit 5:2 und setzt sich weiter ins Mittelfeld ab, w\u00e4hrend T\u00fcrkg\u00fcc\u00fc mit Interimstrainer Murat Tiryaki die 10.Niederlage in 11 Spielen erlitt und in gro\u00dfer Abstiegsnot steckt.<\/h4>\n<figure id=\"attachment_27803\" aria-describedby=\"caption-attachment-27803\" style=\"width: 886px\" class=\"wp-caption alignnone\"><img loading=\"lazy\" decoding=\"async\" class=\"wp-image-27803 size-full\" src=\"http:\/\/insideamateurfussball-ffm.de\/wp-content\/uploads\/2025\/09\/koso-temp10.jpg\" alt=\"\" width=\"886\" height=\"589\" srcset=\"https:\/\/insideamateurfussball-ffm.de\/wp-content\/uploads\/2025\/09\/koso-temp10.jpg 886w, https:\/\/insideamateurfussball-ffm.de\/wp-content\/uploads\/2025\/09\/koso-temp10-300x199.jpg 300w, https:\/\/insideamateurfussball-ffm.de\/wp-content\/uploads\/2025\/09\/koso-temp10-768x511.jpg 768w\" sizes=\"auto, (max-width: 886px) 100vw, 886px\" \/><figcaption id=\"caption-attachment-27803\" class=\"wp-caption-text\">F\u00fcnfmal durfte der FC Kosova am Sonntag \u00fcber eigene Tore jubeln. Foto: Archiv Mithat G\u00fcrser<\/figcaption><\/figure>\n<h4>FC Kosova &#8211; T\u00fcrkg\u00fcc\u00fc Frankfurt 5:2 (1:0)<\/h4>\n<p><img loading=\"lazy\" decoding=\"async\" class=\"alignnone size-full wp-image-9\" src=\"http:\/\/insideamateurfussball-ffm.de\/wp-content\/uploads\/2021\/11\/Kosova.jpg\" alt=\"\" width=\"65\" height=\"80\" \/><img loading=\"lazy\" decoding=\"async\" class=\"alignnone size-full wp-image-17\" src=\"http:\/\/insideamateurfussball-ffm.de\/wp-content\/uploads\/2021\/11\/Tuerkguecue.jpg\" alt=\"\" width=\"72\" height=\"80\" \/><\/p>\n<p>Faton Ademi war der Mann des Tages auf Seiten des FC Kosova, mit seinen drei Toren erschoss er T\u00fcrkg\u00fcc\u00fc Frankfurt fast im Alleingang. Es dauerte bis zur 26.Minute, ehe Ademi die Gastgeber mit 1:0 in Front brachte, beim FC Kosova steigen mittlerweile auch die personellen Alternativen, so konnte Argjend Mustafa zum ersten Mal nach seiner Verletzung wieder von Anfang an anlaufen. Die ersten 20 Minuten hatten die Gastgeber Probleme, ins Spiel zu kommen, doch danach dominierten sie das Match, das mit dem knappen 1:0 in die Pause ging.<\/p>\n<p>Nach einer Stunde brachten Raisa Zalla und Ademi Kosova durch einen Doppelpack in der der 62. und 63.Minute mit 3:0 in F\u00fchrung, danach lie\u00dfen es die Gastgeber etwas ruhiger angehen, was dann auch bestraft wurde. Denn Terry Danso brachte durch zwei Tore in der 69. und 73.Minute T\u00fcrkg\u00fcc\u00fc wieder auf 2:3 heran, ehe Kosova wieder einen Zahn zulegte und durch Ademi in der 84.Minute mit dem 4:2 die Vorentscheidung erzielte. Das Spiel hatte dann noch ein besonderes Highlight parat, in der 88.Minute bekam nach langer Verletzung Vereinsikone Flakron Thaci noch ein paar Einsatzminuten, er wurde mit gro\u00dfem Beifall der Zuschauer eingewechselt. Und Thaci brauchte nur 4 Minuten, um sein 13.Saisontor zu erzielen, unter gro\u00dfem Jubel erzielte er in der 2.Minute der Nachspielzeit den 5:2-Endstand.<\/p>\n<p>Der FC Kosova liegt mit 17 Punkten derzeit auf Platz 12 der Tabelle, w\u00e4hrend T\u00fcrkg\u00fcc\u00fc Frankfurt mit nur 10 Punkten auf Platz 15 liegt, was nach Ber\u00fccksichtigung der Minuspunkte von Germania derzeit den Relegationsplatz bedeuten w\u00fcrde. T\u00fcrkg\u00fcc\u00fcs Interimstrainer Tiryaki nach dem Spiel: \u201eder Sieg f\u00fcr Kosova geht in Ordnung, wir waren nicht gierig genug. Wir m\u00f6chten uns beim Gastgeber f\u00fcr die Gastfreundschaft bedanken, wir wurden toll empfangen.\u201c<\/p>\n<p>Kosovas Trainer Erc\u00fcment Sahin dagegen war stolz auf seine Truppe. \u201ewir wollen bodenst\u00e4ndig bleiben und weiter hart arbeiten, die ersten 20 Minuten hatten wir etwas Schwierigkeiten, was T\u00fcrkg\u00fcc\u00fc nicht ausgenutzt hat, danach war der Sieg verdient. Nach dem 3:0 war bei uns etwas die Spannung raus, aber nach dem 2:3 ist die Mannschaft ph\u00e4nomenal zur\u00fcckgekommen.\u201c W\u00e4hrend der FC Kosova am n\u00e4chsten Sonntag zum Tabellenletzten FC Kaichen muss, empf\u00e4ngt T\u00fcrkg\u00fcc\u00fc Frankfurt den Spitzenreiter, den SV Bosnien\/Herzegowina.<\/p>\n<h4>Schiedsrichter: Christian Vogel (TuS Kernel). Zuschauer: 100.<\/h4>\n<h4>Tore: 1:0 Faton Ademi (26.), 2:0 Raisi Zalla (62.), 3:0 Faton Ademi (63.), 3:1 Terry Danso (69.), 3:2 Terry Danso (73.), 4:2 Faton Ademi (84.), 5:2 Flakron Thaci (90.+2)<\/h4>\n","protected":false},"excerpt":{"rendered":"<p>Der FC Kosova besiegt T\u00fcrkg\u00fcc\u00fc Frankfurt mit 5:2 und setzt sich weiter ins Mittelfeld ab, w\u00e4hrend T\u00fcrkg\u00fcc\u00fc mit Interimstrainer Murat Tiryaki die 10.Niederlage in 11 Spielen erlitt und in gro\u00dfer Abstiegsnot steckt. FC Kosova &#8211; T\u00fcrkg\u00fcc\u00fc Frankfurt 5:2 (1:0) Faton Ademi war der Mann des Tages auf Seiten des FC Kosova, mit seinen drei Toren [&hellip;]<\/p>\n","protected":false},"author":3,"featured_media":27803,"comment_status":"closed","ping_status":"open","sticky":true,"template":"","format":"standard","meta":{"footnotes":""},"categories":[13],"tags":[],"class_list":["post-28882","post","type-post","status-publish","format-standard","has-post-thumbnail","hentry","category-gruppenliga-frankfurt-west"],"_links":{"self":[{"href":"https:\/\/insideamateurfussball-ffm.de\/index.php?rest_route=\/wp\/v2\/posts\/28882","targetHints":{"allow":["GET"]}}],"collection":[{"href":"https:\/\/insideamateurfussball-ffm.de\/index.php?rest_route=\/wp\/v2\/posts"}],"about":[{"href":"https:\/\/insideamateurfussball-ffm.de\/index.php?rest_route=\/wp\/v2\/types\/post"}],"author":[{"embeddable":true,"href":"https:\/\/insideamateurfussball-ffm.de\/index.php?rest_route=\/wp\/v2\/users\/3"}],"replies":[{"embeddable":true,"href":"https:\/\/insideamateurfussball-ffm.de\/index.php?rest_route=%2Fwp%2Fv2%2Fcomments&post=28882"}],"version-history":[{"count":1,"href":"https:\/\/insideamateurfussball-ffm.de\/index.php?rest_route=\/wp\/v2\/posts\/28882\/revisions"}],"predecessor-version":[{"id":28883,"href":"https:\/\/insideamateurfussball-ffm.de\/index.php?rest_route=\/wp\/v2\/posts\/28882\/revisions\/28883"}],"wp:featuredmedia":[{"embeddable":true,"href":"https:\/\/insideamateurfussball-ffm.de\/index.php?rest_route=\/wp\/v2\/media\/27803"}],"wp:attachment":[{"href":"https:\/\/insideamateurfussball-ffm.de\/index.php?rest_route=%2Fwp%2Fv2%2Fmedia&parent=28882"}],"wp:term":[{"taxonomy":"category","embeddable":true,"href":"https:\/\/insideamateurfussball-ffm.de\/index.php?rest_route=%2Fwp%2Fv2%2Fcategories&post=28882"},{"taxonomy":"post_tag","embeddable":true,"href":"https:\/\/insideamateurfussball-ffm.de\/index.php?rest_route=%2Fwp%2Fv2%2Ftags&post=28882"}],"curies":[{"name":"wp","href":"https:\/\/api.w.org\/{rel}","templated":true}]}}