{"id":28876,"date":"2025-10-27T15:44:03","date_gmt":"2025-10-27T14:44:03","guid":{"rendered":"https:\/\/insideamateurfussball-ffm.de\/?p=28876"},"modified":"2025-10-27T15:44:03","modified_gmt":"2025-10-27T14:44:03","slug":"zeilsheim-kassiert-erneute-niederlage","status":"publish","type":"post","link":"https:\/\/insideamateurfussball-ffm.de\/?p=28876","title":{"rendered":"Zeilsheim kassiert erneute Niederlage"},"content":{"rendered":"<h4>Der SV Zeilsheim ist endg\u00fcltig im Abstiegskampf angekommen, nach dem Sieg gegen Breidenbach folgte eine 0:3-Heimniederlage gegen den FC Waldbrunn, wodurch die Mannschaft auf den 14.Tabellenplatz abrutschte.<\/h4>\n<figure id=\"attachment_28877\" aria-describedby=\"caption-attachment-28877\" style=\"width: 1320px\" class=\"wp-caption alignnone\"><img loading=\"lazy\" decoding=\"async\" class=\"wp-image-28877 size-full\" src=\"http:\/\/insideamateurfussball-ffm.de\/wp-content\/uploads\/2025\/10\/14-Leonardo-Bianco-schwaechte-sein-Team.jpg\" alt=\"\" width=\"1320\" height=\"984\" srcset=\"https:\/\/insideamateurfussball-ffm.de\/wp-content\/uploads\/2025\/10\/14-Leonardo-Bianco-schwaechte-sein-Team.jpg 1320w, https:\/\/insideamateurfussball-ffm.de\/wp-content\/uploads\/2025\/10\/14-Leonardo-Bianco-schwaechte-sein-Team-300x224.jpg 300w, https:\/\/insideamateurfussball-ffm.de\/wp-content\/uploads\/2025\/10\/14-Leonardo-Bianco-schwaechte-sein-Team-1024x763.jpg 1024w, https:\/\/insideamateurfussball-ffm.de\/wp-content\/uploads\/2025\/10\/14-Leonardo-Bianco-schwaechte-sein-Team-768x573.jpg 768w\" sizes=\"auto, (max-width: 1320px) 100vw, 1320px\" \/><figcaption id=\"caption-attachment-28877\" class=\"wp-caption-text\">Leonardo Bianco schw\u00e4chte sein Team. Foto: Verein<\/figcaption><\/figure>\n<h4>SV 1919 Zeilsheim \u2013 FC Waldbrunn 0:3 (0:1)<\/h4>\n<p><img loading=\"lazy\" decoding=\"async\" class=\"alignnone size-full wp-image-20302\" src=\"http:\/\/insideamateurfussball-ffm.de\/wp-content\/uploads\/2024\/08\/logo-zeilsheim.jpeg\" alt=\"\" width=\"68\" height=\"80\" \/><img loading=\"lazy\" decoding=\"async\" class=\"alignnone size-full wp-image-2769\" src=\"http:\/\/insideamateurfussball-ffm.de\/wp-content\/uploads\/2022\/09\/Waldbrunn.jpg\" alt=\"\" width=\"80\" height=\"80\" \/><\/p>\n<p>(Zeilsheim, 26.10.2025). Dem 3:1 Erfolg in der Vorwoche gegen Breidenbach konnten die Zeilsheimer keinen weiteren Sieg folgen lassen. Dabei fing das Spiel f\u00fcr den SV vielversprechend an. &#8222;Wir waren gut im Spiel&#8220;, fand Zeilsheims Vorsitzender Peter Strauch. Mit einem Schuss aus 16 Metern traf Dominik Ortega Tapia den Pfosten (22.). Auf der anderen Seite macht es Waldbrunns Yuki Iwamoto besser, und traf nach Balleroberung (35.).<\/p>\n<p>Als sich Zeilsheims Leonardo Bianco dann wegen Meckerns mit Gelb\/Rot vom Platz stellen lie\u00df, agierten die \u201eGr\u00fcnen\u201c ab der 63. Min. in Unterzahl. Dennoch bot sich Ortega Tapia nach Pass von Andre Flie\u00df die Chance zum Ausgleich, doch er brachte den Ball nicht im Tor unter. Stattdessen traf Luis R\u00f6der (Abstauber nach Eckball (74.) und erneut Iwamoto (87.) zum Endstand. Strauch redet nun auch erstmals von Abstiegskampf. &#8222;Mit der Niederlage nun muss man der Mannschaft klar machen, dass es jetzt gegen den Abstieg geht. Es bleibt abzuwarten, ob die Mannschaft, die h\u00f6here Ambitionen hatte, Abstiegskampf kann?\u00a0 Ab sofort gilt: &#8222;Wir m\u00fcssen uns jetzt P\u00fcnktchen f\u00fcr P\u00fcnktchen da unten rausk\u00e4mpfen&#8220; sagt Strauch.<\/p>\n<p>So spielte der SV: Paul Siegers, Leonardo Bianco, Tobias Werther, Dominique Jourdan, Askar Said Sadah, Arian Selmani (61. Dino Kurbegovic), Takuto Tanaka (87. Demir Dariyan, Andre Flie\u00df (K), Dusan Crnomut, Dominik Ortega-Tapia (70. Vladimir Trucic), Jannik Lacayo (77. Dorian Miric).<\/p>\n<h4><strong>Tore:<\/strong> 0:1, 0:3 Yuki Iwamoto (35., 87.), 0:2 Louis R\u00f6der (74.)<\/h4>\n<h4>Schiedsrichter: Maximilian Martin (Gro\u00df-Gerau).<\/h4>\n","protected":false},"excerpt":{"rendered":"<p>Der SV Zeilsheim ist endg\u00fcltig im Abstiegskampf angekommen, nach dem Sieg gegen Breidenbach folgte eine 0:3-Heimniederlage gegen den FC Waldbrunn, wodurch die Mannschaft auf den 14.Tabellenplatz abrutschte. SV 1919 Zeilsheim \u2013 FC Waldbrunn 0:3 (0:1) (Zeilsheim, 26.10.2025). Dem 3:1 Erfolg in der Vorwoche gegen Breidenbach konnten die Zeilsheimer keinen weiteren Sieg folgen lassen. Dabei fing [&hellip;]<\/p>\n","protected":false},"author":3,"featured_media":28877,"comment_status":"closed","ping_status":"open","sticky":true,"template":"","format":"standard","meta":{"footnotes":""},"categories":[32],"tags":[],"class_list":["post-28876","post","type-post","status-publish","format-standard","has-post-thumbnail","hentry","category-verbandsliga-mitte"],"_links":{"self":[{"href":"https:\/\/insideamateurfussball-ffm.de\/index.php?rest_route=\/wp\/v2\/posts\/28876","targetHints":{"allow":["GET"]}}],"collection":[{"href":"https:\/\/insideamateurfussball-ffm.de\/index.php?rest_route=\/wp\/v2\/posts"}],"about":[{"href":"https:\/\/insideamateurfussball-ffm.de\/index.php?rest_route=\/wp\/v2\/types\/post"}],"author":[{"embeddable":true,"href":"https:\/\/insideamateurfussball-ffm.de\/index.php?rest_route=\/wp\/v2\/users\/3"}],"replies":[{"embeddable":true,"href":"https:\/\/insideamateurfussball-ffm.de\/index.php?rest_route=%2Fwp%2Fv2%2Fcomments&post=28876"}],"version-history":[{"count":2,"href":"https:\/\/insideamateurfussball-ffm.de\/index.php?rest_route=\/wp\/v2\/posts\/28876\/revisions"}],"predecessor-version":[{"id":28879,"href":"https:\/\/insideamateurfussball-ffm.de\/index.php?rest_route=\/wp\/v2\/posts\/28876\/revisions\/28879"}],"wp:featuredmedia":[{"embeddable":true,"href":"https:\/\/insideamateurfussball-ffm.de\/index.php?rest_route=\/wp\/v2\/media\/28877"}],"wp:attachment":[{"href":"https:\/\/insideamateurfussball-ffm.de\/index.php?rest_route=%2Fwp%2Fv2%2Fmedia&parent=28876"}],"wp:term":[{"taxonomy":"category","embeddable":true,"href":"https:\/\/insideamateurfussball-ffm.de\/index.php?rest_route=%2Fwp%2Fv2%2Fcategories&post=28876"},{"taxonomy":"post_tag","embeddable":true,"href":"https:\/\/insideamateurfussball-ffm.de\/index.php?rest_route=%2Fwp%2Fv2%2Ftags&post=28876"}],"curies":[{"name":"wp","href":"https:\/\/api.w.org\/{rel}","templated":true}]}}