{"id":28858,"date":"2025-10-27T12:04:10","date_gmt":"2025-10-27T11:04:10","guid":{"rendered":"https:\/\/insideamateurfussball-ffm.de\/?p=28858"},"modified":"2025-10-27T12:04:10","modified_gmt":"2025-10-27T11:04:10","slug":"bornheim-holt-punkt-in-ober-roden","status":"publish","type":"post","link":"https:\/\/insideamateurfussball-ffm.de\/?p=28858","title":{"rendered":"Bornheim holt Punkt in Ober-Roden"},"content":{"rendered":"<h4>Die Bornheimer mussten sich wieder mit einem Remis zufriedengeben, bei der Germania Ober-Roden stand es am Ende 1:1, wobei die G\u00e4ste zum Schluss hin viele Chancen vergaben.<\/h4>\n<figure id=\"attachment_28870\" aria-describedby=\"caption-attachment-28870\" style=\"width: 2560px\" class=\"wp-caption alignnone\"><img loading=\"lazy\" decoding=\"async\" class=\"wp-image-28870 size-full\" src=\"http:\/\/insideamateurfussball-ffm.de\/wp-content\/uploads\/2025\/10\/GermObRoden-SGB_251026-807-scaled.jpg\" alt=\"\" width=\"2560\" height=\"1707\" srcset=\"https:\/\/insideamateurfussball-ffm.de\/wp-content\/uploads\/2025\/10\/GermObRoden-SGB_251026-807-scaled.jpg 2560w, https:\/\/insideamateurfussball-ffm.de\/wp-content\/uploads\/2025\/10\/GermObRoden-SGB_251026-807-300x200.jpg 300w, https:\/\/insideamateurfussball-ffm.de\/wp-content\/uploads\/2025\/10\/GermObRoden-SGB_251026-807-1024x683.jpg 1024w, https:\/\/insideamateurfussball-ffm.de\/wp-content\/uploads\/2025\/10\/GermObRoden-SGB_251026-807-768x512.jpg 768w, https:\/\/insideamateurfussball-ffm.de\/wp-content\/uploads\/2025\/10\/GermObRoden-SGB_251026-807-1536x1024.jpg 1536w, https:\/\/insideamateurfussball-ffm.de\/wp-content\/uploads\/2025\/10\/GermObRoden-SGB_251026-807-2048x1365.jpg 2048w\" sizes=\"auto, (max-width: 2560px) 100vw, 2560px\" \/><figcaption id=\"caption-attachment-28870\" class=\"wp-caption-text\">Lukas Knell schoss bereits sein 12.Saisontor, lie\u00df aber noch zwei Gro\u00dfchancen aus. Foto: Andre Sturmeit<\/figcaption><\/figure>\n<h4>Germania Ober-Roden &#8211; SG Bornheim 1.1 (0:0)<\/h4>\n<p><img loading=\"lazy\" decoding=\"async\" class=\"alignnone size-full wp-image-17592\" src=\"http:\/\/insideamateurfussball-ffm.de\/wp-content\/uploads\/2024\/03\/germania.jpeg\" alt=\"\" width=\"99\" height=\"96\" \/><img loading=\"lazy\" decoding=\"async\" class=\"alignnone size-full wp-image-119\" src=\"http:\/\/insideamateurfussball-ffm.de\/wp-content\/uploads\/2022\/05\/Bornheim.jpg\" alt=\"\" width=\"80\" height=\"80\" \/><\/p>\n<p>Die SG Bornheim verpasste es am Sonntag, weiter an die Spitzengruppe heranzur\u00fccken, doch Trainer Taner Yalcin war am Ende nicht ungl\u00fccklich \u00fcber den einen Punkt bei der Germania aus Ober-Roden. In der ersten Halbzeit war es ein umk\u00e4mpftes Spiel, bei dem die Gastgeber mehr Spielanteile hatten, aber vor dem Tor nicht richtig gef\u00e4hrlich wurden. Die G\u00e4ste kamen nach den Worten ihres Trainers nicht so richtig in die Zweik\u00e4mpfe, sodass es zur Pause 1:1 stand.<\/p>\n<p>In der zweiten Halbzeit stellten die Bornheimer um und wurden fortan griffiger, in der 51.Minute wurde ihnen nach einem Foul an Bilal Zerouali ein Foulelfmeter versagt. Fast im Gegenzug kamen die Gastgeber zum 1:0, Jonas Dapp verl\u00e4ngerte einen langen Ball und Abdulrahman Sancak vollendete zur F\u00fchrung (53.). Es dauerte bis zur 63.Minute, bis die Frankfurter G\u00e4ste ausgleichen konnten, Lukas Knell erlief einen langen Ball und spitzelte ihn am gegnerischen Torwart zum 1:1 ins Netz. Knell hatte zwei weitere gro\u00dfe Chancen, als er allein auf das gegnerische Tor zulief, einmal parierte Ober-Rodens Torh\u00fcter Jerome Czaronek gro\u00dfartig, beim zweiten Mal schoss Knell \u00fcber das Tor. Auch Max Zeller scheiterte freistehend am gegnerischen Torwart, und so blieb es bis zum Schluss beim 1:1, die Gastgeber waren zwar spielbestimmend, die gr\u00f6\u00dferen Chancen hatten allerdings die Bornheimer.<\/p>\n<p>Trainer Yalcin: \u201ewir haben zum Schluss 4 Hundertprozentige liegenlassen und m\u00fcssen mit dem Unentschieden zufrieden sein, nehmen den einen Punkt bei diesen schwierigen Bedingungen aber gerne mit. Wir haben ausw\u00e4rts gepunktet und freuen uns jetzt auf das Spiel in Seligenstadt.\u201c Das Spiel bei den Sportfreunden Seligenstadt findet bereits am n\u00e4chsten Samstag statt, erneut ein Ausw\u00e4rtsspiel auf einem gro\u00dfen Rasenplatz.<\/p>\n<h4>Schiedsrichter: Manuel Abbondanza (1.SC Kohlheck). Zuschauer: 150.<\/h4>\n<h4>Tore: 1:0 Abdulrahman Sancak (53.), 1:1 Lukas Knell (63.)<\/h4>\n<blockquote>\n<h4>F\u00fcr die Bilder bedanken wir uns bei Andre Sturmeit.<\/h4>\n<\/blockquote>\n\n\n<figure class=\"wp-block-image size-large\"><img loading=\"lazy\" decoding=\"async\" width=\"1024\" height=\"683\" src=\"http:\/\/insideamateurfussball-ffm.de\/wp-content\/uploads\/2025\/10\/GermObRoden-SGB_251026-22-1024x683.jpg\" alt=\"\" class=\"wp-image-28859\" srcset=\"https:\/\/insideamateurfussball-ffm.de\/wp-content\/uploads\/2025\/10\/GermObRoden-SGB_251026-22-1024x683.jpg 1024w, https:\/\/insideamateurfussball-ffm.de\/wp-content\/uploads\/2025\/10\/GermObRoden-SGB_251026-22-300x200.jpg 300w, https:\/\/insideamateurfussball-ffm.de\/wp-content\/uploads\/2025\/10\/GermObRoden-SGB_251026-22-768x512.jpg 768w, https:\/\/insideamateurfussball-ffm.de\/wp-content\/uploads\/2025\/10\/GermObRoden-SGB_251026-22-1536x1024.jpg 1536w, https:\/\/insideamateurfussball-ffm.de\/wp-content\/uploads\/2025\/10\/GermObRoden-SGB_251026-22-2048x1365.jpg 2048w\" sizes=\"auto, (max-width: 1024px) 100vw, 1024px\" \/><\/figure>\n\n\n\n<figure class=\"wp-block-image size-large\"><img loading=\"lazy\" decoding=\"async\" width=\"1024\" height=\"683\" src=\"http:\/\/insideamateurfussball-ffm.de\/wp-content\/uploads\/2025\/10\/GermObRoden-SGB_251026-150-1024x683.jpg\" alt=\"\" class=\"wp-image-28860\" srcset=\"https:\/\/insideamateurfussball-ffm.de\/wp-content\/uploads\/2025\/10\/GermObRoden-SGB_251026-150-1024x683.jpg 1024w, https:\/\/insideamateurfussball-ffm.de\/wp-content\/uploads\/2025\/10\/GermObRoden-SGB_251026-150-300x200.jpg 300w, https:\/\/insideamateurfussball-ffm.de\/wp-content\/uploads\/2025\/10\/GermObRoden-SGB_251026-150-768x512.jpg 768w, https:\/\/insideamateurfussball-ffm.de\/wp-content\/uploads\/2025\/10\/GermObRoden-SGB_251026-150-1536x1024.jpg 1536w, https:\/\/insideamateurfussball-ffm.de\/wp-content\/uploads\/2025\/10\/GermObRoden-SGB_251026-150-2048x1365.jpg 2048w\" sizes=\"auto, (max-width: 1024px) 100vw, 1024px\" \/><\/figure>\n\n\n\n<figure class=\"wp-block-image size-large\"><img loading=\"lazy\" decoding=\"async\" width=\"1024\" height=\"683\" src=\"http:\/\/insideamateurfussball-ffm.de\/wp-content\/uploads\/2025\/10\/GermObRoden-SGB_251026-167-1024x683.jpg\" alt=\"\" class=\"wp-image-28861\" srcset=\"https:\/\/insideamateurfussball-ffm.de\/wp-content\/uploads\/2025\/10\/GermObRoden-SGB_251026-167-1024x683.jpg 1024w, https:\/\/insideamateurfussball-ffm.de\/wp-content\/uploads\/2025\/10\/GermObRoden-SGB_251026-167-300x200.jpg 300w, https:\/\/insideamateurfussball-ffm.de\/wp-content\/uploads\/2025\/10\/GermObRoden-SGB_251026-167-768x512.jpg 768w, https:\/\/insideamateurfussball-ffm.de\/wp-content\/uploads\/2025\/10\/GermObRoden-SGB_251026-167-1536x1024.jpg 1536w, https:\/\/insideamateurfussball-ffm.de\/wp-content\/uploads\/2025\/10\/GermObRoden-SGB_251026-167-2048x1365.jpg 2048w\" sizes=\"auto, (max-width: 1024px) 100vw, 1024px\" \/><\/figure>\n\n\n\n<figure class=\"wp-block-image size-large\"><img loading=\"lazy\" decoding=\"async\" width=\"1024\" height=\"682\" src=\"http:\/\/insideamateurfussball-ffm.de\/wp-content\/uploads\/2025\/10\/GermObRoden-SGB_251026-559-1024x682.jpg\" alt=\"\" class=\"wp-image-28867\" srcset=\"https:\/\/insideamateurfussball-ffm.de\/wp-content\/uploads\/2025\/10\/GermObRoden-SGB_251026-559-1024x682.jpg 1024w, https:\/\/insideamateurfussball-ffm.de\/wp-content\/uploads\/2025\/10\/GermObRoden-SGB_251026-559-300x200.jpg 300w, https:\/\/insideamateurfussball-ffm.de\/wp-content\/uploads\/2025\/10\/GermObRoden-SGB_251026-559-768x512.jpg 768w, https:\/\/insideamateurfussball-ffm.de\/wp-content\/uploads\/2025\/10\/GermObRoden-SGB_251026-559-1536x1024.jpg 1536w, https:\/\/insideamateurfussball-ffm.de\/wp-content\/uploads\/2025\/10\/GermObRoden-SGB_251026-559-2048x1365.jpg 2048w\" sizes=\"auto, (max-width: 1024px) 100vw, 1024px\" \/><\/figure>\n\n\n\n<figure class=\"wp-block-image size-large\"><img loading=\"lazy\" decoding=\"async\" width=\"1024\" height=\"683\" src=\"http:\/\/insideamateurfussball-ffm.de\/wp-content\/uploads\/2025\/10\/GermObRoden-SGB_251026-365-1024x683.jpg\" alt=\"\" class=\"wp-image-28863\" srcset=\"https:\/\/insideamateurfussball-ffm.de\/wp-content\/uploads\/2025\/10\/GermObRoden-SGB_251026-365-1024x683.jpg 1024w, https:\/\/insideamateurfussball-ffm.de\/wp-content\/uploads\/2025\/10\/GermObRoden-SGB_251026-365-300x200.jpg 300w, https:\/\/insideamateurfussball-ffm.de\/wp-content\/uploads\/2025\/10\/GermObRoden-SGB_251026-365-768x512.jpg 768w, https:\/\/insideamateurfussball-ffm.de\/wp-content\/uploads\/2025\/10\/GermObRoden-SGB_251026-365-1536x1024.jpg 1536w, https:\/\/insideamateurfussball-ffm.de\/wp-content\/uploads\/2025\/10\/GermObRoden-SGB_251026-365-2048x1365.jpg 2048w\" sizes=\"auto, (max-width: 1024px) 100vw, 1024px\" \/><\/figure>\n\n\n\n<figure class=\"wp-block-image size-large\"><img loading=\"lazy\" decoding=\"async\" width=\"1024\" height=\"671\" src=\"http:\/\/insideamateurfussball-ffm.de\/wp-content\/uploads\/2025\/10\/GermObRoden-SGB_251026-404-1024x671.jpg\" alt=\"\" class=\"wp-image-28864\" srcset=\"https:\/\/insideamateurfussball-ffm.de\/wp-content\/uploads\/2025\/10\/GermObRoden-SGB_251026-404-1024x671.jpg 1024w, https:\/\/insideamateurfussball-ffm.de\/wp-content\/uploads\/2025\/10\/GermObRoden-SGB_251026-404-300x197.jpg 300w, https:\/\/insideamateurfussball-ffm.de\/wp-content\/uploads\/2025\/10\/GermObRoden-SGB_251026-404-768x503.jpg 768w, https:\/\/insideamateurfussball-ffm.de\/wp-content\/uploads\/2025\/10\/GermObRoden-SGB_251026-404-1536x1006.jpg 1536w, https:\/\/insideamateurfussball-ffm.de\/wp-content\/uploads\/2025\/10\/GermObRoden-SGB_251026-404-2048x1342.jpg 2048w\" sizes=\"auto, (max-width: 1024px) 100vw, 1024px\" \/><\/figure>\n\n\n\n<figure class=\"wp-block-image size-large\"><img loading=\"lazy\" decoding=\"async\" width=\"1024\" height=\"683\" src=\"http:\/\/insideamateurfussball-ffm.de\/wp-content\/uploads\/2025\/10\/GermObRoden-SGB_251026-409-1024x683.jpg\" alt=\"\" class=\"wp-image-28865\" srcset=\"https:\/\/insideamateurfussball-ffm.de\/wp-content\/uploads\/2025\/10\/GermObRoden-SGB_251026-409-1024x683.jpg 1024w, https:\/\/insideamateurfussball-ffm.de\/wp-content\/uploads\/2025\/10\/GermObRoden-SGB_251026-409-300x200.jpg 300w, https:\/\/insideamateurfussball-ffm.de\/wp-content\/uploads\/2025\/10\/GermObRoden-SGB_251026-409-768x512.jpg 768w, https:\/\/insideamateurfussball-ffm.de\/wp-content\/uploads\/2025\/10\/GermObRoden-SGB_251026-409-1536x1024.jpg 1536w, https:\/\/insideamateurfussball-ffm.de\/wp-content\/uploads\/2025\/10\/GermObRoden-SGB_251026-409-2048x1365.jpg 2048w\" sizes=\"auto, (max-width: 1024px) 100vw, 1024px\" \/><\/figure>\n\n\n\n<figure class=\"wp-block-image size-large\"><img loading=\"lazy\" decoding=\"async\" width=\"1024\" height=\"683\" src=\"http:\/\/insideamateurfussball-ffm.de\/wp-content\/uploads\/2025\/10\/GermObRoden-SGB_251026-412-1024x683.jpg\" alt=\"\" class=\"wp-image-28866\" srcset=\"https:\/\/insideamateurfussball-ffm.de\/wp-content\/uploads\/2025\/10\/GermObRoden-SGB_251026-412-1024x683.jpg 1024w, https:\/\/insideamateurfussball-ffm.de\/wp-content\/uploads\/2025\/10\/GermObRoden-SGB_251026-412-300x200.jpg 300w, https:\/\/insideamateurfussball-ffm.de\/wp-content\/uploads\/2025\/10\/GermObRoden-SGB_251026-412-768x512.jpg 768w, https:\/\/insideamateurfussball-ffm.de\/wp-content\/uploads\/2025\/10\/GermObRoden-SGB_251026-412-1536x1024.jpg 1536w, https:\/\/insideamateurfussball-ffm.de\/wp-content\/uploads\/2025\/10\/GermObRoden-SGB_251026-412-2048x1365.jpg 2048w\" sizes=\"auto, (max-width: 1024px) 100vw, 1024px\" \/><\/figure>\n\n\n\n<figure class=\"wp-block-image size-large\"><img loading=\"lazy\" decoding=\"async\" width=\"1024\" height=\"682\" src=\"http:\/\/insideamateurfussball-ffm.de\/wp-content\/uploads\/2025\/10\/GermObRoden-SGB_251026-559-1024x682.jpg\" alt=\"\" class=\"wp-image-28867\" srcset=\"https:\/\/insideamateurfussball-ffm.de\/wp-content\/uploads\/2025\/10\/GermObRoden-SGB_251026-559-1024x682.jpg 1024w, https:\/\/insideamateurfussball-ffm.de\/wp-content\/uploads\/2025\/10\/GermObRoden-SGB_251026-559-300x200.jpg 300w, https:\/\/insideamateurfussball-ffm.de\/wp-content\/uploads\/2025\/10\/GermObRoden-SGB_251026-559-768x512.jpg 768w, https:\/\/insideamateurfussball-ffm.de\/wp-content\/uploads\/2025\/10\/GermObRoden-SGB_251026-559-1536x1024.jpg 1536w, https:\/\/insideamateurfussball-ffm.de\/wp-content\/uploads\/2025\/10\/GermObRoden-SGB_251026-559-2048x1365.jpg 2048w\" sizes=\"auto, (max-width: 1024px) 100vw, 1024px\" \/><\/figure>\n\n\n\n<figure class=\"wp-block-image size-large\"><img loading=\"lazy\" decoding=\"async\" width=\"1024\" height=\"683\" src=\"http:\/\/insideamateurfussball-ffm.de\/wp-content\/uploads\/2025\/10\/GermObRoden-SGB_251026-699-1024x683.jpg\" alt=\"\" class=\"wp-image-28868\" srcset=\"https:\/\/insideamateurfussball-ffm.de\/wp-content\/uploads\/2025\/10\/GermObRoden-SGB_251026-699-1024x683.jpg 1024w, https:\/\/insideamateurfussball-ffm.de\/wp-content\/uploads\/2025\/10\/GermObRoden-SGB_251026-699-300x200.jpg 300w, https:\/\/insideamateurfussball-ffm.de\/wp-content\/uploads\/2025\/10\/GermObRoden-SGB_251026-699-768x512.jpg 768w, https:\/\/insideamateurfussball-ffm.de\/wp-content\/uploads\/2025\/10\/GermObRoden-SGB_251026-699-1536x1024.jpg 1536w, https:\/\/insideamateurfussball-ffm.de\/wp-content\/uploads\/2025\/10\/GermObRoden-SGB_251026-699-2048x1365.jpg 2048w\" sizes=\"auto, (max-width: 1024px) 100vw, 1024px\" \/><\/figure>\n\n\n\n<figure class=\"wp-block-image size-large\"><img loading=\"lazy\" decoding=\"async\" width=\"1024\" height=\"683\" src=\"http:\/\/insideamateurfussball-ffm.de\/wp-content\/uploads\/2025\/10\/GermObRoden-SGB_251026-795-1024x683.jpg\" alt=\"\" class=\"wp-image-28869\" srcset=\"https:\/\/insideamateurfussball-ffm.de\/wp-content\/uploads\/2025\/10\/GermObRoden-SGB_251026-795-1024x683.jpg 1024w, https:\/\/insideamateurfussball-ffm.de\/wp-content\/uploads\/2025\/10\/GermObRoden-SGB_251026-795-300x200.jpg 300w, https:\/\/insideamateurfussball-ffm.de\/wp-content\/uploads\/2025\/10\/GermObRoden-SGB_251026-795-768x512.jpg 768w, https:\/\/insideamateurfussball-ffm.de\/wp-content\/uploads\/2025\/10\/GermObRoden-SGB_251026-795-1536x1024.jpg 1536w, https:\/\/insideamateurfussball-ffm.de\/wp-content\/uploads\/2025\/10\/GermObRoden-SGB_251026-795-2048x1365.jpg 2048w\" sizes=\"auto, (max-width: 1024px) 100vw, 1024px\" \/><\/figure>\n\n\n\n<figure class=\"wp-block-image size-large\"><img loading=\"lazy\" decoding=\"async\" width=\"1024\" height=\"683\" src=\"http:\/\/insideamateurfussball-ffm.de\/wp-content\/uploads\/2025\/10\/GermObRoden-SGB_251026-834-1024x683.jpg\" alt=\"\" class=\"wp-image-28871\" srcset=\"https:\/\/insideamateurfussball-ffm.de\/wp-content\/uploads\/2025\/10\/GermObRoden-SGB_251026-834-1024x683.jpg 1024w, https:\/\/insideamateurfussball-ffm.de\/wp-content\/uploads\/2025\/10\/GermObRoden-SGB_251026-834-300x200.jpg 300w, https:\/\/insideamateurfussball-ffm.de\/wp-content\/uploads\/2025\/10\/GermObRoden-SGB_251026-834-768x512.jpg 768w, https:\/\/insideamateurfussball-ffm.de\/wp-content\/uploads\/2025\/10\/GermObRoden-SGB_251026-834-1536x1024.jpg 1536w, https:\/\/insideamateurfussball-ffm.de\/wp-content\/uploads\/2025\/10\/GermObRoden-SGB_251026-834-2048x1365.jpg 2048w\" sizes=\"auto, (max-width: 1024px) 100vw, 1024px\" \/><\/figure>\n\n\n\n<figure class=\"wp-block-image size-large\"><img loading=\"lazy\" decoding=\"async\" width=\"1024\" height=\"683\" src=\"http:\/\/insideamateurfussball-ffm.de\/wp-content\/uploads\/2025\/10\/GermObRoden-SGB_251026-849-1024x683.jpg\" alt=\"\" class=\"wp-image-28872\" srcset=\"https:\/\/insideamateurfussball-ffm.de\/wp-content\/uploads\/2025\/10\/GermObRoden-SGB_251026-849-1024x683.jpg 1024w, https:\/\/insideamateurfussball-ffm.de\/wp-content\/uploads\/2025\/10\/GermObRoden-SGB_251026-849-300x200.jpg 300w, https:\/\/insideamateurfussball-ffm.de\/wp-content\/uploads\/2025\/10\/GermObRoden-SGB_251026-849-768x512.jpg 768w, https:\/\/insideamateurfussball-ffm.de\/wp-content\/uploads\/2025\/10\/GermObRoden-SGB_251026-849-1536x1024.jpg 1536w, https:\/\/insideamateurfussball-ffm.de\/wp-content\/uploads\/2025\/10\/GermObRoden-SGB_251026-849-2048x1365.jpg 2048w\" sizes=\"auto, (max-width: 1024px) 100vw, 1024px\" \/><\/figure>\n\n\n\n<figure class=\"wp-block-image size-large\"><img loading=\"lazy\" decoding=\"async\" width=\"1024\" height=\"683\" src=\"http:\/\/insideamateurfussball-ffm.de\/wp-content\/uploads\/2025\/10\/GermObRoden-SGB_251026-1077-1024x683.jpg\" alt=\"\" class=\"wp-image-28873\" srcset=\"https:\/\/insideamateurfussball-ffm.de\/wp-content\/uploads\/2025\/10\/GermObRoden-SGB_251026-1077-1024x683.jpg 1024w, https:\/\/insideamateurfussball-ffm.de\/wp-content\/uploads\/2025\/10\/GermObRoden-SGB_251026-1077-300x200.jpg 300w, https:\/\/insideamateurfussball-ffm.de\/wp-content\/uploads\/2025\/10\/GermObRoden-SGB_251026-1077-768x512.jpg 768w, https:\/\/insideamateurfussball-ffm.de\/wp-content\/uploads\/2025\/10\/GermObRoden-SGB_251026-1077-1536x1024.jpg 1536w, https:\/\/insideamateurfussball-ffm.de\/wp-content\/uploads\/2025\/10\/GermObRoden-SGB_251026-1077-2048x1365.jpg 2048w\" sizes=\"auto, (max-width: 1024px) 100vw, 1024px\" \/><\/figure>\n","protected":false},"excerpt":{"rendered":"<p>Die Bornheimer mussten sich wieder mit einem Remis zufriedengeben, bei der Germania Ober-Roden stand es am Ende 1:1, wobei die G\u00e4ste zum Schluss hin viele Chancen vergaben. Germania Ober-Roden &#8211; SG Bornheim 1.1 (0:0) Die SG Bornheim verpasste es am Sonntag, weiter an die Spitzengruppe heranzur\u00fccken, doch Trainer Taner Yalcin war am Ende nicht ungl\u00fccklich [&hellip;]<\/p>\n","protected":false},"author":3,"featured_media":28870,"comment_status":"closed","ping_status":"open","sticky":true,"template":"","format":"standard","meta":{"footnotes":""},"categories":[10],"tags":[],"class_list":["post-28858","post","type-post","status-publish","format-standard","has-post-thumbnail","hentry","category-verbandsliga-sued"],"_links":{"self":[{"href":"https:\/\/insideamateurfussball-ffm.de\/index.php?rest_route=\/wp\/v2\/posts\/28858","targetHints":{"allow":["GET"]}}],"collection":[{"href":"https:\/\/insideamateurfussball-ffm.de\/index.php?rest_route=\/wp\/v2\/posts"}],"about":[{"href":"https:\/\/insideamateurfussball-ffm.de\/index.php?rest_route=\/wp\/v2\/types\/post"}],"author":[{"embeddable":true,"href":"https:\/\/insideamateurfussball-ffm.de\/index.php?rest_route=\/wp\/v2\/users\/3"}],"replies":[{"embeddable":true,"href":"https:\/\/insideamateurfussball-ffm.de\/index.php?rest_route=%2Fwp%2Fv2%2Fcomments&post=28858"}],"version-history":[{"count":2,"href":"https:\/\/insideamateurfussball-ffm.de\/index.php?rest_route=\/wp\/v2\/posts\/28858\/revisions"}],"predecessor-version":[{"id":28875,"href":"https:\/\/insideamateurfussball-ffm.de\/index.php?rest_route=\/wp\/v2\/posts\/28858\/revisions\/28875"}],"wp:featuredmedia":[{"embeddable":true,"href":"https:\/\/insideamateurfussball-ffm.de\/index.php?rest_route=\/wp\/v2\/media\/28870"}],"wp:attachment":[{"href":"https:\/\/insideamateurfussball-ffm.de\/index.php?rest_route=%2Fwp%2Fv2%2Fmedia&parent=28858"}],"wp:term":[{"taxonomy":"category","embeddable":true,"href":"https:\/\/insideamateurfussball-ffm.de\/index.php?rest_route=%2Fwp%2Fv2%2Fcategories&post=28858"},{"taxonomy":"post_tag","embeddable":true,"href":"https:\/\/insideamateurfussball-ffm.de\/index.php?rest_route=%2Fwp%2Fv2%2Ftags&post=28858"}],"curies":[{"name":"wp","href":"https:\/\/api.w.org\/{rel}","templated":true}]}}