{"id":2885,"date":"2022-10-02T01:31:32","date_gmt":"2022-10-01T23:31:32","guid":{"rendered":"http:\/\/insideamateurfussball-ffm.de\/?p=2885"},"modified":"2025-01-09T15:41:34","modified_gmt":"2025-01-09T14:41:34","slug":"bosnien-zieht-in-koerperbetontem-spiel-den-kuerzeren","status":"publish","type":"post","link":"https:\/\/insideamateurfussball-ffm.de\/?p=2885","title":{"rendered":"Bosnien unterliegt TSV Bad Nauheim 1:3"},"content":{"rendered":"<h5><span style=\"font-size: 16px;\">In der Gruppenliga Frankfurt West stand am Freitagabend ein kompletter Spieltag auf dem Programm und am Montag geht es schon mit dem n\u00e4chsten Durchgang weiter. Der SV BKC Bosnien unterlag dem zur Spitzengruppe z\u00e4hlenden T\u00fcrkischen SV Bad Nauheim mit 1:3 (0:0) und kann sich nun spielfrei am Tag der Deutschen Einheit ausruhen. In der Tabelle k\u00f6nnte der Verbandsliga-Absteiger vom mutma\u00dflichen Relegationsplatz in die Abstiegszone rutschen.\u00a0<\/span><\/h5>\n<figure id=\"attachment_2886\" aria-describedby=\"caption-attachment-2886\" style=\"width: 300px\" class=\"wp-caption alignnone\"><img loading=\"lazy\" decoding=\"async\" class=\"wp-image-2886 size-medium\" src=\"http:\/\/insideamateurfussball-ffm.de\/wp-content\/uploads\/2022\/10\/tr5-300x186.jpg\" alt=\"\" width=\"300\" height=\"186\" \/><figcaption id=\"caption-attachment-2886\" class=\"wp-caption-text\"><strong>Der &#8222;japanische Bosnier&#8220; Jo Yonemaru. Foto: Mithat G\u00fcrser. <\/strong><\/figcaption><\/figure>\n<h5><span style=\"font-size: 16px;\">SV BKC Bosnien &#8211; T\u00fcrkischer SV Bad Nauheim 1:3 (0:0)<\/span><\/h5>\n<p><span style=\"font-size: 16px;\"><img loading=\"lazy\" decoding=\"async\" class=\"alignnone size-full wp-image-139\" src=\"http:\/\/insideamateurfussball-ffm.de\/wp-content\/uploads\/2022\/05\/Bosnien.jpg\" alt=\"\" width=\"79\" height=\"80\" \/><img loading=\"lazy\" decoding=\"async\" class=\"alignnone size-full wp-image-2300\" src=\"http:\/\/insideamateurfussball-ffm.de\/wp-content\/uploads\/2022\/08\/TSVBN.jpg\" alt=\"\" width=\"80\" height=\"80\" \/><\/span><\/p>\n<p><span style=\"font-size: 16px; color: #999999;\">Bosniens Pressesprecher Admir Malohodzic berichtete von einer Partie mit vielen Zweik\u00e4mpfen und Fouls. Der Schiedsrichter habe jedoch &#8222;gef\u00fchlt f\u00fcr alles Gelbe Karten verteilt. Die Begegnung war k\u00f6rperbetont und schnell. Gro\u00dfe Anerkennung an den Gegner, der eine gute Mannschaft hat.&#8220; G\u00e4steakteur Luis Raul Kundel Vazquez setzte in der ausgeglichenen ersten H\u00e4lfte einen Foulelfmeter \u00fcber den Kasten (30.). Im zweiten Abschnitt gerieten die G\u00e4ste durch Taha Azaitouni auf die Siegerstra\u00dfe (49.). Kurz danach musste Bosniens Safet Mujkic (52.) mit Gelb-Rot vom Platz. Die \u00dcberzahl nutzte Bad Nauheim mit einem Freisto\u00dftreffer von Noah P\u00f6litz aus (65.). Dann flog auch bei Bad Nauheim Kundel Vazquez mit Gelb-Rot runter (65.). P\u00f6litz markierte dann den dritten G\u00e4stetreffer, ehe Azaitouni auch mit Gelb-Rot runter musste (75.). In Unterzahl brachte das Spitzenteam den Vorsprung \u00fcber die Zeit, es fiel nur noch das 1:3 durch Bosniens Kapit\u00e4n Husejn Mevkic (90.\/+4).<\/span><\/p>\n<h5><span style=\"font-size: 16px;\">Schiedsrichter: Dominik Ro\u00df (Lengfeld). Zuschauer: 100. Tore: 0:1 Taha Azaitouni (49.), 0:2, 0:3 Noah P\u00f6litz (65.\/80.), 1:3 Husejn Mevkic (90.\/+4).\u00a0<\/span><\/h5>\n<p><span style=\"font-size: 16px;\">Bildergalerie von Mithat G\u00fcrser:\u00a0<\/span><\/p>\n<p>\u00a0<\/p>\n\n\n<figure class=\"wp-block-gallery has-nested-images columns-default is-cropped wp-block-gallery-1 is-layout-flex wp-block-gallery-is-layout-flex\">\n<figure class=\"wp-block-image size-large is-style-default\"><img decoding=\"async\" data-id=\"2887\" src=\"http:\/\/insideamateurfussball-ffm.de\/wp-content\/uploads\/2022\/10\/tr10.jpg\" alt=\"\" class=\"wp-image-2887\"\/><figcaption>Fotos: Mithat G\u00fcrser.<\/figcaption><\/figure>\n<\/figure>\n\n\n\n<div class=\"wp-block-columns is-layout-flex wp-container-core-columns-is-layout-28f84493 wp-block-columns-is-layout-flex\">\n<div class=\"wp-block-column is-layout-flow wp-block-column-is-layout-flow\">\n<figure class=\"wp-block-image size-full is-style-default\"><img decoding=\"async\" src=\"http:\/\/insideamateurfussball-ffm.de\/wp-content\/uploads\/2022\/10\/tr15.jpg\" alt=\"\" class=\"wp-image-2888\"\/><\/figure>\n<\/div>\n\n\n\n<div class=\"wp-block-column is-layout-flow wp-block-column-is-layout-flow\">\n<figure class=\"wp-block-image size-full is-style-default\"><img decoding=\"async\" src=\"http:\/\/insideamateurfussball-ffm.de\/wp-content\/uploads\/2022\/10\/tr20.jpg\" alt=\"\" class=\"wp-image-2889\"\/><\/figure>\n<\/div>\n\n\n\n<div class=\"wp-block-column is-layout-flow wp-block-column-is-layout-flow\">\n<figure class=\"wp-block-image size-full is-style-default\"><img decoding=\"async\" src=\"http:\/\/insideamateurfussball-ffm.de\/wp-content\/uploads\/2022\/10\/tr25.jpg\" alt=\"\" class=\"wp-image-2890\"\/><\/figure>\n<\/div>\n<\/div>\n\n\n\n<div class=\"wp-block-columns is-layout-flex wp-container-core-columns-is-layout-28f84493 wp-block-columns-is-layout-flex\">\n<div class=\"wp-block-column is-layout-flow wp-block-column-is-layout-flow\">\n<figure class=\"wp-block-image size-full is-style-default\"><img decoding=\"async\" src=\"http:\/\/insideamateurfussball-ffm.de\/wp-content\/uploads\/2022\/10\/tr31.jpg\" alt=\"\" class=\"wp-image-2891\"\/><\/figure>\n<\/div>\n\n\n\n<div class=\"wp-block-column is-layout-flow wp-block-column-is-layout-flow\">\n<figure class=\"wp-block-image size-full is-style-default\"><img decoding=\"async\" src=\"http:\/\/insideamateurfussball-ffm.de\/wp-content\/uploads\/2022\/10\/tr36.jpg\" alt=\"\" class=\"wp-image-2892\"\/><\/figure>\n<\/div>\n\n\n\n<div class=\"wp-block-column is-layout-flow wp-block-column-is-layout-flow\">\n<figure class=\"wp-block-image size-full is-style-default\"><img decoding=\"async\" src=\"http:\/\/insideamateurfussball-ffm.de\/wp-content\/uploads\/2022\/10\/tr3.jpg\" alt=\"\" class=\"wp-image-2893\"\/><\/figure>\n<\/div>\n<\/div>\n\n\n\n<div class=\"wp-block-columns is-layout-flex wp-container-core-columns-is-layout-28f84493 wp-block-columns-is-layout-flex\">\n<div class=\"wp-block-column is-layout-flow wp-block-column-is-layout-flow\">\n<figure class=\"wp-block-image size-large is-style-default\"><img decoding=\"async\" src=\"http:\/\/insideamateurfussball-ffm.de\/wp-content\/uploads\/2022\/10\/tr8-1024x666.jpg\" alt=\"\" class=\"wp-image-2894\"\/><\/figure>\n<\/div>\n\n\n\n<div class=\"wp-block-column is-layout-flow wp-block-column-is-layout-flow\">\n<figure class=\"wp-block-image size-full is-style-default\"><img decoding=\"async\" src=\"http:\/\/insideamateurfussball-ffm.de\/wp-content\/uploads\/2022\/10\/tr13.jpg\" alt=\"\" class=\"wp-image-2895\"\/><\/figure>\n<\/div>\n\n\n\n<div class=\"wp-block-column is-layout-flow wp-block-column-is-layout-flow\">\n<figure class=\"wp-block-image size-full is-style-default\"><img decoding=\"async\" src=\"http:\/\/insideamateurfussball-ffm.de\/wp-content\/uploads\/2022\/10\/tr23.jpg\" alt=\"\" class=\"wp-image-2896\"\/><\/figure>\n<\/div>\n<\/div>\n\n\n\n<figure class=\"wp-block-gallery has-nested-images columns-default is-cropped wp-block-gallery-2 is-layout-flex wp-block-gallery-is-layout-flex\">\n<figure class=\"wp-block-image size-large is-style-default\"><img decoding=\"async\" data-id=\"2897\" src=\"http:\/\/insideamateurfussball-ffm.de\/wp-content\/uploads\/2022\/10\/tr29.jpg\" alt=\"\" class=\"wp-image-2897\"\/><\/figure>\n<\/figure>\n\n\n\n<figure class=\"wp-block-image size-full is-style-default\"><img decoding=\"async\" src=\"http:\/\/insideamateurfussball-ffm.de\/wp-content\/uploads\/2022\/10\/tr34.jpg\" alt=\"\" class=\"wp-image-2898\"\/><\/figure>\n\n\n\n<div class=\"wp-block-columns is-layout-flex wp-container-core-columns-is-layout-28f84493 wp-block-columns-is-layout-flex\">\n<div class=\"wp-block-column is-layout-flow wp-block-column-is-layout-flow\">\n<figure class=\"wp-block-image size-full is-style-default\"><img decoding=\"async\" src=\"http:\/\/insideamateurfussball-ffm.de\/wp-content\/uploads\/2022\/10\/tr11a.jpg\" alt=\"\" class=\"wp-image-2899\"\/><\/figure>\n<\/div>\n\n\n\n<div class=\"wp-block-column is-layout-flow wp-block-column-is-layout-flow\">\n<figure class=\"wp-block-image size-full is-style-default\"><img decoding=\"async\" src=\"http:\/\/insideamateurfussball-ffm.de\/wp-content\/uploads\/2022\/10\/tr6.jpg\" alt=\"\" class=\"wp-image-2900\"\/><\/figure>\n<\/div>\n\n\n\n<div class=\"wp-block-column is-layout-flow wp-block-column-is-layout-flow\">\n<figure class=\"wp-block-image size-full is-style-default\"><img decoding=\"async\" src=\"http:\/\/insideamateurfussball-ffm.de\/wp-content\/uploads\/2022\/10\/tr11.jpg\" alt=\"\" class=\"wp-image-2901\"\/><\/figure>\n<\/div>\n<\/div>\n","protected":false},"excerpt":{"rendered":"<p>In der Gruppenliga Frankfurt West stand am Freitagabend ein kompletter Spieltag auf dem Programm und am Montag geht es schon mit dem n\u00e4chsten Durchgang weiter. Der SV BKC Bosnien unterlag dem zur Spitzengruppe z\u00e4hlenden T\u00fcrkischen SV Bad Nauheim mit 1:3 (0:0) und kann sich nun spielfrei am Tag der Deutschen Einheit ausruhen. In der Tabelle [&hellip;]<\/p>\n","protected":false},"author":1,"featured_media":0,"comment_status":"open","ping_status":"open","sticky":false,"template":"","format":"standard","meta":{"footnotes":""},"categories":[13],"tags":[],"class_list":["post-2885","post","type-post","status-publish","format-standard","hentry","category-gruppenliga-frankfurt-west"],"_links":{"self":[{"href":"https:\/\/insideamateurfussball-ffm.de\/index.php?rest_route=\/wp\/v2\/posts\/2885","targetHints":{"allow":["GET"]}}],"collection":[{"href":"https:\/\/insideamateurfussball-ffm.de\/index.php?rest_route=\/wp\/v2\/posts"}],"about":[{"href":"https:\/\/insideamateurfussball-ffm.de\/index.php?rest_route=\/wp\/v2\/types\/post"}],"author":[{"embeddable":true,"href":"https:\/\/insideamateurfussball-ffm.de\/index.php?rest_route=\/wp\/v2\/users\/1"}],"replies":[{"embeddable":true,"href":"https:\/\/insideamateurfussball-ffm.de\/index.php?rest_route=%2Fwp%2Fv2%2Fcomments&post=2885"}],"version-history":[{"count":3,"href":"https:\/\/insideamateurfussball-ffm.de\/index.php?rest_route=\/wp\/v2\/posts\/2885\/revisions"}],"predecessor-version":[{"id":2904,"href":"https:\/\/insideamateurfussball-ffm.de\/index.php?rest_route=\/wp\/v2\/posts\/2885\/revisions\/2904"}],"wp:attachment":[{"href":"https:\/\/insideamateurfussball-ffm.de\/index.php?rest_route=%2Fwp%2Fv2%2Fmedia&parent=2885"}],"wp:term":[{"taxonomy":"category","embeddable":true,"href":"https:\/\/insideamateurfussball-ffm.de\/index.php?rest_route=%2Fwp%2Fv2%2Fcategories&post=2885"},{"taxonomy":"post_tag","embeddable":true,"href":"https:\/\/insideamateurfussball-ffm.de\/index.php?rest_route=%2Fwp%2Fv2%2Ftags&post=2885"}],"curies":[{"name":"wp","href":"https:\/\/api.w.org\/{rel}","templated":true}]}}