{"id":28848,"date":"2025-10-26T10:08:03","date_gmt":"2025-10-26T09:08:03","guid":{"rendered":"https:\/\/insideamateurfussball-ffm.de\/?p=28848"},"modified":"2025-10-26T10:08:03","modified_gmt":"2025-10-26T09:08:03","slug":"rot-weiss-springt-auf-platz-2","status":"publish","type":"post","link":"https:\/\/insideamateurfussball-ffm.de\/?p=28848","title":{"rendered":"Rot-Wei\u00df springt auf Platz 2"},"content":{"rendered":"<h4>Durch einen 2:1-Sieg beim Tabellen-Schlusslicht 1.FCA Darmstadt sprang RW-Frankfurt zumindest f\u00fcr eine Nacht auf den zweiten Tabellenplatz, nur einen Punkt hinter den Sportfreunden Seligenstadt, die dem SV Unter-Flockenbach mit 0:4 unterlagen.<\/h4>\n<figure id=\"attachment_28852\" aria-describedby=\"caption-attachment-28852\" style=\"width: 2016px\" class=\"wp-caption alignnone\"><img loading=\"lazy\" decoding=\"async\" class=\"wp-image-28852 size-full\" src=\"http:\/\/insideamateurfussball-ffm.de\/wp-content\/uploads\/2025\/10\/darmstadtrw03.jpg\" alt=\"\" width=\"2016\" height=\"1512\" srcset=\"https:\/\/insideamateurfussball-ffm.de\/wp-content\/uploads\/2025\/10\/darmstadtrw03.jpg 2016w, https:\/\/insideamateurfussball-ffm.de\/wp-content\/uploads\/2025\/10\/darmstadtrw03-300x225.jpg 300w, https:\/\/insideamateurfussball-ffm.de\/wp-content\/uploads\/2025\/10\/darmstadtrw03-1024x768.jpg 1024w, https:\/\/insideamateurfussball-ffm.de\/wp-content\/uploads\/2025\/10\/darmstadtrw03-768x576.jpg 768w, https:\/\/insideamateurfussball-ffm.de\/wp-content\/uploads\/2025\/10\/darmstadtrw03-1536x1152.jpg 1536w\" sizes=\"auto, (max-width: 2016px) 100vw, 2016px\" \/><figcaption id=\"caption-attachment-28852\" class=\"wp-caption-text\">RW konnte in Darmstadt mit 2:1 gewinnen. Foto: MZ<\/figcaption><\/figure>\n<h4>1.FCA Darmstadt &#8211; RW Frankfurt 1:2 (0:1)<\/h4>\n<p><img loading=\"lazy\" decoding=\"async\" class=\"alignnone size-full wp-image-10166\" src=\"http:\/\/insideamateurfussball-ffm.de\/wp-content\/uploads\/2023\/06\/FCADA.jpg\" alt=\"\" width=\"78\" height=\"80\" \/><img loading=\"lazy\" decoding=\"async\" class=\"alignnone size-full wp-image-120\" src=\"http:\/\/insideamateurfussball-ffm.de\/wp-content\/uploads\/2022\/05\/rot-weiss.png\" alt=\"\" width=\"80\" height=\"70\" \/><\/p>\n<p>Nach dem ungl\u00fccklich verlorenen Spitzenspiel am Dienstag waren die Rot-Wei\u00dfen am Samstag bein Tabellenletzten 1.FCA Darmstadt wieder gefordert. Es war zwar keine glanzvolle Vorstellung, aber mit dem 2:1-Sieg konnten drei wichtige Punkte gewonnen werden. St\u00fcrmisches und regnerisches Herbstwetter sorgten daf\u00fcr, dass sich nur knapp 40 Zuschauer in Darmstadt blicken lie\u00dfen, und die sahen auf einem schwer bespielbaren Platz eine chancenarme Partie.<\/p>\n<p>Die Rot-Wei\u00dfen aus Frankfurt kamen gut in die Partie, in der 6.Minute wurde Tim Frohne angespielt, der mit einem Schuss aus 18 Meter unter die Querlatte die fr\u00fche und beruhigende F\u00fchrung herausschoss. Die G\u00e4ste dominierten die Partie, hatten mehr Ballbesitz und versuchten, spielerisch zum Erfolg zu kommen, aber im letzten Drittel trafen sie h\u00e4ufig die falsche Entscheidung. Der Tabellenletzte versuchte es immer wieder mit langen B\u00e4llen, aber die Frankfurter Abwehr um Paul Hillner und Berkay Altay war aufmerksam und sorgte daf\u00fcr, dass Torwart Daniel Zeaiter nur bei zwei Distanzsch\u00fcssen aufmerksam sein musste. So ging es mit dem 1:0 f\u00fcr RW in die Pause.<\/p>\n<p>Auch in der zweiten Halbzeit lie\u00df die Frankfurter Abwehr nichts zu, w\u00e4hrend Sinan Salih zweimal das gegnerische Tor mit Distanzsch\u00fcssen nur knapp verfehlte. In der 80.Minute die vermeintliche Vorentscheidung, ein Frankfurter setzte sich auf der rechten Seite durch und passte von der Grundlinie zur\u00fcck zu Abdussamed G\u00fcrsoy, dessen Schuss oder Vorlage bei Lian Feridani landete, der aus 3 Metern keine M\u00fche hatte, das 2:0 zu erzielen. Die Rot-Wei\u00dfen machten dann das Spiel unn\u00f6tig spannend, nach einem Abwehrfehler konnte Vinicius Miranda de Oliveira in der 89.minute noch den Anschlusstreffer erzielen, doch dabei blieb es bis zum Schluss, ein verdienter Sieg f\u00fcr die G\u00e4ste.<\/p>\n<p>Trainer Ibo Cigdem nach dem Spiel: \u201ewir haben am Ende verdient gewonnen, aber wir haben uns schwergetan, was auch ein bisschen dem Platz geschuldet ist. Der Gegner hat alles reingeworfen und sehr diszipliniert und leidenschaftlich verteidigt. Abgesehen davon, dass wir uns gewehrt haben und unsere Hausaufgaben gemacht haben, waren wir doch im letzten Drittel etwas umst\u00e4ndlich. Aber nach der Niederlage am Dienstag war es wichtig, dass wir wieder drei Punkte geholt haben und den Anschluss nach oben nicht verlieren.\u201c Am n\u00e4chsten Wochenende empfangen die Rot-Wei\u00dfen dann Germania Ober-Roden zum n\u00e4chsten Spitzenspiel.<\/p>\n<h4>Schiedsrichter: Paul-Ioan Barbu (SV Germania Steinheim). Zuschauer: 40.<\/h4>\n<h4>Tore: 0:1 Tim Frohne (6.), 0:2 Lian Feridani (80.), 1:2 Vinicius Miranda de Oliveira (89.)<\/h4>\n\n\n<figure class=\"wp-block-image size-large\"><img loading=\"lazy\" decoding=\"async\" width=\"1024\" height=\"768\" src=\"http:\/\/insideamateurfussball-ffm.de\/wp-content\/uploads\/2025\/10\/darmstadtrw01-1024x768.jpg\" alt=\"\" class=\"wp-image-28850\" srcset=\"https:\/\/insideamateurfussball-ffm.de\/wp-content\/uploads\/2025\/10\/darmstadtrw01-1024x768.jpg 1024w, https:\/\/insideamateurfussball-ffm.de\/wp-content\/uploads\/2025\/10\/darmstadtrw01-300x225.jpg 300w, https:\/\/insideamateurfussball-ffm.de\/wp-content\/uploads\/2025\/10\/darmstadtrw01-768x576.jpg 768w, https:\/\/insideamateurfussball-ffm.de\/wp-content\/uploads\/2025\/10\/darmstadtrw01-1536x1152.jpg 1536w, https:\/\/insideamateurfussball-ffm.de\/wp-content\/uploads\/2025\/10\/darmstadtrw01.jpg 2016w\" sizes=\"auto, (max-width: 1024px) 100vw, 1024px\" \/><\/figure>\n\n\n\n<figure class=\"wp-block-image size-large\"><img loading=\"lazy\" decoding=\"async\" width=\"1024\" height=\"768\" src=\"http:\/\/insideamateurfussball-ffm.de\/wp-content\/uploads\/2025\/10\/darmstadtrw00-1024x768.jpg\" alt=\"\" class=\"wp-image-28849\" srcset=\"https:\/\/insideamateurfussball-ffm.de\/wp-content\/uploads\/2025\/10\/darmstadtrw00-1024x768.jpg 1024w, https:\/\/insideamateurfussball-ffm.de\/wp-content\/uploads\/2025\/10\/darmstadtrw00-300x225.jpg 300w, https:\/\/insideamateurfussball-ffm.de\/wp-content\/uploads\/2025\/10\/darmstadtrw00-768x576.jpg 768w, https:\/\/insideamateurfussball-ffm.de\/wp-content\/uploads\/2025\/10\/darmstadtrw00-1536x1152.jpg 1536w, https:\/\/insideamateurfussball-ffm.de\/wp-content\/uploads\/2025\/10\/darmstadtrw00.jpg 2016w\" sizes=\"auto, (max-width: 1024px) 100vw, 1024px\" \/><\/figure>\n\n\n\n<figure class=\"wp-block-image size-large\"><img loading=\"lazy\" decoding=\"async\" width=\"1024\" height=\"768\" src=\"http:\/\/insideamateurfussball-ffm.de\/wp-content\/uploads\/2025\/10\/darmstadtrw02-1024x768.jpg\" alt=\"\" class=\"wp-image-28851\" srcset=\"https:\/\/insideamateurfussball-ffm.de\/wp-content\/uploads\/2025\/10\/darmstadtrw02-1024x768.jpg 1024w, https:\/\/insideamateurfussball-ffm.de\/wp-content\/uploads\/2025\/10\/darmstadtrw02-300x225.jpg 300w, https:\/\/insideamateurfussball-ffm.de\/wp-content\/uploads\/2025\/10\/darmstadtrw02-768x576.jpg 768w, https:\/\/insideamateurfussball-ffm.de\/wp-content\/uploads\/2025\/10\/darmstadtrw02-1536x1152.jpg 1536w, https:\/\/insideamateurfussball-ffm.de\/wp-content\/uploads\/2025\/10\/darmstadtrw02.jpg 2016w\" sizes=\"auto, (max-width: 1024px) 100vw, 1024px\" \/><\/figure>\n\n\n\n<figure class=\"wp-block-image size-large\"><img loading=\"lazy\" decoding=\"async\" width=\"1024\" height=\"768\" src=\"http:\/\/insideamateurfussball-ffm.de\/wp-content\/uploads\/2025\/10\/darmstadtrw04-1024x768.jpg\" alt=\"\" class=\"wp-image-28853\" srcset=\"https:\/\/insideamateurfussball-ffm.de\/wp-content\/uploads\/2025\/10\/darmstadtrw04-1024x768.jpg 1024w, https:\/\/insideamateurfussball-ffm.de\/wp-content\/uploads\/2025\/10\/darmstadtrw04-300x225.jpg 300w, https:\/\/insideamateurfussball-ffm.de\/wp-content\/uploads\/2025\/10\/darmstadtrw04-768x576.jpg 768w, https:\/\/insideamateurfussball-ffm.de\/wp-content\/uploads\/2025\/10\/darmstadtrw04-1536x1152.jpg 1536w, https:\/\/insideamateurfussball-ffm.de\/wp-content\/uploads\/2025\/10\/darmstadtrw04.jpg 2016w\" sizes=\"auto, (max-width: 1024px) 100vw, 1024px\" \/><\/figure>\n\n\n\n<figure class=\"wp-block-image size-large\"><img loading=\"lazy\" decoding=\"async\" width=\"1024\" height=\"768\" src=\"http:\/\/insideamateurfussball-ffm.de\/wp-content\/uploads\/2025\/10\/darmstadtrw05-1024x768.jpg\" alt=\"\" class=\"wp-image-28854\" srcset=\"https:\/\/insideamateurfussball-ffm.de\/wp-content\/uploads\/2025\/10\/darmstadtrw05-1024x768.jpg 1024w, https:\/\/insideamateurfussball-ffm.de\/wp-content\/uploads\/2025\/10\/darmstadtrw05-300x225.jpg 300w, https:\/\/insideamateurfussball-ffm.de\/wp-content\/uploads\/2025\/10\/darmstadtrw05-768x576.jpg 768w, https:\/\/insideamateurfussball-ffm.de\/wp-content\/uploads\/2025\/10\/darmstadtrw05-1536x1152.jpg 1536w, https:\/\/insideamateurfussball-ffm.de\/wp-content\/uploads\/2025\/10\/darmstadtrw05.jpg 2016w\" sizes=\"auto, (max-width: 1024px) 100vw, 1024px\" \/><\/figure>\n\n\n\n<figure class=\"wp-block-image size-large\"><img loading=\"lazy\" decoding=\"async\" width=\"1024\" height=\"768\" src=\"http:\/\/insideamateurfussball-ffm.de\/wp-content\/uploads\/2025\/10\/darmstadtrw06-1024x768.jpg\" alt=\"\" class=\"wp-image-28855\" srcset=\"https:\/\/insideamateurfussball-ffm.de\/wp-content\/uploads\/2025\/10\/darmstadtrw06-1024x768.jpg 1024w, https:\/\/insideamateurfussball-ffm.de\/wp-content\/uploads\/2025\/10\/darmstadtrw06-300x225.jpg 300w, https:\/\/insideamateurfussball-ffm.de\/wp-content\/uploads\/2025\/10\/darmstadtrw06-768x576.jpg 768w, https:\/\/insideamateurfussball-ffm.de\/wp-content\/uploads\/2025\/10\/darmstadtrw06-1536x1152.jpg 1536w, https:\/\/insideamateurfussball-ffm.de\/wp-content\/uploads\/2025\/10\/darmstadtrw06.jpg 2016w\" sizes=\"auto, (max-width: 1024px) 100vw, 1024px\" \/><\/figure>\n","protected":false},"excerpt":{"rendered":"<p>Durch einen 2:1-Sieg beim Tabellen-Schlusslicht 1.FCA Darmstadt sprang RW-Frankfurt zumindest f\u00fcr eine Nacht auf den zweiten Tabellenplatz, nur einen Punkt hinter den Sportfreunden Seligenstadt, die dem SV Unter-Flockenbach mit 0:4 unterlagen. 1.FCA Darmstadt &#8211; RW Frankfurt 1:2 (0:1) Nach dem ungl\u00fccklich verlorenen Spitzenspiel am Dienstag waren die Rot-Wei\u00dfen am Samstag bein Tabellenletzten 1.FCA Darmstadt wieder [&hellip;]<\/p>\n","protected":false},"author":3,"featured_media":28852,"comment_status":"closed","ping_status":"open","sticky":true,"template":"","format":"standard","meta":{"footnotes":""},"categories":[10],"tags":[],"class_list":["post-28848","post","type-post","status-publish","format-standard","has-post-thumbnail","hentry","category-verbandsliga-sued"],"_links":{"self":[{"href":"https:\/\/insideamateurfussball-ffm.de\/index.php?rest_route=\/wp\/v2\/posts\/28848","targetHints":{"allow":["GET"]}}],"collection":[{"href":"https:\/\/insideamateurfussball-ffm.de\/index.php?rest_route=\/wp\/v2\/posts"}],"about":[{"href":"https:\/\/insideamateurfussball-ffm.de\/index.php?rest_route=\/wp\/v2\/types\/post"}],"author":[{"embeddable":true,"href":"https:\/\/insideamateurfussball-ffm.de\/index.php?rest_route=\/wp\/v2\/users\/3"}],"replies":[{"embeddable":true,"href":"https:\/\/insideamateurfussball-ffm.de\/index.php?rest_route=%2Fwp%2Fv2%2Fcomments&post=28848"}],"version-history":[{"count":2,"href":"https:\/\/insideamateurfussball-ffm.de\/index.php?rest_route=\/wp\/v2\/posts\/28848\/revisions"}],"predecessor-version":[{"id":28857,"href":"https:\/\/insideamateurfussball-ffm.de\/index.php?rest_route=\/wp\/v2\/posts\/28848\/revisions\/28857"}],"wp:featuredmedia":[{"embeddable":true,"href":"https:\/\/insideamateurfussball-ffm.de\/index.php?rest_route=\/wp\/v2\/media\/28852"}],"wp:attachment":[{"href":"https:\/\/insideamateurfussball-ffm.de\/index.php?rest_route=%2Fwp%2Fv2%2Fmedia&parent=28848"}],"wp:term":[{"taxonomy":"category","embeddable":true,"href":"https:\/\/insideamateurfussball-ffm.de\/index.php?rest_route=%2Fwp%2Fv2%2Fcategories&post=28848"},{"taxonomy":"post_tag","embeddable":true,"href":"https:\/\/insideamateurfussball-ffm.de\/index.php?rest_route=%2Fwp%2Fv2%2Ftags&post=28848"}],"curies":[{"name":"wp","href":"https:\/\/api.w.org\/{rel}","templated":true}]}}