{"id":28844,"date":"2025-10-24T15:19:30","date_gmt":"2025-10-24T14:19:30","guid":{"rendered":"https:\/\/insideamateurfussball-ffm.de\/?p=28844"},"modified":"2025-10-24T15:19:30","modified_gmt":"2025-10-24T14:19:30","slug":"gute-halbe-stunde-fuer-kalbach-beim-ofc-ii-zu-wenig","status":"publish","type":"post","link":"https:\/\/insideamateurfussball-ffm.de\/?p=28844","title":{"rendered":"Gute halbe Stunde f\u00fcr Kalbach beim OFC II zu wenig"},"content":{"rendered":"<h5><span style=\"font-size: 16px;\">In der auf Donnerstagabend vorgezogenen Partie der Verbandsliga S\u00fcd reichte Aufsteiger FC Kalbach eine gute erste halbe Stunde nicht zu einem Punktgewinn. Gastgeber Kickers Offenbach II gewann letztlich mit 4:1 (1:1) und verbesserte sich vor\u00fcbergehend auf Rang drei. F\u00fcr den Neuling aus dem Frankfurter Norden wird die Situation mit nur f\u00fcnf Punkten aus 13 Spielen auf dem vorletzten Platz immer prek\u00e4rer.\u00a0<\/span><\/h5>\n<figure id=\"attachment_28845\" aria-describedby=\"caption-attachment-28845\" style=\"width: 652px\" class=\"wp-caption alignleft\"><img loading=\"lazy\" decoding=\"async\" class=\"wp-image-28845\" src=\"http:\/\/insideamateurfussball-ffm.de\/wp-content\/uploads\/2025\/10\/OFCII-Kal-1024x768.jpg\" alt=\"\" width=\"652\" height=\"489\" srcset=\"https:\/\/insideamateurfussball-ffm.de\/wp-content\/uploads\/2025\/10\/OFCII-Kal-1024x768.jpg 1024w, https:\/\/insideamateurfussball-ffm.de\/wp-content\/uploads\/2025\/10\/OFCII-Kal-300x225.jpg 300w, https:\/\/insideamateurfussball-ffm.de\/wp-content\/uploads\/2025\/10\/OFCII-Kal-768x576.jpg 768w, https:\/\/insideamateurfussball-ffm.de\/wp-content\/uploads\/2025\/10\/OFCII-Kal-1536x1152.jpg 1536w, https:\/\/insideamateurfussball-ffm.de\/wp-content\/uploads\/2025\/10\/OFCII-Kal.jpg 2048w\" sizes=\"auto, (max-width: 652px) 100vw, 652px\" \/><figcaption id=\"caption-attachment-28845\" class=\"wp-caption-text\">Kickers Offenbach II in rot holte drei wichtige Punkte. Foto: PA.\u00a0\u00a0<\/figcaption><\/figure>\n<h5><span style=\"font-size: 16px;\">Kickers Offenbach II &#8211; FC Kalbach 4:1 (1:1)<\/span><\/h5>\n<p><img loading=\"lazy\" decoding=\"async\" class=\"alignnone size-full wp-image-7574\" src=\"http:\/\/insideamateurfussball-ffm.de\/wp-content\/uploads\/2023\/04\/ofc.jpg\" alt=\"\" width=\"80\" height=\"80\" \/><img loading=\"lazy\" decoding=\"async\" class=\"alignnone size-full wp-image-16\" src=\"http:\/\/insideamateurfussball-ffm.de\/wp-content\/uploads\/2021\/11\/kalbach-wappen.jpg\" alt=\"\" width=\"80\" height=\"80\" \/><\/p>\n<p><span style=\"font-size: 16px;\">In einer vorgezogenen Partie gewann der OFC II bei st\u00fcrmischen Windverh\u00e4ltnissen vor 63 Zuschauern am Wiener Ring am Ende doch deutlich gegen den Aufsteiger aus dem Frankfurter Norden, der mit nur f\u00fcnf Punkten weiter den Vorletzten Platz belegt.<\/span><\/p>\n<ul>\n<li><strong><span style=\"font-size: 16px;\">Gara Ali Pech mit Pfostenschuss<\/span><\/strong><\/li>\n<\/ul>\n<p><span style=\"font-size: 16px;\">Dabei hatte das Team von Trainer Aaz-Dine Zarioh stark angefangen und war durch einen Konter des Japaners Shuto Ishino in F\u00fchrung gegangen (12.). Grenzwertige Lichtverh\u00e4ltnisse beg\u00fcnstigten den Ausgleich der Offenbacher. Nach einem Eckball sah Kalbachs Torh\u00fcter Fabian Lanthaler den Ball zu sp\u00e4t, OFC-Kapit\u00e4n Jens M\u00fchlig traf zum 1:1 (31.). Nach dem Seitenwechsel verursachte Lanthaler einen unn\u00f6tigen Foulelfmeter, den David Santoro zum 2:1 verwandelte (54.). Kalbachs Torj\u00e4ger Achraf Gara Ali hatte Pech mit einem Pfostenschuss (64.). Nach dem 3:1 der Gastgeber durch Richard Mben Bata (71.) war die Partie entschieden. Santoro setzte mit seinem zweiten Tor den Schlusspunkt (77.). <\/span><\/p>\n<p><span style=\"font-size: 16px;\">Zudem fanden zwei Abseitstore der Offenbacher keine Anerkennung. Manfred Meyer aus dem Kalbacher Spielausschuss war nach der Partie restlos bedient: &#8222;Ich muss sagen, dass wir die erste Halbzeit ein gutes Spiel abgegeben haben, da mit auf Augenh\u00f6he waren. Nicht unverdient haben wir das 1:0 gemacht. Unser Torwart hat leider zweimal gepatzt, vor allem beim Elfmeter. Das hat uns das Genick gebrochen. Wir hatten unmittelbar vor dem 3:1 die Chance zum 2:2. Wenn es f\u00e4llt ist alles drin, aber so war es leider nicht.&#8220; In der aktuellen Form falle es immer schwerer, die Hoffnung auf den Klassenerhalt aufrecht zu erhalten. Nun liegen erneut zehn Tage Pause bis zum Heimspiel gegen den Aufstiegsanw\u00e4rter DJK Sportfreunde Bad Homburg am 2. November (14.30 Uhr).<\/span><\/p>\n<ul>\n<li><strong><span style=\"font-size: 16px;\">Schiedsrichter: Noah Bursky (VfR Niedertiefenbach). <\/span><\/strong><\/li>\n<li><strong><span style=\"font-size: 16px;\">Zuschauer: 63. <\/span><\/strong><\/li>\n<li><strong><span style=\"font-size: 16px;\">Tore: 0:1 Shuto Ishino (12.), 1:1 Jens M\u00fchlig (31.), 2:1 Davide Santoro (54.\/Foulelfmeter), 3:1 Richard Mben Bata (71.), 4:1 Davide Santoro (77.).\u00a0\u00a0<\/span><\/strong><\/li>\n<\/ul>\n","protected":false},"excerpt":{"rendered":"<p>In der auf Donnerstagabend vorgezogenen Partie der Verbandsliga S\u00fcd reichte Aufsteiger FC Kalbach eine gute erste halbe Stunde nicht zu einem Punktgewinn. Gastgeber Kickers Offenbach II gewann letztlich mit 4:1 (1:1) und verbesserte sich vor\u00fcbergehend auf Rang drei. F\u00fcr den Neuling aus dem Frankfurter Norden wird die Situation mit nur f\u00fcnf Punkten aus 13 Spielen [&hellip;]<\/p>\n","protected":false},"author":1,"featured_media":28845,"comment_status":"closed","ping_status":"closed","sticky":true,"template":"","format":"standard","meta":{"footnotes":""},"categories":[10],"tags":[],"class_list":["post-28844","post","type-post","status-publish","format-standard","has-post-thumbnail","hentry","category-verbandsliga-sued"],"_links":{"self":[{"href":"https:\/\/insideamateurfussball-ffm.de\/index.php?rest_route=\/wp\/v2\/posts\/28844","targetHints":{"allow":["GET"]}}],"collection":[{"href":"https:\/\/insideamateurfussball-ffm.de\/index.php?rest_route=\/wp\/v2\/posts"}],"about":[{"href":"https:\/\/insideamateurfussball-ffm.de\/index.php?rest_route=\/wp\/v2\/types\/post"}],"author":[{"embeddable":true,"href":"https:\/\/insideamateurfussball-ffm.de\/index.php?rest_route=\/wp\/v2\/users\/1"}],"replies":[{"embeddable":true,"href":"https:\/\/insideamateurfussball-ffm.de\/index.php?rest_route=%2Fwp%2Fv2%2Fcomments&post=28844"}],"version-history":[{"count":1,"href":"https:\/\/insideamateurfussball-ffm.de\/index.php?rest_route=\/wp\/v2\/posts\/28844\/revisions"}],"predecessor-version":[{"id":28846,"href":"https:\/\/insideamateurfussball-ffm.de\/index.php?rest_route=\/wp\/v2\/posts\/28844\/revisions\/28846"}],"wp:featuredmedia":[{"embeddable":true,"href":"https:\/\/insideamateurfussball-ffm.de\/index.php?rest_route=\/wp\/v2\/media\/28845"}],"wp:attachment":[{"href":"https:\/\/insideamateurfussball-ffm.de\/index.php?rest_route=%2Fwp%2Fv2%2Fmedia&parent=28844"}],"wp:term":[{"taxonomy":"category","embeddable":true,"href":"https:\/\/insideamateurfussball-ffm.de\/index.php?rest_route=%2Fwp%2Fv2%2Fcategories&post=28844"},{"taxonomy":"post_tag","embeddable":true,"href":"https:\/\/insideamateurfussball-ffm.de\/index.php?rest_route=%2Fwp%2Fv2%2Ftags&post=28844"}],"curies":[{"name":"wp","href":"https:\/\/api.w.org\/{rel}","templated":true}]}}