{"id":28841,"date":"2025-10-23T10:19:29","date_gmt":"2025-10-23T09:19:29","guid":{"rendered":"https:\/\/insideamateurfussball-ffm.de\/?p=28841"},"modified":"2025-10-23T10:19:29","modified_gmt":"2025-10-23T09:19:29","slug":"ruecktritt-von-trainer-taher-bei-tuerkguecue","status":"publish","type":"post","link":"https:\/\/insideamateurfussball-ffm.de\/?p=28841","title":{"rendered":"R\u00fccktritt von Trainer Taher bei T\u00fcrkg\u00fcc\u00fc"},"content":{"rendered":"<h4>Nach der 0:2-Niederlage am Wochenende gegen die Spvgg. 05 Oberrad bot T\u00fcrkg\u00fcc\u00fcs Trainer Murtaza Taher dem Vorstand seinen R\u00fccktritt an, den dieser einen Tag sp\u00e4ter akzeptierte.<\/h4>\n<figure id=\"attachment_27103\" aria-describedby=\"caption-attachment-27103\" style=\"width: 886px\" class=\"wp-caption alignnone\"><img loading=\"lazy\" decoding=\"async\" class=\"wp-image-27103 size-full\" src=\"http:\/\/insideamateurfussball-ffm.de\/wp-content\/uploads\/2025\/08\/kaichen9.jpg\" alt=\"\" width=\"886\" height=\"712\" srcset=\"https:\/\/insideamateurfussball-ffm.de\/wp-content\/uploads\/2025\/08\/kaichen9.jpg 886w, https:\/\/insideamateurfussball-ffm.de\/wp-content\/uploads\/2025\/08\/kaichen9-300x241.jpg 300w, https:\/\/insideamateurfussball-ffm.de\/wp-content\/uploads\/2025\/08\/kaichen9-768x617.jpg 768w\" sizes=\"auto, (max-width: 886px) 100vw, 886px\" \/><figcaption id=\"caption-attachment-27103\" class=\"wp-caption-text\">Murtaza Taher ist als Trainer von T\u00fcrkg\u00fcc\u00fc Frankfurt zur\u00fcckgetreten. Foto. Archiv Mithat G\u00fcrser<\/figcaption><\/figure>\n<p><img loading=\"lazy\" decoding=\"async\" class=\"alignnone size-full wp-image-17\" src=\"http:\/\/insideamateurfussball-ffm.de\/wp-content\/uploads\/2021\/11\/Tuerkguecue.jpg\" alt=\"\" width=\"72\" height=\"80\" \/><\/p>\n<p>Nach einem tollen Saisonstart mit 7 Punkten aus den ersten drei Spielen lief es bei T\u00fcrkg\u00fcc\u00fc Frankfurt sportlich nicht mehr so richtig, aus den n\u00e4chsten 10 Spielen setzte es 9 Niederlagen, nur das Spiel gegen die FSG Burg-Gr\u00e4fenrode konnte gewonnen werden. Nach der Niederlage am Wochenende gegen die Spvgg. 05 Oberrad bot Trainer Murtzaza Taher daher dem Vorstand seinen R\u00fccktritt an, den dieser einen Tag sp\u00e4ter akzeptierte.<\/p>\n<p>Die Stellungnahme von Taher: \u201eNach reifer \u00dcberlegung bin ich am Sonntagabend an den Vorstand herangetreten mit der Bitte, meinen R\u00fccktritt zu verk\u00fcnden. Meiner Meinung nach braucht die Mannschaft einen neuen Impuls, um wieder zu alter St\u00e4rke zur\u00fcckzufinden.<\/p>\n<p>Leider ist es mir gemeinsam mit dem Team im Saisonverlauf nicht gelungen, die gew\u00fcnschten Ergebnisse, wie es zu Saisonbeginn war, zu erzielen und unsere Leistungen zu stabilisieren. Ich m\u00f6chte mich beim Verein f\u00fcr die Unterst\u00fctzung und das Vertrauen der vergangenen Monate bedanken und w\u00fcnsche dem Verein, allen Spielern und allen, die mit dieser Fu\u00dfballfamilie verbunden sind, viel Erfolg f\u00fcr die kommende Zeit. T\u00fcrkg\u00fcc\u00fc Frankfurt wird f\u00fcr mich immer ein besonderer Verein bleiben, mit dem ich mich weiterhin eng verbunden\u00a0f\u00fchle.\u201c<\/p>\n<p>Interimsweise wird erneut Murat Tiryaki die Leitung der Mannschaft \u00fcbernehmen, unterst\u00fctzt wird er vom bisherigen Co-Trainer Reahan Mahmood und vom Sportlichen Leiter Tamer G\u00fcrsoy. Interimstrainer Tiryaki best\u00e4tigt, dass er die Trainert\u00e4tigkeit \u00fcbernimmt, bis ein neuer Trainer gefunden wurde. Tiryaki. \u201ewir bedanken uns bei Taher f\u00fcr seine geleistete Arbeit und sind traurig dar\u00fcber, dass es sportlich zum Schluss nicht so geklappt hat.\u201c Am Wochenende spielt T\u00fcrkg\u00fcc\u00fc Frankfurt beim FC Kosova.<\/p>\n","protected":false},"excerpt":{"rendered":"<p>Nach der 0:2-Niederlage am Wochenende gegen die Spvgg. 05 Oberrad bot T\u00fcrkg\u00fcc\u00fcs Trainer Murtaza Taher dem Vorstand seinen R\u00fccktritt an, den dieser einen Tag sp\u00e4ter akzeptierte. Nach einem tollen Saisonstart mit 7 Punkten aus den ersten drei Spielen lief es bei T\u00fcrkg\u00fcc\u00fc Frankfurt sportlich nicht mehr so richtig, aus den n\u00e4chsten 10 Spielen setzte es [&hellip;]<\/p>\n","protected":false},"author":3,"featured_media":27103,"comment_status":"closed","ping_status":"open","sticky":true,"template":"","format":"standard","meta":{"footnotes":""},"categories":[13],"tags":[],"class_list":["post-28841","post","type-post","status-publish","format-standard","has-post-thumbnail","hentry","category-gruppenliga-frankfurt-west"],"_links":{"self":[{"href":"https:\/\/insideamateurfussball-ffm.de\/index.php?rest_route=\/wp\/v2\/posts\/28841","targetHints":{"allow":["GET"]}}],"collection":[{"href":"https:\/\/insideamateurfussball-ffm.de\/index.php?rest_route=\/wp\/v2\/posts"}],"about":[{"href":"https:\/\/insideamateurfussball-ffm.de\/index.php?rest_route=\/wp\/v2\/types\/post"}],"author":[{"embeddable":true,"href":"https:\/\/insideamateurfussball-ffm.de\/index.php?rest_route=\/wp\/v2\/users\/3"}],"replies":[{"embeddable":true,"href":"https:\/\/insideamateurfussball-ffm.de\/index.php?rest_route=%2Fwp%2Fv2%2Fcomments&post=28841"}],"version-history":[{"count":1,"href":"https:\/\/insideamateurfussball-ffm.de\/index.php?rest_route=\/wp\/v2\/posts\/28841\/revisions"}],"predecessor-version":[{"id":28842,"href":"https:\/\/insideamateurfussball-ffm.de\/index.php?rest_route=\/wp\/v2\/posts\/28841\/revisions\/28842"}],"wp:featuredmedia":[{"embeddable":true,"href":"https:\/\/insideamateurfussball-ffm.de\/index.php?rest_route=\/wp\/v2\/media\/27103"}],"wp:attachment":[{"href":"https:\/\/insideamateurfussball-ffm.de\/index.php?rest_route=%2Fwp%2Fv2%2Fmedia&parent=28841"}],"wp:term":[{"taxonomy":"category","embeddable":true,"href":"https:\/\/insideamateurfussball-ffm.de\/index.php?rest_route=%2Fwp%2Fv2%2Fcategories&post=28841"},{"taxonomy":"post_tag","embeddable":true,"href":"https:\/\/insideamateurfussball-ffm.de\/index.php?rest_route=%2Fwp%2Fv2%2Ftags&post=28841"}],"curies":[{"name":"wp","href":"https:\/\/api.w.org\/{rel}","templated":true}]}}