{"id":28837,"date":"2025-10-22T11:31:00","date_gmt":"2025-10-22T10:31:00","guid":{"rendered":"https:\/\/insideamateurfussball-ffm.de\/?p=28837"},"modified":"2025-10-22T15:38:54","modified_gmt":"2025-10-22T14:38:54","slug":"posavina-erstmals-seit-2002-an-der-tabellenspitze","status":"publish","type":"post","link":"https:\/\/insideamateurfussball-ffm.de\/?p=28837","title":{"rendered":"Posavina erstmals seit 2002 an der Tabellenspitze"},"content":{"rendered":"<h5><span style=\"font-size: 16px;\">Durch den 5:1-Heimsieg \u00fcber die Spvgg. 02 Griesheim ist der FC Posavina erstmals seit 2002 an die Tabellenspitze der Kreisoberliga Frankfurt gest\u00fcrmt (seinerzeit Bezirksliga Frankfurt). Mit einem Spiel mehr als der punktgleiche SV 07 Heddernheim, der spielfrei war, weisen die Kroaten vom Riederwald eine um drei Tore bessere Tordifferenz auf.\u00a0<\/span><\/h5>\n<figure id=\"attachment_28838\" aria-describedby=\"caption-attachment-28838\" style=\"width: 150px\" class=\"wp-caption alignleft\"><img loading=\"lazy\" decoding=\"async\" class=\"wp-image-28838 size-thumbnail\" src=\"http:\/\/insideamateurfussball-ffm.de\/wp-content\/uploads\/2025\/10\/tarik-trainer-posavina-2-150x150.jpg\" alt=\"\" width=\"150\" height=\"150\" \/><figcaption id=\"caption-attachment-28838\" class=\"wp-caption-text\">Posavina-Coach Danijel Koturic. Foto: Archiv Mithat G\u00fcrser.<\/figcaption><\/figure>\n<h5><span style=\"font-size: 16px;\">FC Posavina &#8211; Spvgg. 02 Griesheim 5:1 (3:0)<\/span><\/h5>\n<p><img loading=\"lazy\" decoding=\"async\" class=\"alignnone size-full wp-image-22\" src=\"http:\/\/insideamateurfussball-ffm.de\/wp-content\/uploads\/2021\/11\/posavina.jpg\" alt=\"\" width=\"63\" height=\"80\" \/><img loading=\"lazy\" decoding=\"async\" class=\"alignnone size-full wp-image-287\" src=\"http:\/\/insideamateurfussball-ffm.de\/wp-content\/uploads\/2022\/05\/SpVgg._02_Griesheim_02.jpg\" alt=\"\" width=\"100\" height=\"100\" \/><\/p>\n<p><span style=\"font-size: 16px;\">Die Gastgeber legten st\u00fcrmisch los und erwischten die zuletzt so formstarken Griesheimer auf dem falschen Fu\u00df. Nach einem Eckball traf Anto Petrasevic zum 1:0 (3.). Kurz danach erh\u00f6hte Ivan Wessel nach einem langen Abschlag von Torh\u00fcter Matej Markovic (5.). Kapit\u00e4n Mato Djukic erh\u00f6hte noch vor der Pause nach einem Fehler von Griesheims Torwart Nikola Bazina auf 3:0 (38.). <\/span><\/p>\n<p><span style=\"font-size: 16px;\">Nach dem Seitenwechsel verk\u00fcrzte Marcus Kreckel f\u00fcr die &#8222;Schleifer&#8220; (57.). Mit einem Schuss aus 16 Metern erzielte Djukic das 4:1 (62.). Den Schlusspunkt unter das \u00fcberraschend klare Resultat setzte Anto Arlovic auf Vorlage von Antonio Milicevic (73.).<\/span><\/p>\n<ul>\n<li><strong><span style=\"font-size: 16px;\">&#8222;Wir hatten zu viele Ausf\u00e4lle, das muss man akzeptieren&#8220;. (Griesheims Trainer Dominic Machado).<\/span><\/strong><\/li>\n<\/ul>\n<p><span style=\"font-size: 16px;\">&#8222;Wir waren das ganze Spiel \u00fcber die bessere Mannschaft und freuen uns \u00fcber die Tabellenf\u00fchrung&#8220;, jubelte FCP-Pressewart Ante Pejic. Griesheims Trainer Dominic Machado analysierte: &#8222;Das war kein gutes Spiel von uns, wir sind ziemlich fr\u00fch in R\u00fcckstand geraten. Nach der Halbzeit hatten wir eine ganz gute Phase, wo wir uns mit dem Tor belohnen. Nach dem vierten Tor war der Deckel drauf. Wir hatten zu viele Ausf\u00e4lle, das muss man akzeptieren. Dementsprechend haben wir die M\u00f6glichkeit, im n\u00e4chsten Heimspiel drei Punkte zu holen. Das Ergebnis wird uns nicht umhauen.&#8220; <\/span><\/p>\n<p><span style=\"font-size: 16px;\">Posavina will die Tabellenspitze am Sonntag bei Concordia Eschersheim verteidigen (15 Uhr). Zeitgleich erwartet Griesheim Neuling und Schlusslicht GSU Hellas.\u00a0<\/span><\/p>\n<ul>\n<li><strong><span style=\"font-size: 16px;\">Schiedsrichter: Ulrich Schulz (SV Chattia Ulrichstein). <\/span><\/strong><\/li>\n<li><strong><span style=\"font-size: 16px;\">Zuschauer: 70. <\/span><\/strong><\/li>\n<li><strong><span style=\"font-size: 16px;\">Tore: 1:0 Anto Petrasevic (3.), 2:0 Ivan Wessel (5.), 3:0 Mato Djukic (38.), 3:1 Marcus Kreckel (57.), 4:1 Mato Djukic (62.), 5:1 Anto Arlovic (73.).\u00a0<\/span><\/strong><\/li>\n<\/ul>\n","protected":false},"excerpt":{"rendered":"<p>Durch den 5:1-Heimsieg \u00fcber die Spvgg. 02 Griesheim ist der FC Posavina erstmals seit 2002 an die Tabellenspitze der Kreisoberliga Frankfurt gest\u00fcrmt (seinerzeit Bezirksliga Frankfurt). Mit einem Spiel mehr als der punktgleiche SV 07 Heddernheim, der spielfrei war, weisen die Kroaten vom Riederwald eine um drei Tore bessere Tordifferenz auf.\u00a0 FC Posavina &#8211; Spvgg. 02 [&hellip;]<\/p>\n","protected":false},"author":1,"featured_media":28838,"comment_status":"closed","ping_status":"closed","sticky":true,"template":"","format":"standard","meta":{"footnotes":""},"categories":[2],"tags":[],"class_list":["post-28837","post","type-post","status-publish","format-standard","has-post-thumbnail","hentry","category-kreisoberliga-frankfurt"],"_links":{"self":[{"href":"https:\/\/insideamateurfussball-ffm.de\/index.php?rest_route=\/wp\/v2\/posts\/28837","targetHints":{"allow":["GET"]}}],"collection":[{"href":"https:\/\/insideamateurfussball-ffm.de\/index.php?rest_route=\/wp\/v2\/posts"}],"about":[{"href":"https:\/\/insideamateurfussball-ffm.de\/index.php?rest_route=\/wp\/v2\/types\/post"}],"author":[{"embeddable":true,"href":"https:\/\/insideamateurfussball-ffm.de\/index.php?rest_route=\/wp\/v2\/users\/1"}],"replies":[{"embeddable":true,"href":"https:\/\/insideamateurfussball-ffm.de\/index.php?rest_route=%2Fwp%2Fv2%2Fcomments&post=28837"}],"version-history":[{"count":2,"href":"https:\/\/insideamateurfussball-ffm.de\/index.php?rest_route=\/wp\/v2\/posts\/28837\/revisions"}],"predecessor-version":[{"id":28840,"href":"https:\/\/insideamateurfussball-ffm.de\/index.php?rest_route=\/wp\/v2\/posts\/28837\/revisions\/28840"}],"wp:featuredmedia":[{"embeddable":true,"href":"https:\/\/insideamateurfussball-ffm.de\/index.php?rest_route=\/wp\/v2\/media\/28838"}],"wp:attachment":[{"href":"https:\/\/insideamateurfussball-ffm.de\/index.php?rest_route=%2Fwp%2Fv2%2Fmedia&parent=28837"}],"wp:term":[{"taxonomy":"category","embeddable":true,"href":"https:\/\/insideamateurfussball-ffm.de\/index.php?rest_route=%2Fwp%2Fv2%2Fcategories&post=28837"},{"taxonomy":"post_tag","embeddable":true,"href":"https:\/\/insideamateurfussball-ffm.de\/index.php?rest_route=%2Fwp%2Fv2%2Ftags&post=28837"}],"curies":[{"name":"wp","href":"https:\/\/api.w.org\/{rel}","templated":true}]}}