{"id":28798,"date":"2025-10-21T16:16:45","date_gmt":"2025-10-21T15:16:45","guid":{"rendered":"https:\/\/insideamateurfussball-ffm.de\/?p=28798"},"modified":"2025-10-21T16:16:45","modified_gmt":"2025-10-21T15:16:45","slug":"preussen-unterliegen-zwei-klassen-besserer-sg-westend","status":"publish","type":"post","link":"https:\/\/insideamateurfussball-ffm.de\/?p=28798","title":{"rendered":"Preu\u00dfen unterliegen &#8222;zwei Klassen besserer&#8220; SG Westend"},"content":{"rendered":"<h5><span style=\"font-size: 16px;\">Der SV Viktoria Preu\u00dfen erlitt eine herbe 3:7-Heimschlappe gegen Aufsteiger SG Westend und steht weiter tief im Abstiegskampf, w\u00e4hrend die G\u00e4ste ihr Potenzial abrufen und auf Rang elf vorsto\u00dfen konnten.\u00a0<\/span><\/h5>\n<figure id=\"attachment_28799\" aria-describedby=\"caption-attachment-28799\" style=\"width: 150px\" class=\"wp-caption alignleft\"><img loading=\"lazy\" decoding=\"async\" class=\"wp-image-28799 size-thumbnail\" src=\"http:\/\/insideamateurfussball-ffm.de\/wp-content\/uploads\/2025\/10\/preu-weste5-150x150.jpg\" alt=\"\" width=\"150\" height=\"150\" \/><figcaption id=\"caption-attachment-28799\" class=\"wp-caption-text\">Versteinerte Mienen bei den Preu\u00dfen. Foto: Mithat G\u00fcrser.<\/figcaption><\/figure>\n<h5><span style=\"font-size: 16px;\">SV Viktoria Preu\u00dfen &#8211; SG Westend 3:7 (1:3)<\/span><\/h5>\n<p><img loading=\"lazy\" decoding=\"async\" class=\"alignnone size-full wp-image-12\" src=\"http:\/\/insideamateurfussball-ffm.de\/wp-content\/uploads\/2021\/11\/preussen.jpg\" alt=\"\" width=\"72\" height=\"80\" \/><img loading=\"lazy\" decoding=\"async\" class=\"alignnone size-full wp-image-611\" src=\"http:\/\/insideamateurfussball-ffm.de\/wp-content\/uploads\/2022\/06\/Westend.png\" alt=\"\" width=\"69\" height=\"80\" \/><\/p>\n<p><span style=\"font-size: 16px;\">&#8222;Westend war zwei Klassen besser &#8211; das muss man einfach so hinnehmen&#8220;, lautete das Fazit von Preu\u00dfen-Trainer Artur Rissling gegen\u00fcber der Frankfurter Neuen Presse. Auch in seinem an unser Portal verschickten Statement sprach er von einer berechtigten Niederlage, auch wenn er die Personalsituation mit drei \u00e4lteren Spielern auf der Ersatzbank erw\u00e4hnte. Sogar Rissling selbst wurde als Spieler auf dem Spielberichtsbogen aufgef\u00fchrt, kam aber nicht rein. <\/span><\/p>\n<p><span style=\"font-size: 16px;\">&#8222;Im Moment haben wir personell die Seuche, da sind wieder einige kurzfristig ausgefallen.&#8220; Dennoch boten die Gastgeber in der ersten halben Stunde Paroli, gingen sogar durch Ilias Dini in F\u00fchrung (8.). &#8222;Da haben wir kaum was zugelassen.&#8220; Jedoch glichen die G\u00e4ste mit einem abgef\u00e4lschten Freisto\u00df von Routinier Mirsen Mehmedovic aus (36.), der auch den Foulelfmeter &#8211; &#8222;den man nicht unbedingt pfeifen muss&#8220;, so Rissling &#8211; zum 2:1 verwandelte (40.). Kurz vor dem Pausenpfiff erh\u00f6hte Anas Bakkali auf 3:1 f\u00fcr Westend (45.).<\/span><\/p>\n<ul>\n<li><strong><span style=\"font-size: 16px;\">&#8222;Jetzt schauen wir mal, wie wir aus dieser Phase herauskommen&#8220; (Preu\u00dfen-Trainer Artur Rissling)<\/span><\/strong><\/li>\n<\/ul>\n<p><span style=\"font-size: 16px;\">Nach dem Seitenwechsel &#8222;hat Westend seine ganze Klasse ausgespielt, teilweise echt gute, sch\u00f6ne Tore gemacht. Eine zeitlang waren wir ebenb\u00fcrtig, dann hat man die Qualit\u00e4t von Westend gesehen&#8220;, die im zweiten Abschnitt mit einem Hattrick von Torj\u00e4ger Amin Andedam (56.\/62.\/64.) und Justin Pierre (75.) auf 7:1 davon zogen. Der Ex-Vilbeler Pascal Bausch verwandelte f\u00fcr die Hausherren noch zwei Elfmeter (77.\/79.), damit gestaltete er das Resultat etwas freundlicher. <\/span><\/p>\n<p><span style=\"font-size: 16px;\">&#8222;Ich konnte kaum nachlegen, der Gegner war besser besetzt. Jetzt schauen wir mal, wie wir aus dieser Phase herauskommen. Schwierig, wir machen weiter, denn wir k\u00f6nnen ja jetzt nicht aufh\u00f6ren. Wir hoffen, dass der eine oder andere zur\u00fcckkommt n\u00e4chste Woche. Wir versuchen das gemeinsam zu meistern.&#8220; Westends Sportlicher Leiter Thomas Horn freute sich \u00fcber den dritten Sieg in Folge: &#8222;Wir kommen in Schwung, die Mannschaft hat sich nach dem Trainerwechsel gefunden.&#8220; Am Sonntag gastieren die Preu\u00dfen in R\u00f6delheim (15 Uhr). Zeitgleich erwartet Westend die Union Niederrad.<\/span><\/p>\n<ul>\n<li><span style=\"font-size: 16px;\"><strong>Schiedsrichter: Daniel Meier (TSG W\u00f6rsdorf). <\/strong><\/span><\/li>\n<li><span style=\"font-size: 16px;\"><strong>Zuschauer: 44. <\/strong><\/span><\/li>\n<li><span style=\"font-size: 16px;\"><strong>Tore: 1:0 Ilias Dini (8.), 1:1, 1:2 Mirsen Mehmedovic (36.\/40., Foulelfmeter), 1:3 Anas Bakkali (45.), 1:4, 1:5, 1:6 Amin Anedam (56.\/62.\/64.), 1:7 Justin Pierre (75.), 2:7, 3:7 Pascal Bausch (77.\/79., beides Foulelfmeter).<\/strong><\/span><\/li>\n<li><span style=\"font-size: 16px;\"><strong> Bildergalerie: Mithat G\u00fcrser war bei seiner Zweiertour vor Ort. Vielen Dank!\u00a0 <\/strong>\u00a0 \u00a0<\/span><\/li>\n<\/ul>\n\n\n<figure class=\"wp-block-gallery has-nested-images columns-default is-cropped wp-block-gallery-1 is-layout-flex wp-block-gallery-is-layout-flex\">\n<figure class=\"wp-block-image size-large\"><img loading=\"lazy\" decoding=\"async\" width=\"886\" height=\"607\" data-id=\"28799\" src=\"https:\/\/insideamateurfussball-ffm.de\/wp-content\/uploads\/2025\/10\/preu-weste5.jpg\" alt=\"\" class=\"wp-image-28799\" srcset=\"https:\/\/insideamateurfussball-ffm.de\/wp-content\/uploads\/2025\/10\/preu-weste5.jpg 886w, https:\/\/insideamateurfussball-ffm.de\/wp-content\/uploads\/2025\/10\/preu-weste5-300x206.jpg 300w, https:\/\/insideamateurfussball-ffm.de\/wp-content\/uploads\/2025\/10\/preu-weste5-768x526.jpg 768w\" sizes=\"auto, (max-width: 886px) 100vw, 886px\" \/><\/figure>\n<\/figure>\n\n\n\n<figure class=\"wp-block-image size-full\"><img loading=\"lazy\" decoding=\"async\" width=\"886\" height=\"642\" src=\"https:\/\/insideamateurfussball-ffm.de\/wp-content\/uploads\/2025\/10\/preu-weste10.jpg\" alt=\"\" class=\"wp-image-28802\" srcset=\"https:\/\/insideamateurfussball-ffm.de\/wp-content\/uploads\/2025\/10\/preu-weste10.jpg 886w, https:\/\/insideamateurfussball-ffm.de\/wp-content\/uploads\/2025\/10\/preu-weste10-300x217.jpg 300w, https:\/\/insideamateurfussball-ffm.de\/wp-content\/uploads\/2025\/10\/preu-weste10-768x556.jpg 768w\" sizes=\"auto, (max-width: 886px) 100vw, 886px\" \/><\/figure>\n\n\n\n<figure class=\"wp-block-gallery has-nested-images columns-default is-cropped wp-block-gallery-2 is-layout-flex wp-block-gallery-is-layout-flex\">\n<figure class=\"wp-block-image size-large\"><img loading=\"lazy\" decoding=\"async\" width=\"897\" height=\"647\" data-id=\"28803\" src=\"https:\/\/insideamateurfussball-ffm.de\/wp-content\/uploads\/2025\/10\/preu-weste3.jpg\" alt=\"\" class=\"wp-image-28803\" srcset=\"https:\/\/insideamateurfussball-ffm.de\/wp-content\/uploads\/2025\/10\/preu-weste3.jpg 897w, https:\/\/insideamateurfussball-ffm.de\/wp-content\/uploads\/2025\/10\/preu-weste3-300x216.jpg 300w, https:\/\/insideamateurfussball-ffm.de\/wp-content\/uploads\/2025\/10\/preu-weste3-768x554.jpg 768w\" sizes=\"auto, (max-width: 897px) 100vw, 897px\" \/><\/figure>\n<\/figure>\n\n\n\n<figure class=\"wp-block-gallery has-nested-images columns-default is-cropped wp-block-gallery-3 is-layout-flex wp-block-gallery-is-layout-flex\">\n<figure class=\"wp-block-image size-large\"><img loading=\"lazy\" decoding=\"async\" width=\"885\" height=\"691\" data-id=\"28804\" src=\"https:\/\/insideamateurfussball-ffm.de\/wp-content\/uploads\/2025\/10\/preu-weste8.jpg\" alt=\"\" class=\"wp-image-28804\" srcset=\"https:\/\/insideamateurfussball-ffm.de\/wp-content\/uploads\/2025\/10\/preu-weste8.jpg 885w, https:\/\/insideamateurfussball-ffm.de\/wp-content\/uploads\/2025\/10\/preu-weste8-300x234.jpg 300w, https:\/\/insideamateurfussball-ffm.de\/wp-content\/uploads\/2025\/10\/preu-weste8-768x600.jpg 768w\" sizes=\"auto, (max-width: 885px) 100vw, 885px\" \/><\/figure>\n<\/figure>\n\n\n\n<figure class=\"wp-block-image size-full\"><img loading=\"lazy\" decoding=\"async\" width=\"886\" height=\"660\" src=\"https:\/\/insideamateurfussball-ffm.de\/wp-content\/uploads\/2025\/10\/preu-weste1.jpg\" alt=\"\" class=\"wp-image-28805\" srcset=\"https:\/\/insideamateurfussball-ffm.de\/wp-content\/uploads\/2025\/10\/preu-weste1.jpg 886w, https:\/\/insideamateurfussball-ffm.de\/wp-content\/uploads\/2025\/10\/preu-weste1-300x223.jpg 300w, https:\/\/insideamateurfussball-ffm.de\/wp-content\/uploads\/2025\/10\/preu-weste1-768x572.jpg 768w\" sizes=\"auto, (max-width: 886px) 100vw, 886px\" \/><\/figure>\n\n\n\n<figure class=\"wp-block-gallery has-nested-images columns-default is-cropped wp-block-gallery-4 is-layout-flex wp-block-gallery-is-layout-flex\">\n<figure class=\"wp-block-image size-large\"><img loading=\"lazy\" decoding=\"async\" width=\"886\" height=\"628\" data-id=\"28806\" src=\"https:\/\/insideamateurfussball-ffm.de\/wp-content\/uploads\/2025\/10\/preu-weste6.jpg\" alt=\"\" class=\"wp-image-28806\" srcset=\"https:\/\/insideamateurfussball-ffm.de\/wp-content\/uploads\/2025\/10\/preu-weste6.jpg 886w, https:\/\/insideamateurfussball-ffm.de\/wp-content\/uploads\/2025\/10\/preu-weste6-300x213.jpg 300w, https:\/\/insideamateurfussball-ffm.de\/wp-content\/uploads\/2025\/10\/preu-weste6-768x544.jpg 768w\" sizes=\"auto, (max-width: 886px) 100vw, 886px\" \/><\/figure>\n<\/figure>\n\n\n\n<figure class=\"wp-block-gallery has-nested-images columns-default is-cropped wp-block-gallery-5 is-layout-flex wp-block-gallery-is-layout-flex\">\n<figure class=\"wp-block-image size-large\"><img loading=\"lazy\" decoding=\"async\" width=\"886\" height=\"661\" data-id=\"28807\" src=\"https:\/\/insideamateurfussball-ffm.de\/wp-content\/uploads\/2025\/10\/preu-weste11.jpg\" alt=\"\" class=\"wp-image-28807\" srcset=\"https:\/\/insideamateurfussball-ffm.de\/wp-content\/uploads\/2025\/10\/preu-weste11.jpg 886w, https:\/\/insideamateurfussball-ffm.de\/wp-content\/uploads\/2025\/10\/preu-weste11-300x224.jpg 300w, https:\/\/insideamateurfussball-ffm.de\/wp-content\/uploads\/2025\/10\/preu-weste11-768x573.jpg 768w\" sizes=\"auto, (max-width: 886px) 100vw, 886px\" \/><\/figure>\n<\/figure>\n\n\n\n<figure class=\"wp-block-gallery has-nested-images columns-default is-cropped wp-block-gallery-6 is-layout-flex wp-block-gallery-is-layout-flex\">\n<figure class=\"wp-block-image size-large\"><img loading=\"lazy\" decoding=\"async\" width=\"886\" height=\"632\" data-id=\"28808\" src=\"https:\/\/insideamateurfussball-ffm.de\/wp-content\/uploads\/2025\/10\/preu-weste4.jpg\" alt=\"\" class=\"wp-image-28808\" srcset=\"https:\/\/insideamateurfussball-ffm.de\/wp-content\/uploads\/2025\/10\/preu-weste4.jpg 886w, https:\/\/insideamateurfussball-ffm.de\/wp-content\/uploads\/2025\/10\/preu-weste4-300x214.jpg 300w, https:\/\/insideamateurfussball-ffm.de\/wp-content\/uploads\/2025\/10\/preu-weste4-768x548.jpg 768w\" sizes=\"auto, (max-width: 886px) 100vw, 886px\" \/><\/figure>\n<\/figure>\n\n\n\n<figure class=\"wp-block-gallery has-nested-images columns-default is-cropped wp-block-gallery-7 is-layout-flex wp-block-gallery-is-layout-flex\">\n<figure class=\"wp-block-image size-large\"><img loading=\"lazy\" decoding=\"async\" width=\"939\" height=\"631\" data-id=\"28809\" src=\"https:\/\/insideamateurfussball-ffm.de\/wp-content\/uploads\/2025\/10\/preu-weste9.jpg\" alt=\"\" class=\"wp-image-28809\" srcset=\"https:\/\/insideamateurfussball-ffm.de\/wp-content\/uploads\/2025\/10\/preu-weste9.jpg 939w, https:\/\/insideamateurfussball-ffm.de\/wp-content\/uploads\/2025\/10\/preu-weste9-300x202.jpg 300w, https:\/\/insideamateurfussball-ffm.de\/wp-content\/uploads\/2025\/10\/preu-weste9-768x516.jpg 768w\" sizes=\"auto, (max-width: 939px) 100vw, 939px\" \/><\/figure>\n<\/figure>\n\n\n\n<figure class=\"wp-block-gallery has-nested-images columns-default is-cropped wp-block-gallery-8 is-layout-flex wp-block-gallery-is-layout-flex\">\n<figure class=\"wp-block-image size-large\"><img loading=\"lazy\" decoding=\"async\" width=\"886\" height=\"589\" data-id=\"28810\" src=\"https:\/\/insideamateurfussball-ffm.de\/wp-content\/uploads\/2025\/10\/preu-weste2.jpg\" alt=\"\" class=\"wp-image-28810\" srcset=\"https:\/\/insideamateurfussball-ffm.de\/wp-content\/uploads\/2025\/10\/preu-weste2.jpg 886w, https:\/\/insideamateurfussball-ffm.de\/wp-content\/uploads\/2025\/10\/preu-weste2-300x199.jpg 300w, https:\/\/insideamateurfussball-ffm.de\/wp-content\/uploads\/2025\/10\/preu-weste2-768x511.jpg 768w\" sizes=\"auto, (max-width: 886px) 100vw, 886px\" \/><\/figure>\n<\/figure>\n\n\n\n<figure class=\"wp-block-gallery has-nested-images columns-default is-cropped wp-block-gallery-9 is-layout-flex wp-block-gallery-is-layout-flex\">\n<figure class=\"wp-block-image size-large\"><img loading=\"lazy\" decoding=\"async\" width=\"806\" height=\"540\" data-id=\"28811\" src=\"https:\/\/insideamateurfussball-ffm.de\/wp-content\/uploads\/2025\/10\/preu-weste7.jpg\" alt=\"\" class=\"wp-image-28811\" srcset=\"https:\/\/insideamateurfussball-ffm.de\/wp-content\/uploads\/2025\/10\/preu-weste7.jpg 806w, https:\/\/insideamateurfussball-ffm.de\/wp-content\/uploads\/2025\/10\/preu-weste7-300x201.jpg 300w, https:\/\/insideamateurfussball-ffm.de\/wp-content\/uploads\/2025\/10\/preu-weste7-768x515.jpg 768w\" sizes=\"auto, (max-width: 806px) 100vw, 806px\" \/><\/figure>\n<\/figure>\n\n\n\n<figure class=\"wp-block-gallery has-nested-images columns-default is-cropped wp-block-gallery-10 is-layout-flex wp-block-gallery-is-layout-flex\">\n<figure class=\"wp-block-image size-large\"><img loading=\"lazy\" decoding=\"async\" width=\"886\" height=\"605\" data-id=\"28812\" src=\"https:\/\/insideamateurfussball-ffm.de\/wp-content\/uploads\/2025\/10\/preu-weste12.jpg\" alt=\"\" class=\"wp-image-28812\" srcset=\"https:\/\/insideamateurfussball-ffm.de\/wp-content\/uploads\/2025\/10\/preu-weste12.jpg 886w, https:\/\/insideamateurfussball-ffm.de\/wp-content\/uploads\/2025\/10\/preu-weste12-300x205.jpg 300w, https:\/\/insideamateurfussball-ffm.de\/wp-content\/uploads\/2025\/10\/preu-weste12-768x524.jpg 768w\" sizes=\"auto, (max-width: 886px) 100vw, 886px\" \/><\/figure>\n<\/figure>\n","protected":false},"excerpt":{"rendered":"<p>Der SV Viktoria Preu\u00dfen erlitt eine herbe 3:7-Heimschlappe gegen Aufsteiger SG Westend und steht weiter tief im Abstiegskampf, w\u00e4hrend die G\u00e4ste ihr Potenzial abrufen und auf Rang elf vorsto\u00dfen konnten.\u00a0 SV Viktoria Preu\u00dfen &#8211; SG Westend 3:7 (1:3) &#8222;Westend war zwei Klassen besser &#8211; das muss man einfach so hinnehmen&#8220;, lautete das Fazit von Preu\u00dfen-Trainer [&hellip;]<\/p>\n","protected":false},"author":1,"featured_media":28799,"comment_status":"closed","ping_status":"closed","sticky":true,"template":"","format":"standard","meta":{"footnotes":""},"categories":[2],"tags":[],"class_list":["post-28798","post","type-post","status-publish","format-standard","has-post-thumbnail","hentry","category-kreisoberliga-frankfurt"],"_links":{"self":[{"href":"https:\/\/insideamateurfussball-ffm.de\/index.php?rest_route=\/wp\/v2\/posts\/28798","targetHints":{"allow":["GET"]}}],"collection":[{"href":"https:\/\/insideamateurfussball-ffm.de\/index.php?rest_route=\/wp\/v2\/posts"}],"about":[{"href":"https:\/\/insideamateurfussball-ffm.de\/index.php?rest_route=\/wp\/v2\/types\/post"}],"author":[{"embeddable":true,"href":"https:\/\/insideamateurfussball-ffm.de\/index.php?rest_route=\/wp\/v2\/users\/1"}],"replies":[{"embeddable":true,"href":"https:\/\/insideamateurfussball-ffm.de\/index.php?rest_route=%2Fwp%2Fv2%2Fcomments&post=28798"}],"version-history":[{"count":2,"href":"https:\/\/insideamateurfussball-ffm.de\/index.php?rest_route=\/wp\/v2\/posts\/28798\/revisions"}],"predecessor-version":[{"id":28813,"href":"https:\/\/insideamateurfussball-ffm.de\/index.php?rest_route=\/wp\/v2\/posts\/28798\/revisions\/28813"}],"wp:featuredmedia":[{"embeddable":true,"href":"https:\/\/insideamateurfussball-ffm.de\/index.php?rest_route=\/wp\/v2\/media\/28799"}],"wp:attachment":[{"href":"https:\/\/insideamateurfussball-ffm.de\/index.php?rest_route=%2Fwp%2Fv2%2Fmedia&parent=28798"}],"wp:term":[{"taxonomy":"category","embeddable":true,"href":"https:\/\/insideamateurfussball-ffm.de\/index.php?rest_route=%2Fwp%2Fv2%2Fcategories&post=28798"},{"taxonomy":"post_tag","embeddable":true,"href":"https:\/\/insideamateurfussball-ffm.de\/index.php?rest_route=%2Fwp%2Fv2%2Ftags&post=28798"}],"curies":[{"name":"wp","href":"https:\/\/api.w.org\/{rel}","templated":true}]}}