{"id":2879,"date":"2022-10-01T23:43:48","date_gmt":"2022-10-01T21:43:48","guid":{"rendered":"http:\/\/insideamateurfussball-ffm.de\/?p=2879"},"modified":"2025-01-09T15:41:56","modified_gmt":"2025-01-09T14:41:56","slug":"eintracht-ii-muss-sich-mit-11-begnuegen","status":"publish","type":"post","link":"https:\/\/insideamateurfussball-ffm.de\/?p=2879","title":{"rendered":"Eintracht II muss sich mit 1:1 begn\u00fcgen"},"content":{"rendered":"<h5><span style=\"font-size: 16px;\">In der Hessenliga war Eintracht Frankfurt II schon am Freitagabend im Einsatz. Die U21 des Bundesligisten kehrte mit einem 1:1-Unentschieden von der Reise nach Nordhessen zum KSV Baunatal zur\u00fcck. In der Tabelle belegt das Perspektivteam mit 22 Punkten Rang vier und ist am Doppel-Spieltag nicht noch einmal gefordert. Die Heimpartie gegen Spitzenreiter TSV Eintracht Stadtallendorf wurde wegen der Beteiligung zahlreicher Spieler an der UEFA Youth League auf den 19. Oktober verschoben.\u00a0\u00a0<\/span><\/h5>\n<figure id=\"attachment_2880\" aria-describedby=\"caption-attachment-2880\" style=\"width: 312px\" class=\"wp-caption alignnone\"><img loading=\"lazy\" decoding=\"async\" class=\"wp-image-2880\" src=\"http:\/\/insideamateurfussball-ffm.de\/wp-content\/uploads\/2022\/10\/e39-300x220.jpg\" alt=\"\" width=\"312\" height=\"229\" \/><figcaption id=\"caption-attachment-2880\" class=\"wp-caption-text\"><strong>Eintracht Frankfurt II nahm aus Baunatal einen Punkt mit. Foto: Mithat G\u00fcrser.<\/strong><\/figcaption><\/figure>\n<h5><span style=\"font-size: 16px;\">KSV Baunatal &#8211; Eintracht Frankfurt &#8222;U21&#8220; 1:1 (0:0)<\/span><\/h5>\n<p><img loading=\"lazy\" decoding=\"async\" class=\"alignnone size-full wp-image-154\" src=\"http:\/\/insideamateurfussball-ffm.de\/wp-content\/uploads\/2022\/05\/KSV-Baunatal.jpg\" alt=\"\" width=\"60\" height=\"80\" \/><img loading=\"lazy\" decoding=\"async\" class=\"alignnone size-full wp-image-836\" src=\"http:\/\/insideamateurfussball-ffm.de\/wp-content\/uploads\/2022\/06\/SGE.jpg\" alt=\"\" width=\"79\" height=\"80\" \/><\/p>\n<p><span style=\"font-size: 16px; color: #999999;\">Wie \u00fcberall wo die Eintracht U21 in der Hessenliga auftaucht, f\u00fcllte sich das ansonsten sp\u00e4rlich besetzte Baunataler Parkstadion etwas mehr als sonst \u00fcblich. Rund 700 Zuschauer verfolgten die Partie am Freitagabend und sahen eine abwechslungsreiche Partie, in der es dem Team von Trainer Kristjan Glibo nicht gelang, die Torchancen effektiv zu nutzen. So dauerte es bis zur 65. Minute, als der Brasilianer Divaio Jhair Bobson die Adlertr\u00e4ger mit einem Diagonalschuss in F\u00fchrung brachte. Baunatals Sebastian Schmeer sorgte sieben Minuten vor Schluss f\u00fcr das leistungsgerechte Remis (83.). Die Eintracht II ist erst wieder am 8. Oktober gefordert. Dann steht eine k\u00fcrzere Ausw\u00e4rtsfahrt in den Kreis Hanau an, wenn man seine Visitenkarte beim 1. FC Erlensee abgibt (16 Uhr).\u00a0<\/span><\/p>\n<h5><span style=\"font-size: 16px;\">Schiedsrichter: Tobias Lecke (Bebra). Zuschauer: 700. <\/span><\/h5>\n<h5><span style=\"font-size: 16px;\">Tore: 0:1 Divaio Jhair Bobson (65.), 1:1 Sebastian Schmeer (83.).<\/span><\/h5>\n","protected":false},"excerpt":{"rendered":"<p>In der Hessenliga war Eintracht Frankfurt II schon am Freitagabend im Einsatz. Die U21 des Bundesligisten kehrte mit einem 1:1-Unentschieden von der Reise nach Nordhessen zum KSV Baunatal zur\u00fcck. In der Tabelle belegt das Perspektivteam mit 22 Punkten Rang vier und ist am Doppel-Spieltag nicht noch einmal gefordert. Die Heimpartie gegen Spitzenreiter TSV Eintracht Stadtallendorf [&hellip;]<\/p>\n","protected":false},"author":1,"featured_media":0,"comment_status":"open","ping_status":"open","sticky":false,"template":"","format":"standard","meta":{"footnotes":""},"categories":[8],"tags":[],"class_list":["post-2879","post","type-post","status-publish","format-standard","hentry","category-hessenliga"],"_links":{"self":[{"href":"https:\/\/insideamateurfussball-ffm.de\/index.php?rest_route=\/wp\/v2\/posts\/2879","targetHints":{"allow":["GET"]}}],"collection":[{"href":"https:\/\/insideamateurfussball-ffm.de\/index.php?rest_route=\/wp\/v2\/posts"}],"about":[{"href":"https:\/\/insideamateurfussball-ffm.de\/index.php?rest_route=\/wp\/v2\/types\/post"}],"author":[{"embeddable":true,"href":"https:\/\/insideamateurfussball-ffm.de\/index.php?rest_route=\/wp\/v2\/users\/1"}],"replies":[{"embeddable":true,"href":"https:\/\/insideamateurfussball-ffm.de\/index.php?rest_route=%2Fwp%2Fv2%2Fcomments&post=2879"}],"version-history":[{"count":1,"href":"https:\/\/insideamateurfussball-ffm.de\/index.php?rest_route=\/wp\/v2\/posts\/2879\/revisions"}],"predecessor-version":[{"id":2881,"href":"https:\/\/insideamateurfussball-ffm.de\/index.php?rest_route=\/wp\/v2\/posts\/2879\/revisions\/2881"}],"wp:attachment":[{"href":"https:\/\/insideamateurfussball-ffm.de\/index.php?rest_route=%2Fwp%2Fv2%2Fmedia&parent=2879"}],"wp:term":[{"taxonomy":"category","embeddable":true,"href":"https:\/\/insideamateurfussball-ffm.de\/index.php?rest_route=%2Fwp%2Fv2%2Fcategories&post=2879"},{"taxonomy":"post_tag","embeddable":true,"href":"https:\/\/insideamateurfussball-ffm.de\/index.php?rest_route=%2Fwp%2Fv2%2Ftags&post=2879"}],"curies":[{"name":"wp","href":"https:\/\/api.w.org\/{rel}","templated":true}]}}