{"id":28779,"date":"2025-10-20T22:14:35","date_gmt":"2025-10-20T21:14:35","guid":{"rendered":"https:\/\/insideamateurfussball-ffm.de\/?p=28779"},"modified":"2025-10-20T22:14:35","modified_gmt":"2025-10-20T21:14:35","slug":"bsc-mit-muehe-gegen-croatias-notelf","status":"publish","type":"post","link":"https:\/\/insideamateurfussball-ffm.de\/?p=28779","title":{"rendered":"BSC mit M\u00fche gegen Croatias Notelf"},"content":{"rendered":"<h5><span style=\"font-size: 16px;\">Der BSC Schwarz-Wei\u00df 19 tat sich lange schwer gegen die Notelf des FC Croatia. Letztlich reichte es noch zum einem 2:0-Heimsieg, mit dem die Gastgeber nur noch zwei Punkte von der Spitzenposition entfernt sind.\u00a0<\/span><\/h5>\n<figure id=\"attachment_28780\" aria-describedby=\"caption-attachment-28780\" style=\"width: 150px\" class=\"wp-caption alignleft\"><img loading=\"lazy\" decoding=\"async\" class=\"wp-image-28780 size-thumbnail\" src=\"http:\/\/insideamateurfussball-ffm.de\/wp-content\/uploads\/2025\/10\/bsc19-croa5-150x150.jpg\" alt=\"\" width=\"150\" height=\"150\" \/><figcaption id=\"caption-attachment-28780\" class=\"wp-caption-text\">Croatias Kapit\u00e4n Ivan Propadalo gegen zwei BSC-Spieler. Foto: Mithat G\u00fcrser.\u00a0\u00a0<\/figcaption><\/figure>\n<h5><span style=\"font-size: 16px;\">BSC Schwarz-Wei\u00df 19 &#8211; FC Croatia 2:0 (0:0)<\/span><\/h5>\n<p><img loading=\"lazy\" decoding=\"async\" class=\"alignnone size-full wp-image-285\" src=\"http:\/\/insideamateurfussball-ffm.de\/wp-content\/uploads\/2022\/05\/BSC-19.jpg\" alt=\"\" width=\"80\" height=\"61\" \/><img loading=\"lazy\" decoding=\"async\" class=\"alignnone size-full wp-image-29\" src=\"http:\/\/insideamateurfussball-ffm.de\/wp-content\/uploads\/2021\/11\/croatia.jpg\" alt=\"\" width=\"63\" height=\"80\" \/><\/p>\n<p><span style=\"font-size: 16px;\">Nach den ganzen Querelen bei Croatia mit dem Nichtantritt in Folge des Spielerstreiks ging es erstmal darum, eine Mannschaft aufbieten zu k\u00f6nnen, um wieder spielf\u00e4hig zu sein. Angef\u00fchrt vom Kapit\u00e4n Ivan Propadalo kratzte Croatia ein Aufgebot von zw\u00f6lf Spielern zusammen, vier davon hatten mittags schon in der Reserve beim C-Klasse-Spiel bei der SG 28 II (9:2) mitgewirkt und waren danach mit Trainer Damir Hustic, der dann auch die Erste Mannschaft coachte, an den Rosegger gefahren. Der zur Halbzeit eingewechselte Marko Vuckovic war der einzige Wechselspieler der G\u00e4ste, die noch einen R\u00fcckwechsel t\u00e4tigten. <\/span><\/p>\n<p><span style=\"font-size: 16px;\">Die auf dem Spielberichtsbogen noch aufgef\u00fchrten Ante Strljic und Ivan Kralj waren nicht zugegen. Keine Personalprobleme gab es hingegen bei den Gastgebern, denn Trainer Eleyas Kahsay standen 17 Fu\u00dfballer auf dem Spielberichtsbogen zur Verf\u00fcgung. &#8222;Wir sind ballsicher in der ersten Halbzeit gewesen mit deutlich mehr Spielanteilen, doch haben wir uns extrem schwer getan gegen defensiv stehende Kroaten, die nur mit langen B\u00f6llen nach vorne agierten&#8220;, berichtete Kahsay. &#8222;Die guten Chancen, die wir hatten, wurden leider durch falsche Abseitsentscheidungen gef\u00e4llt&#8220;, so Kahsay zum 0:0 zur Pause weiter. Das was der BSC vor hatte, passierte dann mehr oder weniger nach der Halbzeit, &#8222;da war mehr Bewegung und Spritzigkeit drin.&#8220;<\/span><\/p>\n<ul>\n<li><span style=\"font-size: 16px;\"><strong>&#8222;Wir haben ein ordentliches Spiel abgeliefert&#8220; (Croatias Pressesprecher Stanislav Konta)<\/strong><\/span><\/li>\n<\/ul>\n<p><span style=\"font-size: 16px;\">So fiel die F\u00fchrung durch einen umstrittenen Foulelfmeter durch Sebhat Kahsay kurz nach Wiederbeginn (51.). In der 82. Minute flog Croatia-Spieler Ivan Jonjic wegen Schiedsrichterbeleidigung mit der Roten Karte vom Platz. Kurz darauf machte Hicham Abdessadki mit dem 2:0 alles klar (85.). &#8222;Im gro\u00dfen und ganzen haben wir es uns etwas schwer gemacht, hatten wohl am Freitag einen Ticken zu lange trainiert und schwere Beine machten sich bemerkbar, dennoch war es ein sehr wichtiger und verdienter Sieg&#8220;, res\u00fcmierte Kahsay. Croatias Pressesprecher Stanislav Konta meinte: &#8222;Wir haben ein ordentliches Spiel abgeliefert, aber durch einen unberechtigten Elfmeter sind wir in R\u00fcckstand geraten und haben dann eine dumme Rote Karte kassiert. Ein Unentschieden w\u00e4re verdient gewesen. Die Jungs haben alles gut gemacht.&#8220; <\/span><\/p>\n<p><span style=\"font-size: 16px;\">F\u00fcr den 27. Oktober wurde eine au\u00dferordentliche Mitgliederversammlung einberufen, bei der auch Neuwahlen des Vorstandes auf der Tagesordnung stehen. Bis zur Winterpause gehe es laut Konta erstmal darum, zu jedem Spiel anzutreten, um sich in der Winterpause personell neu aufzustellen. F\u00fcr die sogenannten S\u00f6ldner sei die T\u00fcr verschlossen, auch Trainerkandidat Jorge Huberman nahm inzwischen von seinem Interesse Abstand. Am Sonntag geht es f\u00fcr den BSC zum Gruppenliga-Absteiger FFV Sportfreunde (15 Uhr). Croatia ist erstmal spielfrei und erwartet dann am 2. November die &#8222;Speuzer&#8220;.\u00a0<\/span><\/p>\n<ul>\n<li><span style=\"font-size: 16px;\"><strong>Schiedsrichter: Frederik Bason (ACE Gie\u00dfen). <\/strong><\/span><\/li>\n<li><span style=\"font-size: 16px;\"><strong>Zuschauer: 60. <\/strong><\/span><\/li>\n<li><span style=\"font-size: 16px;\"><strong>Tore: 1:0 Sebhat Kahsay (51.\/Foulelfmeter), 2:0 Hicham Abdessadki (85.). <\/strong><\/span><\/li>\n<li><span style=\"font-size: 16px;\"><strong>Bildergalerie: Mithat G\u00fcrser war wieder in einer Doppeltour unterwegs. Vielen Dank!\u00a0<\/strong> \u00a0 \u00a0\u00a0<\/span><\/li>\n<\/ul>\n\n\n<figure class=\"wp-block-image size-full\"><img loading=\"lazy\" decoding=\"async\" width=\"886\" height=\"632\" src=\"http:\/\/insideamateurfussball-ffm.de\/wp-content\/uploads\/2025\/10\/bsc19-croa5.jpg\" alt=\"\" class=\"wp-image-28780\" srcset=\"https:\/\/insideamateurfussball-ffm.de\/wp-content\/uploads\/2025\/10\/bsc19-croa5.jpg 886w, https:\/\/insideamateurfussball-ffm.de\/wp-content\/uploads\/2025\/10\/bsc19-croa5-300x214.jpg 300w, https:\/\/insideamateurfussball-ffm.de\/wp-content\/uploads\/2025\/10\/bsc19-croa5-768x548.jpg 768w\" sizes=\"auto, (max-width: 886px) 100vw, 886px\" \/><\/figure>\n\n\n\n<figure class=\"wp-block-gallery has-nested-images columns-default is-cropped wp-block-gallery-1 is-layout-flex wp-block-gallery-is-layout-flex\">\n<figure class=\"wp-block-image size-large\"><img loading=\"lazy\" decoding=\"async\" width=\"886\" height=\"665\" data-id=\"28781\" src=\"https:\/\/insideamateurfussball-ffm.de\/wp-content\/uploads\/2025\/10\/bsc19-croa11.jpg\" alt=\"\" class=\"wp-image-28781\" srcset=\"https:\/\/insideamateurfussball-ffm.de\/wp-content\/uploads\/2025\/10\/bsc19-croa11.jpg 886w, https:\/\/insideamateurfussball-ffm.de\/wp-content\/uploads\/2025\/10\/bsc19-croa11-300x225.jpg 300w, https:\/\/insideamateurfussball-ffm.de\/wp-content\/uploads\/2025\/10\/bsc19-croa11-768x576.jpg 768w\" sizes=\"auto, (max-width: 886px) 100vw, 886px\" \/><\/figure>\n<\/figure>\n\n\n\n<figure class=\"wp-block-image size-full\"><img loading=\"lazy\" decoding=\"async\" width=\"886\" height=\"590\" src=\"https:\/\/insideamateurfussball-ffm.de\/wp-content\/uploads\/2025\/10\/bsc19-croa2.jpg\" alt=\"\" class=\"wp-image-28782\" srcset=\"https:\/\/insideamateurfussball-ffm.de\/wp-content\/uploads\/2025\/10\/bsc19-croa2.jpg 886w, https:\/\/insideamateurfussball-ffm.de\/wp-content\/uploads\/2025\/10\/bsc19-croa2-300x200.jpg 300w, https:\/\/insideamateurfussball-ffm.de\/wp-content\/uploads\/2025\/10\/bsc19-croa2-768x511.jpg 768w\" sizes=\"auto, (max-width: 886px) 100vw, 886px\" \/><\/figure>\n\n\n\n<figure class=\"wp-block-gallery has-nested-images columns-default is-cropped wp-block-gallery-2 is-layout-flex wp-block-gallery-is-layout-flex\">\n<figure class=\"wp-block-image size-large\"><img loading=\"lazy\" decoding=\"async\" width=\"886\" height=\"649\" data-id=\"28783\" src=\"https:\/\/insideamateurfussball-ffm.de\/wp-content\/uploads\/2025\/10\/bsc19-croa8.jpg\" alt=\"\" class=\"wp-image-28783\" srcset=\"https:\/\/insideamateurfussball-ffm.de\/wp-content\/uploads\/2025\/10\/bsc19-croa8.jpg 886w, https:\/\/insideamateurfussball-ffm.de\/wp-content\/uploads\/2025\/10\/bsc19-croa8-300x220.jpg 300w, https:\/\/insideamateurfussball-ffm.de\/wp-content\/uploads\/2025\/10\/bsc19-croa8-768x563.jpg 768w\" sizes=\"auto, (max-width: 886px) 100vw, 886px\" \/><\/figure>\n<\/figure>\n\n\n\n<figure class=\"wp-block-gallery has-nested-images columns-default is-cropped wp-block-gallery-3 is-layout-flex wp-block-gallery-is-layout-flex\">\n<figure class=\"wp-block-image size-large\"><img loading=\"lazy\" decoding=\"async\" width=\"886\" height=\"656\" data-id=\"28784\" src=\"https:\/\/insideamateurfussball-ffm.de\/wp-content\/uploads\/2025\/10\/bsc19-croa13.jpg\" alt=\"\" class=\"wp-image-28784\" srcset=\"https:\/\/insideamateurfussball-ffm.de\/wp-content\/uploads\/2025\/10\/bsc19-croa13.jpg 886w, https:\/\/insideamateurfussball-ffm.de\/wp-content\/uploads\/2025\/10\/bsc19-croa13-300x222.jpg 300w, https:\/\/insideamateurfussball-ffm.de\/wp-content\/uploads\/2025\/10\/bsc19-croa13-768x569.jpg 768w\" sizes=\"auto, (max-width: 886px) 100vw, 886px\" \/><\/figure>\n<\/figure>\n\n\n\n<figure class=\"wp-block-gallery has-nested-images columns-default is-cropped wp-block-gallery-4 is-layout-flex wp-block-gallery-is-layout-flex\">\n<figure class=\"wp-block-image size-large\"><img loading=\"lazy\" decoding=\"async\" width=\"886\" height=\"639\" data-id=\"28785\" src=\"https:\/\/insideamateurfussball-ffm.de\/wp-content\/uploads\/2025\/10\/bsc19-croa4.jpg\" alt=\"\" class=\"wp-image-28785\" srcset=\"https:\/\/insideamateurfussball-ffm.de\/wp-content\/uploads\/2025\/10\/bsc19-croa4.jpg 886w, https:\/\/insideamateurfussball-ffm.de\/wp-content\/uploads\/2025\/10\/bsc19-croa4-300x216.jpg 300w, https:\/\/insideamateurfussball-ffm.de\/wp-content\/uploads\/2025\/10\/bsc19-croa4-768x554.jpg 768w\" sizes=\"auto, (max-width: 886px) 100vw, 886px\" \/><\/figure>\n<\/figure>\n\n\n\n<figure class=\"wp-block-image size-full\"><img loading=\"lazy\" decoding=\"async\" width=\"886\" height=\"590\" src=\"https:\/\/insideamateurfussball-ffm.de\/wp-content\/uploads\/2025\/10\/bsc19-croa10.jpg\" alt=\"\" class=\"wp-image-28786\" srcset=\"https:\/\/insideamateurfussball-ffm.de\/wp-content\/uploads\/2025\/10\/bsc19-croa10.jpg 886w, https:\/\/insideamateurfussball-ffm.de\/wp-content\/uploads\/2025\/10\/bsc19-croa10-300x200.jpg 300w, https:\/\/insideamateurfussball-ffm.de\/wp-content\/uploads\/2025\/10\/bsc19-croa10-768x511.jpg 768w\" sizes=\"auto, (max-width: 886px) 100vw, 886px\" \/><\/figure>\n\n\n\n<figure class=\"wp-block-gallery has-nested-images columns-default is-cropped wp-block-gallery-5 is-layout-flex wp-block-gallery-is-layout-flex\">\n<figure class=\"wp-block-image size-large\"><img loading=\"lazy\" decoding=\"async\" width=\"886\" height=\"660\" data-id=\"28787\" src=\"https:\/\/insideamateurfussball-ffm.de\/wp-content\/uploads\/2025\/10\/bsc19-croa1.jpg\" alt=\"\" class=\"wp-image-28787\" srcset=\"https:\/\/insideamateurfussball-ffm.de\/wp-content\/uploads\/2025\/10\/bsc19-croa1.jpg 886w, https:\/\/insideamateurfussball-ffm.de\/wp-content\/uploads\/2025\/10\/bsc19-croa1-300x223.jpg 300w, https:\/\/insideamateurfussball-ffm.de\/wp-content\/uploads\/2025\/10\/bsc19-croa1-768x572.jpg 768w\" sizes=\"auto, (max-width: 886px) 100vw, 886px\" \/><\/figure>\n<\/figure>\n\n\n\n<figure class=\"wp-block-gallery has-nested-images columns-default is-cropped wp-block-gallery-6 is-layout-flex wp-block-gallery-is-layout-flex\">\n<figure class=\"wp-block-image size-large\"><img loading=\"lazy\" decoding=\"async\" width=\"886\" height=\"590\" data-id=\"28788\" src=\"https:\/\/insideamateurfussball-ffm.de\/wp-content\/uploads\/2025\/10\/bsc19-croa7.jpg\" alt=\"\" class=\"wp-image-28788\" srcset=\"https:\/\/insideamateurfussball-ffm.de\/wp-content\/uploads\/2025\/10\/bsc19-croa7.jpg 886w, https:\/\/insideamateurfussball-ffm.de\/wp-content\/uploads\/2025\/10\/bsc19-croa7-300x200.jpg 300w, https:\/\/insideamateurfussball-ffm.de\/wp-content\/uploads\/2025\/10\/bsc19-croa7-768x511.jpg 768w\" sizes=\"auto, (max-width: 886px) 100vw, 886px\" \/><\/figure>\n<\/figure>\n\n\n\n<figure class=\"wp-block-gallery has-nested-images columns-default is-cropped wp-block-gallery-7 is-layout-flex wp-block-gallery-is-layout-flex\">\n<figure class=\"wp-block-image size-large\"><img loading=\"lazy\" decoding=\"async\" width=\"886\" height=\"648\" data-id=\"28789\" src=\"https:\/\/insideamateurfussball-ffm.de\/wp-content\/uploads\/2025\/10\/bsc19-croa12.jpg\" alt=\"\" class=\"wp-image-28789\" srcset=\"https:\/\/insideamateurfussball-ffm.de\/wp-content\/uploads\/2025\/10\/bsc19-croa12.jpg 886w, https:\/\/insideamateurfussball-ffm.de\/wp-content\/uploads\/2025\/10\/bsc19-croa12-300x219.jpg 300w, https:\/\/insideamateurfussball-ffm.de\/wp-content\/uploads\/2025\/10\/bsc19-croa12-768x562.jpg 768w\" sizes=\"auto, (max-width: 886px) 100vw, 886px\" \/><\/figure>\n<\/figure>\n\n\n\n<figure class=\"wp-block-gallery has-nested-images columns-default is-cropped wp-block-gallery-8 is-layout-flex wp-block-gallery-is-layout-flex\">\n<figure class=\"wp-block-image size-large\"><img loading=\"lazy\" decoding=\"async\" width=\"886\" height=\"650\" data-id=\"28790\" src=\"https:\/\/insideamateurfussball-ffm.de\/wp-content\/uploads\/2025\/10\/bsc19-croa3.jpg\" alt=\"\" class=\"wp-image-28790\" srcset=\"https:\/\/insideamateurfussball-ffm.de\/wp-content\/uploads\/2025\/10\/bsc19-croa3.jpg 886w, https:\/\/insideamateurfussball-ffm.de\/wp-content\/uploads\/2025\/10\/bsc19-croa3-300x220.jpg 300w, https:\/\/insideamateurfussball-ffm.de\/wp-content\/uploads\/2025\/10\/bsc19-croa3-768x563.jpg 768w\" sizes=\"auto, (max-width: 886px) 100vw, 886px\" \/><\/figure>\n<\/figure>\n\n\n\n<figure class=\"wp-block-gallery has-nested-images columns-default is-cropped wp-block-gallery-9 is-layout-flex wp-block-gallery-is-layout-flex\">\n<figure class=\"wp-block-image size-large\"><img loading=\"lazy\" decoding=\"async\" width=\"886\" height=\"680\" data-id=\"28791\" src=\"https:\/\/insideamateurfussball-ffm.de\/wp-content\/uploads\/2025\/10\/bsc19-croa9.jpg\" alt=\"\" class=\"wp-image-28791\" srcset=\"https:\/\/insideamateurfussball-ffm.de\/wp-content\/uploads\/2025\/10\/bsc19-croa9.jpg 886w, https:\/\/insideamateurfussball-ffm.de\/wp-content\/uploads\/2025\/10\/bsc19-croa9-300x230.jpg 300w, https:\/\/insideamateurfussball-ffm.de\/wp-content\/uploads\/2025\/10\/bsc19-croa9-768x589.jpg 768w\" sizes=\"auto, (max-width: 886px) 100vw, 886px\" \/><\/figure>\n<\/figure>\n\n\n\n<figure class=\"wp-block-gallery has-nested-images columns-default is-cropped wp-block-gallery-10 is-layout-flex wp-block-gallery-is-layout-flex\">\n<figure class=\"wp-block-image size-large\"><img loading=\"lazy\" decoding=\"async\" width=\"886\" height=\"644\" data-id=\"28792\" src=\"https:\/\/insideamateurfussball-ffm.de\/wp-content\/uploads\/2025\/10\/bsc19-croa14.jpg\" alt=\"\" class=\"wp-image-28792\" srcset=\"https:\/\/insideamateurfussball-ffm.de\/wp-content\/uploads\/2025\/10\/bsc19-croa14.jpg 886w, https:\/\/insideamateurfussball-ffm.de\/wp-content\/uploads\/2025\/10\/bsc19-croa14-300x218.jpg 300w, https:\/\/insideamateurfussball-ffm.de\/wp-content\/uploads\/2025\/10\/bsc19-croa14-768x558.jpg 768w\" sizes=\"auto, (max-width: 886px) 100vw, 886px\" \/><\/figure>\n<\/figure>\n","protected":false},"excerpt":{"rendered":"<p>Der BSC Schwarz-Wei\u00df 19 tat sich lange schwer gegen die Notelf des FC Croatia. Letztlich reichte es noch zum einem 2:0-Heimsieg, mit dem die Gastgeber nur noch zwei Punkte von der Spitzenposition entfernt sind.\u00a0 BSC Schwarz-Wei\u00df 19 &#8211; FC Croatia 2:0 (0:0) Nach den ganzen Querelen bei Croatia mit dem Nichtantritt in Folge des Spielerstreiks [&hellip;]<\/p>\n","protected":false},"author":1,"featured_media":28780,"comment_status":"closed","ping_status":"closed","sticky":true,"template":"","format":"standard","meta":{"footnotes":""},"categories":[2],"tags":[],"class_list":["post-28779","post","type-post","status-publish","format-standard","has-post-thumbnail","hentry","category-kreisoberliga-frankfurt"],"_links":{"self":[{"href":"https:\/\/insideamateurfussball-ffm.de\/index.php?rest_route=\/wp\/v2\/posts\/28779","targetHints":{"allow":["GET"]}}],"collection":[{"href":"https:\/\/insideamateurfussball-ffm.de\/index.php?rest_route=\/wp\/v2\/posts"}],"about":[{"href":"https:\/\/insideamateurfussball-ffm.de\/index.php?rest_route=\/wp\/v2\/types\/post"}],"author":[{"embeddable":true,"href":"https:\/\/insideamateurfussball-ffm.de\/index.php?rest_route=\/wp\/v2\/users\/1"}],"replies":[{"embeddable":true,"href":"https:\/\/insideamateurfussball-ffm.de\/index.php?rest_route=%2Fwp%2Fv2%2Fcomments&post=28779"}],"version-history":[{"count":1,"href":"https:\/\/insideamateurfussball-ffm.de\/index.php?rest_route=\/wp\/v2\/posts\/28779\/revisions"}],"predecessor-version":[{"id":28793,"href":"https:\/\/insideamateurfussball-ffm.de\/index.php?rest_route=\/wp\/v2\/posts\/28779\/revisions\/28793"}],"wp:featuredmedia":[{"embeddable":true,"href":"https:\/\/insideamateurfussball-ffm.de\/index.php?rest_route=\/wp\/v2\/media\/28780"}],"wp:attachment":[{"href":"https:\/\/insideamateurfussball-ffm.de\/index.php?rest_route=%2Fwp%2Fv2%2Fmedia&parent=28779"}],"wp:term":[{"taxonomy":"category","embeddable":true,"href":"https:\/\/insideamateurfussball-ffm.de\/index.php?rest_route=%2Fwp%2Fv2%2Fcategories&post=28779"},{"taxonomy":"post_tag","embeddable":true,"href":"https:\/\/insideamateurfussball-ffm.de\/index.php?rest_route=%2Fwp%2Fv2%2Ftags&post=28779"}],"curies":[{"name":"wp","href":"https:\/\/api.w.org\/{rel}","templated":true}]}}