{"id":28774,"date":"2025-10-20T21:03:31","date_gmt":"2025-10-20T20:03:31","guid":{"rendered":"https:\/\/insideamateurfussball-ffm.de\/?p=28774"},"modified":"2025-10-20T21:11:34","modified_gmt":"2025-10-20T20:11:34","slug":"concordia-erst-spielbestimmend-dann-wurde-harheim-gefaehrlich","status":"publish","type":"post","link":"https:\/\/insideamateurfussball-ffm.de\/?p=28774","title":{"rendered":"Concordia spielbestimmend, dann Harheim gef\u00e4hrlich"},"content":{"rendered":"<h5><span style=\"font-size: 16px;\">Zweites 2:2 in Folge f\u00fcr die SG Harheim, die gegen Concordia Eschersheim einen fr\u00fchen 0:2-R\u00fcckstand wettmachte. Die G\u00e4ste zeigten sich nach den zwei klaren Niederlagen wieder formverbessert, mussten sich aber mit einem Z\u00e4hler begn\u00fcgen.\u00a0<\/span><\/h5>\n<figure id=\"attachment_28515\" aria-describedby=\"caption-attachment-28515\" style=\"width: 652px\" class=\"wp-caption alignleft\"><img loading=\"lazy\" decoding=\"async\" class=\"wp-image-28515\" src=\"http:\/\/insideamateurfussball-ffm.de\/wp-content\/uploads\/2025\/10\/251012-Concordia-Heddernheim_06-1024x683.jpg\" alt=\"\" width=\"652\" height=\"435\" srcset=\"https:\/\/insideamateurfussball-ffm.de\/wp-content\/uploads\/2025\/10\/251012-Concordia-Heddernheim_06-1024x683.jpg 1024w, https:\/\/insideamateurfussball-ffm.de\/wp-content\/uploads\/2025\/10\/251012-Concordia-Heddernheim_06-300x200.jpg 300w, https:\/\/insideamateurfussball-ffm.de\/wp-content\/uploads\/2025\/10\/251012-Concordia-Heddernheim_06-768x512.jpg 768w, https:\/\/insideamateurfussball-ffm.de\/wp-content\/uploads\/2025\/10\/251012-Concordia-Heddernheim_06-1536x1024.jpg 1536w, https:\/\/insideamateurfussball-ffm.de\/wp-content\/uploads\/2025\/10\/251012-Concordia-Heddernheim_06-2048x1365.jpg 2048w\" sizes=\"auto, (max-width: 652px) 100vw, 652px\" \/><figcaption id=\"caption-attachment-28515\" class=\"wp-caption-text\">Die Ansprache von Kapit\u00e4n Averil Ringheim ist zum Ritual bei der Concordia geworden. Foto: Jan Werner.<\/figcaption><\/figure>\n<h5><span style=\"font-size: 16px;\">SG Harheim &#8211; Concordia Eschersheim 2:2 (1:2)<\/span><\/h5>\n<p><img loading=\"lazy\" decoding=\"async\" class=\"alignnone size-full wp-image-284\" src=\"http:\/\/insideamateurfussball-ffm.de\/wp-content\/uploads\/2022\/05\/Harheim.jpg\" alt=\"\" width=\"78\" height=\"80\" \/><img loading=\"lazy\" decoding=\"async\" class=\"alignnone size-full wp-image-37\" src=\"http:\/\/insideamateurfussball-ffm.de\/wp-content\/uploads\/2021\/11\/1sv07_news2_4178_01_01_02.jpg\" alt=\"\" width=\"80\" height=\"80\" \/><\/p>\n<p><span style=\"font-size: 16px;\">In der ersten Viertelstunde fuhr Concordia Eschersheim zwei blitzsaubere Konter und f\u00fchrte durch den 26-j\u00e4hrigen St\u00fcrmer Robin K\u00f6berle (5.) und den offensiven Mittelfeldspieler Jona Felix \u00dcffing mit 2:0 (15.).<\/span><\/p>\n<p><span style=\"font-size: 16px; color: initial;\">Da waren die G\u00e4ste so lange spielbestimmend, bis sich die Eschersheimer durch einen &#8222;sinnlosen wie leichtsinnigen Versuch durch die Mitte aufzubauen&#8220;, wie Trainer Roland Stipp die Situation beschrieb, das Anschlusstor einfingen.<\/span><\/p>\n<ul>\n<li><strong><span style=\"font-size: 16px;\">&#8222;Am Ende war es ein offener Schlagabtausch&#8220; (Concordia-Trainer Roland Stipp)<\/span><\/strong><\/li>\n<\/ul>\n<p><span style=\"font-size: 16px; color: initial;\"> Denn es gab nach einem Zuspiel eines Innenverteidigers zum Sechser am eigenen Strafraum einen Ballverlust, dann leistete sich dieser ein Foul und es gab Elfmeter, den Harheims sicherer Sch\u00fctze Ante Paradzik zum 1:2 verwandelte (24.). <\/span><span style=\"font-size: 16px;\">Anfang der zweiten H\u00e4lfte wurden die Gastgeber druckvoller und gef\u00e4hrlicher, die Folge war der Ausgleich durch Daniel Stumpp (53.). In der Schlussphase hatte noch Leo Segura die gro\u00dfe Harheimer M\u00f6glichkeit, konnte den Ball aber aus acht Metern nicht unterbringen. <\/span><\/p>\n<p><span style=\"font-size: 16px;\">&#8222;Anfang der zweiten H\u00e4lfte war Harheim deutlich gef\u00e4hrlicher und hat verdient ausgeglichen. Am Ende war es ein offener Schlagabtausch&#8220;, res\u00fcmierte Stipp. Harheims Spielauuschuss-Vorsitzender Markus G\u00e4rtner befand: &#8222;Nach der guten zweiten Halbzeit w\u00e4re ein Sieg verdient gewesen. Wir haben ohne vier Stammspieler gespielt. Den Schiedsrichter muss man loben, das war einer der besten, den wir hatten.&#8220; Harheim gastiert am Sonntag beim Tabellenzweiten SV 07 Heddernheim (15 Uhr). Zeitgleich erwartet die Concordia den neuen Tabellenf\u00fchrer FC Posavina, den man mit einem Sieg \u00fcberholen kann.\u00a0<\/span><\/p>\n<ul>\n<li><span style=\"font-size: 16px;\"><strong>Schiedsrichter: Emre Akyol (FSV Niedergr\u00fcndau). <\/strong><\/span><\/li>\n<li><span style=\"font-size: 16px;\"><strong>Zuschauer: 60.<\/strong><\/span><\/li>\n<li><span style=\"font-size: 16px;\"><strong>Tore: 0:1 Robin K\u00f6berle (5.), 0:2 Jona Felix \u00dcffing (15.), 1:2 Ante Paradzik (24.\/Foulelfmeter), 2:2 Daniel Stumpp (53.). <\/strong>\u00a0<\/span><\/li>\n<\/ul>\n","protected":false},"excerpt":{"rendered":"<p>Zweites 2:2 in Folge f\u00fcr die SG Harheim, die gegen Concordia Eschersheim einen fr\u00fchen 0:2-R\u00fcckstand wettmachte. Die G\u00e4ste zeigten sich nach den zwei klaren Niederlagen wieder formverbessert, mussten sich aber mit einem Z\u00e4hler begn\u00fcgen.\u00a0 SG Harheim &#8211; Concordia Eschersheim 2:2 (1:2) In der ersten Viertelstunde fuhr Concordia Eschersheim zwei blitzsaubere Konter und f\u00fchrte durch den [&hellip;]<\/p>\n","protected":false},"author":1,"featured_media":28515,"comment_status":"closed","ping_status":"closed","sticky":true,"template":"","format":"standard","meta":{"footnotes":""},"categories":[2],"tags":[],"class_list":["post-28774","post","type-post","status-publish","format-standard","has-post-thumbnail","hentry","category-kreisoberliga-frankfurt"],"_links":{"self":[{"href":"https:\/\/insideamateurfussball-ffm.de\/index.php?rest_route=\/wp\/v2\/posts\/28774","targetHints":{"allow":["GET"]}}],"collection":[{"href":"https:\/\/insideamateurfussball-ffm.de\/index.php?rest_route=\/wp\/v2\/posts"}],"about":[{"href":"https:\/\/insideamateurfussball-ffm.de\/index.php?rest_route=\/wp\/v2\/types\/post"}],"author":[{"embeddable":true,"href":"https:\/\/insideamateurfussball-ffm.de\/index.php?rest_route=\/wp\/v2\/users\/1"}],"replies":[{"embeddable":true,"href":"https:\/\/insideamateurfussball-ffm.de\/index.php?rest_route=%2Fwp%2Fv2%2Fcomments&post=28774"}],"version-history":[{"count":3,"href":"https:\/\/insideamateurfussball-ffm.de\/index.php?rest_route=\/wp\/v2\/posts\/28774\/revisions"}],"predecessor-version":[{"id":28778,"href":"https:\/\/insideamateurfussball-ffm.de\/index.php?rest_route=\/wp\/v2\/posts\/28774\/revisions\/28778"}],"wp:featuredmedia":[{"embeddable":true,"href":"https:\/\/insideamateurfussball-ffm.de\/index.php?rest_route=\/wp\/v2\/media\/28515"}],"wp:attachment":[{"href":"https:\/\/insideamateurfussball-ffm.de\/index.php?rest_route=%2Fwp%2Fv2%2Fmedia&parent=28774"}],"wp:term":[{"taxonomy":"category","embeddable":true,"href":"https:\/\/insideamateurfussball-ffm.de\/index.php?rest_route=%2Fwp%2Fv2%2Fcategories&post=28774"},{"taxonomy":"post_tag","embeddable":true,"href":"https:\/\/insideamateurfussball-ffm.de\/index.php?rest_route=%2Fwp%2Fv2%2Ftags&post=28774"}],"curies":[{"name":"wp","href":"https:\/\/api.w.org\/{rel}","templated":true}]}}