{"id":28772,"date":"2025-10-20T13:40:00","date_gmt":"2025-10-20T12:40:00","guid":{"rendered":"https:\/\/insideamateurfussball-ffm.de\/?p=28772"},"modified":"2025-10-20T20:24:49","modified_gmt":"2025-10-20T19:24:49","slug":"dortelweil-drittes-heim-11-in-folge","status":"publish","type":"post","link":"https:\/\/insideamateurfussball-ffm.de\/?p=28772","title":{"rendered":"Dortelweil: Drittes Heim-1:1 in Folge"},"content":{"rendered":"<h5><span style=\"font-size: 16px;\">Zum dritten Mal in Folge hie\u00df es f\u00fcr den SC Dortelweil in einem Heimspiel 1:1. Auch gegen den VfR Gro\u00df-Gerau kam das Team von Trainer G\u00fcltekin Cagritekin nicht \u00fcber ein Remis hinaus und bleibt punktgleich mit den G\u00e4sten Zw\u00f6lfter.\u00a0<\/span><\/h5>\n<figure id=\"attachment_28124\" aria-describedby=\"caption-attachment-28124\" style=\"width: 652px\" class=\"wp-caption alignleft\"><img loading=\"lazy\" decoding=\"async\" class=\"wp-image-28124\" src=\"http:\/\/insideamateurfussball-ffm.de\/wp-content\/uploads\/2025\/09\/SGB-VfRGG_250921-136-1024x683.jpg\" alt=\"\" width=\"652\" height=\"435\" srcset=\"https:\/\/insideamateurfussball-ffm.de\/wp-content\/uploads\/2025\/09\/SGB-VfRGG_250921-136-1024x683.jpg 1024w, https:\/\/insideamateurfussball-ffm.de\/wp-content\/uploads\/2025\/09\/SGB-VfRGG_250921-136-300x200.jpg 300w, https:\/\/insideamateurfussball-ffm.de\/wp-content\/uploads\/2025\/09\/SGB-VfRGG_250921-136-768x512.jpg 768w, https:\/\/insideamateurfussball-ffm.de\/wp-content\/uploads\/2025\/09\/SGB-VfRGG_250921-136-1536x1024.jpg 1536w, https:\/\/insideamateurfussball-ffm.de\/wp-content\/uploads\/2025\/09\/SGB-VfRGG_250921-136-2048x1365.jpg 2048w\" sizes=\"auto, (max-width: 652px) 100vw, 652px\" \/><figcaption id=\"caption-attachment-28124\" class=\"wp-caption-text\">Der VfR Gro\u00df-Gerau. Foto: Archiv Andre Sturmeit.\u00a0\u00a0<\/figcaption><\/figure>\n<h5><span style=\"font-size: 16px;\">SC Dortelweil &#8211; VfR Gro\u00df-Gerau 1:1 (0:0)<\/span><\/h5>\n<p><img loading=\"lazy\" decoding=\"async\" class=\"alignnone size-full wp-image-598\" src=\"http:\/\/insideamateurfussball-ffm.de\/wp-content\/uploads\/2022\/06\/Dortelweil.jpg\" alt=\"\" width=\"80\" height=\"80\" \/><img loading=\"lazy\" decoding=\"async\" class=\"alignnone size-full wp-image-16322\" src=\"http:\/\/insideamateurfussball-ffm.de\/wp-content\/uploads\/2024\/02\/vfr-gross-gerau.png\" alt=\"\" width=\"80\" height=\"80\" \/><\/p>\n<p>Es war das vierte Spiel in Folge ohne dreifachen Punktgewinn f\u00fcr die Dortelweiler, die in der ersten Halbzeit ohne hochkar\u00e4tige Chancen auskommen mussten.<\/p>\n<ul>\n<li><strong><span style=\"font-size: 16px;\">Sonntag 13 Uhr bei RW Walldorf II<\/span><\/strong><\/li>\n<\/ul>\n<p>Nach dem Seitenwechsel hatten die Gastgeber mehr Kontrolle. Der Lohn war der F\u00fchrungstreffer durch Joker Mohamed El Allaoui (71.). Doch eine Direktabnahme von Adrian Hofmann sorgte f\u00fcr den Ausgleich der G\u00e4ste, die damit das Remis mitnahmen (83.).<\/p>\n<p>&#8222;Insgesamt ist das Unentschieden leistungsgerecht&#8220;, erkannte Dortelweils Co-Trainer Stefan Geppert an. N\u00e4chsten Sonntag geht es schon um 13 Uhr zur Reserve von Rot-Wei\u00df Walldorf.<\/p>\n<ul>\n<li><strong><span style=\"font-size: 16px;\">Schiedsrichter: Dominic Dylka (SG Kiebitzgrund). <\/span><\/strong><\/li>\n<li><strong><span style=\"font-size: 16px;\">Zuschauer: 110. <\/span><\/strong><\/li>\n<li><strong><span style=\"font-size: 16px;\">Tore: 1:0 Mohamed El Allaoui (71.), 1:1 Adrian Hofmann (83.). <\/span><\/strong><strong><span style=\"font-size: 16px;\">\u00a0<\/span><\/strong><\/li>\n<\/ul>\n","protected":false},"excerpt":{"rendered":"<p>Zum dritten Mal in Folge hie\u00df es f\u00fcr den SC Dortelweil in einem Heimspiel 1:1. Auch gegen den VfR Gro\u00df-Gerau kam das Team von Trainer G\u00fcltekin Cagritekin nicht \u00fcber ein Remis hinaus und bleibt punktgleich mit den G\u00e4sten Zw\u00f6lfter.\u00a0 SC Dortelweil &#8211; VfR Gro\u00df-Gerau 1:1 (0:0) Es war das vierte Spiel in Folge ohne dreifachen [&hellip;]<\/p>\n","protected":false},"author":1,"featured_media":28124,"comment_status":"closed","ping_status":"closed","sticky":true,"template":"","format":"standard","meta":{"footnotes":""},"categories":[10],"tags":[],"class_list":["post-28772","post","type-post","status-publish","format-standard","has-post-thumbnail","hentry","category-verbandsliga-sued"],"_links":{"self":[{"href":"https:\/\/insideamateurfussball-ffm.de\/index.php?rest_route=\/wp\/v2\/posts\/28772","targetHints":{"allow":["GET"]}}],"collection":[{"href":"https:\/\/insideamateurfussball-ffm.de\/index.php?rest_route=\/wp\/v2\/posts"}],"about":[{"href":"https:\/\/insideamateurfussball-ffm.de\/index.php?rest_route=\/wp\/v2\/types\/post"}],"author":[{"embeddable":true,"href":"https:\/\/insideamateurfussball-ffm.de\/index.php?rest_route=\/wp\/v2\/users\/1"}],"replies":[{"embeddable":true,"href":"https:\/\/insideamateurfussball-ffm.de\/index.php?rest_route=%2Fwp%2Fv2%2Fcomments&post=28772"}],"version-history":[{"count":1,"href":"https:\/\/insideamateurfussball-ffm.de\/index.php?rest_route=\/wp\/v2\/posts\/28772\/revisions"}],"predecessor-version":[{"id":28773,"href":"https:\/\/insideamateurfussball-ffm.de\/index.php?rest_route=\/wp\/v2\/posts\/28772\/revisions\/28773"}],"wp:featuredmedia":[{"embeddable":true,"href":"https:\/\/insideamateurfussball-ffm.de\/index.php?rest_route=\/wp\/v2\/media\/28124"}],"wp:attachment":[{"href":"https:\/\/insideamateurfussball-ffm.de\/index.php?rest_route=%2Fwp%2Fv2%2Fmedia&parent=28772"}],"wp:term":[{"taxonomy":"category","embeddable":true,"href":"https:\/\/insideamateurfussball-ffm.de\/index.php?rest_route=%2Fwp%2Fv2%2Fcategories&post=28772"},{"taxonomy":"post_tag","embeddable":true,"href":"https:\/\/insideamateurfussball-ffm.de\/index.php?rest_route=%2Fwp%2Fv2%2Ftags&post=28772"}],"curies":[{"name":"wp","href":"https:\/\/api.w.org\/{rel}","templated":true}]}}