{"id":28739,"date":"2025-10-20T14:19:04","date_gmt":"2025-10-20T13:19:04","guid":{"rendered":"https:\/\/insideamateurfussball-ffm.de\/?p=28739"},"modified":"2025-10-20T14:19:04","modified_gmt":"2025-10-20T13:19:04","slug":"tempo-siegt-auch-in-kaichen","status":"publish","type":"post","link":"https:\/\/insideamateurfussball-ffm.de\/?p=28739","title":{"rendered":"Tempo siegt auch in Kaichen"},"content":{"rendered":"<h4>Der FC Tempo bleibt mit die \u00dcberraschungsmannschaft der Saison und liegt nach dem 2:0-Sieg beim FC Kaichen auf dem 5.Tabellenplatz, nur zwei Punkte hinter dem Relegationsplatz.<\/h4>\n<figure id=\"attachment_28740\" aria-describedby=\"caption-attachment-28740\" style=\"width: 888px\" class=\"wp-caption alignnone\"><img loading=\"lazy\" decoding=\"async\" class=\"wp-image-28740 size-full\" src=\"http:\/\/insideamateurfussball-ffm.de\/wp-content\/uploads\/2025\/10\/temp-ober-5.jpg\" alt=\"\" width=\"888\" height=\"591\" srcset=\"https:\/\/insideamateurfussball-ffm.de\/wp-content\/uploads\/2025\/10\/temp-ober-5.jpg 888w, https:\/\/insideamateurfussball-ffm.de\/wp-content\/uploads\/2025\/10\/temp-ober-5-300x200.jpg 300w, https:\/\/insideamateurfussball-ffm.de\/wp-content\/uploads\/2025\/10\/temp-ober-5-768x511.jpg 768w\" sizes=\"auto, (max-width: 888px) 100vw, 888px\" \/><figcaption id=\"caption-attachment-28740\" class=\"wp-caption-text\">Der FC Tempo ,war erneut erfolgreich. Foto: Archiv Mithat G\u00fcrser<\/figcaption><\/figure>\n<h4>FC Kaichen &#8211; FC Tempo 0:2 (0:0)<\/h4>\n<p><img loading=\"lazy\" decoding=\"async\" class=\"alignnone size-full wp-image-20254\" src=\"http:\/\/insideamateurfussball-ffm.de\/wp-content\/uploads\/2024\/08\/o-kaichen.jpeg\" alt=\"\" width=\"88\" height=\"99\" \/><img loading=\"lazy\" decoding=\"async\" class=\"alignnone size-full wp-image-31\" src=\"http:\/\/insideamateurfussball-ffm.de\/wp-content\/uploads\/2021\/11\/Tempo.jpg\" alt=\"\" width=\"80\" height=\"80\" \/><\/p>\n<p>Tempos Sportlicher Leiter war nach dem Sieg beim FC Kaichen zufrieden: \u201ees war ein schweres Spiel auf einer schwer bespielbaren Wiese, aber wir haben derzeit einen Lauf, und dann gewinnt man solche Spiele.\u201c In der ersten Halbzeit passierte auf beiden Seiten nicht allzu viel und so ging es mit einem leistungsgerechten 0:0 in die Pause. In der zweiten H\u00e4lfte gelang den G\u00e4sten dann in der 66.Minute das 1:0, Goran Grijak war nach einem Eckball zur Stelle und dr\u00fcckte den Ball \u00fcber die Linie.<\/p>\n<p>Nur zwei Minuten sp\u00e4ter erhielt Kaichens Abwehrspieler Luca Kuhn nach einem Foulspiel die rote Karte, die Gastgeber danach also in Unterzahl. Die Frankfurter kamen nach einem Eckball in der 81.Minute dann zur Entscheidung, der vier Minuten vorher eingewechselte David Ristic erzielte den Endstand zum 2:0. Am n\u00e4chsten Wochenende empf\u00e4ngt Tempo den FV Stierstadt, der mit einem Punkte weniger einen Platz hinter den Ginnheimern liegt.<\/p>\n<h4>Schiedsrichter: Felix Krauser (FC Eddersheim). Zuschauer: 110.<\/h4>\n<h4>Tore: 0:1 Goran Grijak (66.), 0:2 David Ristic (81.)<\/h4>\n","protected":false},"excerpt":{"rendered":"<p>Der FC Tempo bleibt mit die \u00dcberraschungsmannschaft der Saison und liegt nach dem 2:0-Sieg beim FC Kaichen auf dem 5.Tabellenplatz, nur zwei Punkte hinter dem Relegationsplatz. FC Kaichen &#8211; FC Tempo 0:2 (0:0) Tempos Sportlicher Leiter war nach dem Sieg beim FC Kaichen zufrieden: \u201ees war ein schweres Spiel auf einer schwer bespielbaren Wiese, aber [&hellip;]<\/p>\n","protected":false},"author":3,"featured_media":28740,"comment_status":"closed","ping_status":"open","sticky":true,"template":"","format":"standard","meta":{"footnotes":""},"categories":[13],"tags":[],"class_list":["post-28739","post","type-post","status-publish","format-standard","has-post-thumbnail","hentry","category-gruppenliga-frankfurt-west"],"_links":{"self":[{"href":"https:\/\/insideamateurfussball-ffm.de\/index.php?rest_route=\/wp\/v2\/posts\/28739","targetHints":{"allow":["GET"]}}],"collection":[{"href":"https:\/\/insideamateurfussball-ffm.de\/index.php?rest_route=\/wp\/v2\/posts"}],"about":[{"href":"https:\/\/insideamateurfussball-ffm.de\/index.php?rest_route=\/wp\/v2\/types\/post"}],"author":[{"embeddable":true,"href":"https:\/\/insideamateurfussball-ffm.de\/index.php?rest_route=\/wp\/v2\/users\/3"}],"replies":[{"embeddable":true,"href":"https:\/\/insideamateurfussball-ffm.de\/index.php?rest_route=%2Fwp%2Fv2%2Fcomments&post=28739"}],"version-history":[{"count":2,"href":"https:\/\/insideamateurfussball-ffm.de\/index.php?rest_route=\/wp\/v2\/posts\/28739\/revisions"}],"predecessor-version":[{"id":28742,"href":"https:\/\/insideamateurfussball-ffm.de\/index.php?rest_route=\/wp\/v2\/posts\/28739\/revisions\/28742"}],"wp:featuredmedia":[{"embeddable":true,"href":"https:\/\/insideamateurfussball-ffm.de\/index.php?rest_route=\/wp\/v2\/media\/28740"}],"wp:attachment":[{"href":"https:\/\/insideamateurfussball-ffm.de\/index.php?rest_route=%2Fwp%2Fv2%2Fmedia&parent=28739"}],"wp:term":[{"taxonomy":"category","embeddable":true,"href":"https:\/\/insideamateurfussball-ffm.de\/index.php?rest_route=%2Fwp%2Fv2%2Fcategories&post=28739"},{"taxonomy":"post_tag","embeddable":true,"href":"https:\/\/insideamateurfussball-ffm.de\/index.php?rest_route=%2Fwp%2Fv2%2Ftags&post=28739"}],"curies":[{"name":"wp","href":"https:\/\/api.w.org\/{rel}","templated":true}]}}