{"id":28735,"date":"2025-10-20T13:57:31","date_gmt":"2025-10-20T12:57:31","guid":{"rendered":"https:\/\/insideamateurfussball-ffm.de\/?p=28735"},"modified":"2025-10-20T13:57:31","modified_gmt":"2025-10-20T12:57:31","slug":"germania-wieder-zurueck-mit-sieg","status":"publish","type":"post","link":"https:\/\/insideamateurfussball-ffm.de\/?p=28735","title":{"rendered":"Germania wieder zur\u00fcck mit Sieg"},"content":{"rendered":"<h4>Der VfL Germania 94 siegte nach zwei Niederlagen und dem Pokalaus wieder, mit dem 2:1 beim Aufsteiger SG Wehrheim\/Pfaffenwiesbach ist die Germania jetzt auch nach dem Abzug der 15 Minuspunkte im Plus-Punktebereich.<\/h4>\n<figure id=\"attachment_28736\" aria-describedby=\"caption-attachment-28736\" style=\"width: 2016px\" class=\"wp-caption alignnone\"><img loading=\"lazy\" decoding=\"async\" class=\"wp-image-28736 size-full\" src=\"http:\/\/insideamateurfussball-ffm.de\/wp-content\/uploads\/2025\/10\/germaniafauerbach01.jpg\" alt=\"\" width=\"2016\" height=\"1512\" srcset=\"https:\/\/insideamateurfussball-ffm.de\/wp-content\/uploads\/2025\/10\/germaniafauerbach01.jpg 2016w, https:\/\/insideamateurfussball-ffm.de\/wp-content\/uploads\/2025\/10\/germaniafauerbach01-300x225.jpg 300w, https:\/\/insideamateurfussball-ffm.de\/wp-content\/uploads\/2025\/10\/germaniafauerbach01-1024x768.jpg 1024w, https:\/\/insideamateurfussball-ffm.de\/wp-content\/uploads\/2025\/10\/germaniafauerbach01-768x576.jpg 768w, https:\/\/insideamateurfussball-ffm.de\/wp-content\/uploads\/2025\/10\/germaniafauerbach01-1536x1152.jpg 1536w\" sizes=\"auto, (max-width: 2016px) 100vw, 2016px\" \/><figcaption id=\"caption-attachment-28736\" class=\"wp-caption-text\">VfL Germania 94 ist zur\u00fcck in der Er4folgsspur. Foto. Archiv MZ<\/figcaption><\/figure>\n<h4>SG Wehrheim\/Pfaffenwiesbach &#8211; VfL Germania 94 1:2 (1:1)<\/h4>\n<p><img loading=\"lazy\" decoding=\"async\" class=\"alignnone size-full wp-image-27000\" src=\"http:\/\/insideamateurfussball-ffm.de\/wp-content\/uploads\/2025\/08\/logowehrheim.jpeg\" alt=\"\" width=\"80\" height=\"80\" \/><img loading=\"lazy\" decoding=\"async\" class=\"alignnone size-full wp-image-11577\" src=\"http:\/\/insideamateurfussball-ffm.de\/wp-content\/uploads\/2023\/08\/Germania-94.jpg\" alt=\"\" width=\"80\" height=\"80\" \/><\/p>\n<p>Der VfL Germania 94 startet die Aufholjagd, nach dem Sieg bei der SG Wehrheim\/Pfaffenwiesbach steht man in der Tabelle jetzt bei einem virtuellen Pluspunkt, der Abstand zum derzeitigen Relegationsplatz betr\u00e4gt 9 Punkte. In Wehrheim wurde aufgrund der Sperrung des Rasenplatzes zum ersten Mal in dieser Saison auf dem Kunstrasen gespielt, der Aufsteiger hatte bisher schon 4 Siege feiern k\u00f6nnen. Germanias Tainer Siar Daudi. \u201ees war ein schwieriges Spiel, der Gegner hat uns zugepresst, das Remis zur Halbzeit war eher schmeichelhaft f\u00fcr uns.\u201c Der VfL konnte in der 22.Minute durch Koukou Barrista Nkingue Fiankeu in F\u00fchrung gehen, doch postwendend erzielte Patrick Berschick den 1:1-Ausgleich f\u00fcr die Gastgeber, bei dem es bis zur Halbzeit blieb.<\/p>\n<p>In der zweiten Halbzeit waren die G\u00e4ste dann die spielbestimmende Mannschaft und gingen erneut in F\u00fchrung, Torsch\u00fctze in der 60.Minute war Komy Casia Lancine Camara. Bis zur 71.Minute war Germania \u00fcberlegen, doch dann drehte sich der Moment wieder, Ausl\u00f6ser war die gelb-rote Karte gegen den zur Halbzeit eingewechselten Okan G\u00f6t\u00fcrmen, der erst einen Freisto\u00df des Gegners blockte und nach der gelben Karte dann wegen Meckerns die Ampelkarte erhielt. In der 90.Minute sah auf Seiten der Gastgeber dann noch Paul Tim Hundhausen die rote Karte nach einer Notbremse, die Germania brachte den knappen Vorsprung \u00fcber die Ziellinie und kam mit drei Punkten zur\u00fcck nach Hause. Daudi: \u201eam Ende war der Sieg verdient, wir hoffen, bis zur Winterpause noch einige Punkte holen zu k\u00f6nnen.\u201c<\/p>\n<p>Am n\u00e4chsten Wochenende empf\u00e4ngt der VfL den Aufsteiger FSG Burg-Gr\u00e4fenrode, der mit 8 Punkten derzeit den vorletzten Platz belegt.<\/p>\n<h4>Schiedsrichter: Rusmir Muvanovoc (SG Rosenh\u00f6he). Zuschauer: 80.<\/h4>\n<h4>Tore: 0:1 Koukou Barrista Nkingue Fiankeu (22.), 1:1 Patrick Berschick (23.), 1:2 Komy Casia Lancine Camara (60.)<\/h4>\n","protected":false},"excerpt":{"rendered":"<p>Der VfL Germania 94 siegte nach zwei Niederlagen und dem Pokalaus wieder, mit dem 2:1 beim Aufsteiger SG Wehrheim\/Pfaffenwiesbach ist die Germania jetzt auch nach dem Abzug der 15 Minuspunkte im Plus-Punktebereich. SG Wehrheim\/Pfaffenwiesbach &#8211; VfL Germania 94 1:2 (1:1) Der VfL Germania 94 startet die Aufholjagd, nach dem Sieg bei der SG Wehrheim\/Pfaffenwiesbach steht [&hellip;]<\/p>\n","protected":false},"author":3,"featured_media":28736,"comment_status":"closed","ping_status":"open","sticky":true,"template":"","format":"standard","meta":{"footnotes":""},"categories":[13],"tags":[],"class_list":["post-28735","post","type-post","status-publish","format-standard","has-post-thumbnail","hentry","category-gruppenliga-frankfurt-west"],"_links":{"self":[{"href":"https:\/\/insideamateurfussball-ffm.de\/index.php?rest_route=\/wp\/v2\/posts\/28735","targetHints":{"allow":["GET"]}}],"collection":[{"href":"https:\/\/insideamateurfussball-ffm.de\/index.php?rest_route=\/wp\/v2\/posts"}],"about":[{"href":"https:\/\/insideamateurfussball-ffm.de\/index.php?rest_route=\/wp\/v2\/types\/post"}],"author":[{"embeddable":true,"href":"https:\/\/insideamateurfussball-ffm.de\/index.php?rest_route=\/wp\/v2\/users\/3"}],"replies":[{"embeddable":true,"href":"https:\/\/insideamateurfussball-ffm.de\/index.php?rest_route=%2Fwp%2Fv2%2Fcomments&post=28735"}],"version-history":[{"count":2,"href":"https:\/\/insideamateurfussball-ffm.de\/index.php?rest_route=\/wp\/v2\/posts\/28735\/revisions"}],"predecessor-version":[{"id":28738,"href":"https:\/\/insideamateurfussball-ffm.de\/index.php?rest_route=\/wp\/v2\/posts\/28735\/revisions\/28738"}],"wp:featuredmedia":[{"embeddable":true,"href":"https:\/\/insideamateurfussball-ffm.de\/index.php?rest_route=\/wp\/v2\/media\/28736"}],"wp:attachment":[{"href":"https:\/\/insideamateurfussball-ffm.de\/index.php?rest_route=%2Fwp%2Fv2%2Fmedia&parent=28735"}],"wp:term":[{"taxonomy":"category","embeddable":true,"href":"https:\/\/insideamateurfussball-ffm.de\/index.php?rest_route=%2Fwp%2Fv2%2Fcategories&post=28735"},{"taxonomy":"post_tag","embeddable":true,"href":"https:\/\/insideamateurfussball-ffm.de\/index.php?rest_route=%2Fwp%2Fv2%2Ftags&post=28735"}],"curies":[{"name":"wp","href":"https:\/\/api.w.org\/{rel}","templated":true}]}}