{"id":28732,"date":"2025-10-20T13:49:49","date_gmt":"2025-10-20T12:49:49","guid":{"rendered":"https:\/\/insideamateurfussball-ffm.de\/?p=28732"},"modified":"2025-10-20T13:49:49","modified_gmt":"2025-10-20T12:49:49","slug":"zeilsheim-kann-doch-noch-gewinnen","status":"publish","type":"post","link":"https:\/\/insideamateurfussball-ffm.de\/?p=28732","title":{"rendered":"Zeilsheim kann doch noch gewinnen"},"content":{"rendered":"<h4>Der SV Zeilsheim konnte drei wichtige Punkte einfahren, mit einer verbesserten Personalsituation konnte der Tabellenletzte FV Breidenbach am Ende klar mit 4:1 geschlagen werden.<\/h4>\n<figure id=\"attachment_28733\" aria-describedby=\"caption-attachment-28733\" style=\"width: 1112px\" class=\"wp-caption alignnone\"><img loading=\"lazy\" decoding=\"async\" class=\"wp-image-28733 size-full\" src=\"http:\/\/insideamateurfussball-ffm.de\/wp-content\/uploads\/2025\/10\/Kapitaen-Andre-Fliess-mit-einer-starken-Partie.jpg\" alt=\"\" width=\"1112\" height=\"1336\" srcset=\"https:\/\/insideamateurfussball-ffm.de\/wp-content\/uploads\/2025\/10\/Kapitaen-Andre-Fliess-mit-einer-starken-Partie.jpg 1112w, https:\/\/insideamateurfussball-ffm.de\/wp-content\/uploads\/2025\/10\/Kapitaen-Andre-Fliess-mit-einer-starken-Partie-250x300.jpg 250w, https:\/\/insideamateurfussball-ffm.de\/wp-content\/uploads\/2025\/10\/Kapitaen-Andre-Fliess-mit-einer-starken-Partie-852x1024.jpg 852w, https:\/\/insideamateurfussball-ffm.de\/wp-content\/uploads\/2025\/10\/Kapitaen-Andre-Fliess-mit-einer-starken-Partie-768x923.jpg 768w\" sizes=\"auto, (max-width: 1112px) 100vw, 1112px\" \/><figcaption id=\"caption-attachment-28733\" class=\"wp-caption-text\">Kapit\u00e4n Andre Flie\u00df mit einer starken Partie. Foto: Verein<\/figcaption><\/figure>\n<h4>SV 1919 Zeilsheim \u2013 FV 09 Breidenbach 4:1 (1:0)<\/h4>\n<p><img loading=\"lazy\" decoding=\"async\" class=\"alignnone size-full wp-image-20302\" src=\"http:\/\/insideamateurfussball-ffm.de\/wp-content\/uploads\/2024\/08\/logo-zeilsheim.jpeg\" alt=\"\" width=\"68\" height=\"80\" \/><img loading=\"lazy\" decoding=\"async\" class=\"alignnone size-full wp-image-2308\" src=\"http:\/\/insideamateurfussball-ffm.de\/wp-content\/uploads\/2022\/08\/Breid.jpg\" alt=\"\" width=\"80\" height=\"80\" \/><\/p>\n<p>(Zeilsheim, 19.10.2025). Von einem &#8222;Befreiungsschlag&#8220; kann man noch nicht sprechen -doch ist es nach Aussage von Zeilsheims 1. Vorsitzenden Peter Strauch ein &#8222;Schritt in die richtige Richtung&#8220;. Nach \u00fcberlegener 1. Halbzeit stand es &#8222;nur&#8220; 1:0, nachdem Takuto Tanaka zur F\u00fchrung (9.) traf, Andr\u00e9 Flie\u00df hatte zuvor eingeleitet und Jannick Lacayo war der Passgeber. Die Gastgeber verpassten es jedoch nachzulegen. Tobias Werther k\u00f6pfte an die Latte, und bei einer Doppelchance scheiterten Dominik Ortega Tapia und Tanaka am G\u00e4stekeeper.<\/p>\n<p>So blieb die Partie offen &#8211; und Breidenbach glich aus: Viktor Vielwock (66.) verlud, nach einem langen Ball, Leonardo Bianco und traf, wie aus dem Nichts, zum 1:1 Ausgleich. Nur eine Minute sp\u00e4ter fast die F\u00fchrung Breidenbachs, doch Paul Siegers hielt bravour\u00f6s. Dann besannen sich die Gr\u00fcn-Wei\u00dfen wieder und schafften die Kehrtwende. Dariyan Demir wurde im Strafraum gefoult und Andr\u00e9 Flie\u00df verwandelte den f\u00e4lligen 11m zum 2:1 (71.). Und diesmal legte der SV nach! Dusan Crnomut erwischte den G\u00e4stetorh\u00fcter auf dem falschen Fu\u00df und erh\u00f6hte auf 3:1 (78.). Das 4:1 zum Ende des Spiels erzielte der gerade eingewechselte Vladimir Trucic, der einen Pfostenabpraller -Schuss von Andr\u00e9 Flie\u00df &#8211; abstaubte (81.). Wie nachhaltig dieser Sieg ist, wird das kommenden Wochenende zeigen, wenn es zuhause gegen den FC Waldbrunn geht.<\/p>\n<p>So spielte der SV: Paul Siegers, Leonardo Bianco, \u00a0Tobias Werther, Dominique Jourdan, Askar Said Sadah, Arian Selmani (85. Belal Dashti), Takuto Tanaka, Andre Flies, Dusan Crnomut (89. Kakariya Ziouani), Dominik Ortega-Tapia (65. Demir Dariyan), Jannik Lacayo (80. Vladimir Trucic).<\/p>\n<h4><strong>Tore:<\/strong> 1:0 Takuto Tanaka \u00a0(9.), 1:1 Viktor Vielwock (66.) 2:1 Andre Flies (71. FE), 3:1 Dusan Crnomut (78.), 4:1 Vladimir Trucic (81).<\/h4>\n<h4>Schiedsrichter: Ali Kaan Pelitli, Gie\u00dfen.<\/h4>\n","protected":false},"excerpt":{"rendered":"<p>Der SV Zeilsheim konnte drei wichtige Punkte einfahren, mit einer verbesserten Personalsituation konnte der Tabellenletzte FV Breidenbach am Ende klar mit 4:1 geschlagen werden. SV 1919 Zeilsheim \u2013 FV 09 Breidenbach 4:1 (1:0) (Zeilsheim, 19.10.2025). Von einem &#8222;Befreiungsschlag&#8220; kann man noch nicht sprechen -doch ist es nach Aussage von Zeilsheims 1. Vorsitzenden Peter Strauch ein [&hellip;]<\/p>\n","protected":false},"author":3,"featured_media":28733,"comment_status":"closed","ping_status":"open","sticky":true,"template":"","format":"standard","meta":{"footnotes":""},"categories":[32],"tags":[],"class_list":["post-28732","post","type-post","status-publish","format-standard","has-post-thumbnail","hentry","category-verbandsliga-mitte"],"_links":{"self":[{"href":"https:\/\/insideamateurfussball-ffm.de\/index.php?rest_route=\/wp\/v2\/posts\/28732","targetHints":{"allow":["GET"]}}],"collection":[{"href":"https:\/\/insideamateurfussball-ffm.de\/index.php?rest_route=\/wp\/v2\/posts"}],"about":[{"href":"https:\/\/insideamateurfussball-ffm.de\/index.php?rest_route=\/wp\/v2\/types\/post"}],"author":[{"embeddable":true,"href":"https:\/\/insideamateurfussball-ffm.de\/index.php?rest_route=\/wp\/v2\/users\/3"}],"replies":[{"embeddable":true,"href":"https:\/\/insideamateurfussball-ffm.de\/index.php?rest_route=%2Fwp%2Fv2%2Fcomments&post=28732"}],"version-history":[{"count":1,"href":"https:\/\/insideamateurfussball-ffm.de\/index.php?rest_route=\/wp\/v2\/posts\/28732\/revisions"}],"predecessor-version":[{"id":28734,"href":"https:\/\/insideamateurfussball-ffm.de\/index.php?rest_route=\/wp\/v2\/posts\/28732\/revisions\/28734"}],"wp:featuredmedia":[{"embeddable":true,"href":"https:\/\/insideamateurfussball-ffm.de\/index.php?rest_route=\/wp\/v2\/media\/28733"}],"wp:attachment":[{"href":"https:\/\/insideamateurfussball-ffm.de\/index.php?rest_route=%2Fwp%2Fv2%2Fmedia&parent=28732"}],"wp:term":[{"taxonomy":"category","embeddable":true,"href":"https:\/\/insideamateurfussball-ffm.de\/index.php?rest_route=%2Fwp%2Fv2%2Fcategories&post=28732"},{"taxonomy":"post_tag","embeddable":true,"href":"https:\/\/insideamateurfussball-ffm.de\/index.php?rest_route=%2Fwp%2Fv2%2Ftags&post=28732"}],"curies":[{"name":"wp","href":"https:\/\/api.w.org\/{rel}","templated":true}]}}