{"id":28714,"date":"2025-10-20T13:38:09","date_gmt":"2025-10-20T12:38:09","guid":{"rendered":"https:\/\/insideamateurfussball-ffm.de\/?p=28714"},"modified":"2025-10-20T13:38:09","modified_gmt":"2025-10-20T12:38:09","slug":"bornheim-laesst-zwei-punkte-liegen","status":"publish","type":"post","link":"https:\/\/insideamateurfussball-ffm.de\/?p=28714","title":{"rendered":"Bornheim l\u00e4sst zwei Punkte liegen"},"content":{"rendered":"<h4>Die SG Bornheim musste sich trotz 2:0-Halbzeitf\u00fchrung gegen das Schlusslicht 1.FCA Darmstadt nach einem Gegentor in der 5.Minute der Nachspielzeit mit einem 2:2-Unentschieden zufriedengeben.<\/h4>\n<figure id=\"attachment_28728\" aria-describedby=\"caption-attachment-28728\" style=\"width: 2560px\" class=\"wp-caption alignnone\"><img loading=\"lazy\" decoding=\"async\" class=\"wp-image-28728 size-full\" src=\"http:\/\/insideamateurfussball-ffm.de\/wp-content\/uploads\/2025\/10\/SGB-FCA04DA_251019-1097-scaled.jpg\" alt=\"\" width=\"2560\" height=\"1707\" srcset=\"https:\/\/insideamateurfussball-ffm.de\/wp-content\/uploads\/2025\/10\/SGB-FCA04DA_251019-1097-scaled.jpg 2560w, https:\/\/insideamateurfussball-ffm.de\/wp-content\/uploads\/2025\/10\/SGB-FCA04DA_251019-1097-300x200.jpg 300w, https:\/\/insideamateurfussball-ffm.de\/wp-content\/uploads\/2025\/10\/SGB-FCA04DA_251019-1097-1024x683.jpg 1024w, https:\/\/insideamateurfussball-ffm.de\/wp-content\/uploads\/2025\/10\/SGB-FCA04DA_251019-1097-768x512.jpg 768w, https:\/\/insideamateurfussball-ffm.de\/wp-content\/uploads\/2025\/10\/SGB-FCA04DA_251019-1097-1536x1024.jpg 1536w, https:\/\/insideamateurfussball-ffm.de\/wp-content\/uploads\/2025\/10\/SGB-FCA04DA_251019-1097-2048x1365.jpg 2048w\" sizes=\"auto, (max-width: 2560px) 100vw, 2560px\" \/><figcaption id=\"caption-attachment-28728\" class=\"wp-caption-text\">Nach 97 ;Minuten trennten sich die SG Bornheim und der 1.FCA Darmstadt mit 2:2. Foto: Andre Sturmeit<\/figcaption><\/figure>\n<h4>SG Bornheim &#8211; 1.FCA Darmstadt 2:2 (2:0)<\/h4>\n<p><img loading=\"lazy\" decoding=\"async\" class=\"alignnone size-full wp-image-119\" src=\"http:\/\/insideamateurfussball-ffm.de\/wp-content\/uploads\/2022\/05\/Bornheim.jpg\" alt=\"\" width=\"80\" height=\"80\" \/><img loading=\"lazy\" decoding=\"async\" class=\"alignnone size-full wp-image-10166\" src=\"http:\/\/insideamateurfussball-ffm.de\/wp-content\/uploads\/2023\/06\/FCADA.jpg\" alt=\"\" width=\"78\" height=\"80\" \/><\/p>\n<p>Trotz des sp\u00e4t kassierten Ausgleichs gegen den Tabellenletzten 1.FCA Darmstadt ist Bornheims Trainer Taner Yalcin mit dem bisher Erreichten nicht unzufrieden. \u201ewer wei\u00df, wo die Mannschaft in den beiden letzten Saisons stand mit dem Abstiegskampf, dann k\u00f6nnen wir mit dem bisherigen Saisonverlauf und den 23 erzielten Punkten sehr zufrieden sein.\u201c Gegen den 1.FCA Darmstadt sahen die Bornheimer auch lange wie der Sieger aus, nach einer Hereingabe von Patrick Albert spitzelte Lukas Knell den Ball in der 27.Minute zum 1:0 ins Netz, und in der 41.Minute war es erneut Knell, der nach einer Hereingabe von Luan Beqiri den 2:0-Halbzeitstand sicherte, seine Tore 10 und 11 in dieser Saison.<\/p>\n<p>In der zweiten Halbzeit war es lange ein ausgeglichenes Spiel mit kaum klaren Torchancen, ehe Luan Beqiri in der 78 Minute lange seinem Gegenspieler folgte und ihn im Strafraum zu Fall brachte, Vinicius Miranda de Oliveira verwandelte souver\u00e4n zum 1:2-Anschluss. Und das Spiel hatte noch einen H\u00f6hepunkt parat, in der f\u00fcnften Minute der Nachspielzeit spielten die Darmst\u00e4dter einen langen Ball, den ein St\u00fcrmer vor Bornheims Torh\u00fcter Gianluca Colombo erreichte und an ihm vorbeispitzelte, Caleb Salifu Gomina stand richtig und erzielte f\u00fcr den Tabellenletzten den sp\u00e4ten Ausgleich. Trainer Yalcin: \u201ewir haben auch in der ersten Halbzeit, wo wir 2:0 f\u00fchren, schon nicht gut gespielt, aber das 2:2 d\u00fcrfen wir so nie kassieren, aber nach den letzten guten Spielen sei das den Jungs mal geg\u00f6nnt, dass wir mal ein schlechteres Spiel machen. Die Darmst\u00e4dter haben eine sehr athletische Mannschaft, da ist es schwer. \u00a0Nat\u00fcrlich sind wir entt\u00e4uscht, dass das Spiel nicht so lief wie gew\u00fcnscht, aber es geht weiter.\u201c<\/p>\n<p>Am n\u00e4chsten Sonntag fahren die Bornheimer zur punktgleichen Mannschaft von Germania Ober-Roden.<\/p>\n<h4>Schiedsrichter: Elias Appel (SG Kiebitzgrund). Zuschauer: 100.<\/h4>\n<h4>Tore: 1:0 Lukas Knell (27.), 2:0 Lukas Knell (41.), 2:1 Vinicius Miranda de Oliveira (78., Elfmeter), 2:2 Caleb Salifu Gomina (90.+5)<\/h4>\n<blockquote>\n<h4>Die Bilder verdanken wir Andre Sturmeit.<\/h4>\n<\/blockquote>\n\n\n<figure class=\"wp-block-image size-large\"><img loading=\"lazy\" decoding=\"async\" width=\"1024\" height=\"683\" src=\"http:\/\/insideamateurfussball-ffm.de\/wp-content\/uploads\/2025\/10\/SGB-FCA04DA_251019-57-1024x683.jpg\" alt=\"\" class=\"wp-image-28715\" srcset=\"https:\/\/insideamateurfussball-ffm.de\/wp-content\/uploads\/2025\/10\/SGB-FCA04DA_251019-57-1024x683.jpg 1024w, https:\/\/insideamateurfussball-ffm.de\/wp-content\/uploads\/2025\/10\/SGB-FCA04DA_251019-57-300x200.jpg 300w, https:\/\/insideamateurfussball-ffm.de\/wp-content\/uploads\/2025\/10\/SGB-FCA04DA_251019-57-768x512.jpg 768w, https:\/\/insideamateurfussball-ffm.de\/wp-content\/uploads\/2025\/10\/SGB-FCA04DA_251019-57-1536x1024.jpg 1536w, https:\/\/insideamateurfussball-ffm.de\/wp-content\/uploads\/2025\/10\/SGB-FCA04DA_251019-57-2048x1365.jpg 2048w\" sizes=\"auto, (max-width: 1024px) 100vw, 1024px\" \/><\/figure>\n\n\n\n<figure class=\"wp-block-image size-large\"><img loading=\"lazy\" decoding=\"async\" width=\"1024\" height=\"683\" src=\"http:\/\/insideamateurfussball-ffm.de\/wp-content\/uploads\/2025\/10\/SGB-FCA04DA_251019-118-1024x683.jpg\" alt=\"\" class=\"wp-image-28716\" srcset=\"https:\/\/insideamateurfussball-ffm.de\/wp-content\/uploads\/2025\/10\/SGB-FCA04DA_251019-118-1024x683.jpg 1024w, https:\/\/insideamateurfussball-ffm.de\/wp-content\/uploads\/2025\/10\/SGB-FCA04DA_251019-118-300x200.jpg 300w, https:\/\/insideamateurfussball-ffm.de\/wp-content\/uploads\/2025\/10\/SGB-FCA04DA_251019-118-768x512.jpg 768w, https:\/\/insideamateurfussball-ffm.de\/wp-content\/uploads\/2025\/10\/SGB-FCA04DA_251019-118-1536x1024.jpg 1536w, https:\/\/insideamateurfussball-ffm.de\/wp-content\/uploads\/2025\/10\/SGB-FCA04DA_251019-118-2048x1365.jpg 2048w\" sizes=\"auto, (max-width: 1024px) 100vw, 1024px\" \/><\/figure>\n\n\n\n<figure class=\"wp-block-image size-large\"><img loading=\"lazy\" decoding=\"async\" width=\"1024\" height=\"683\" src=\"http:\/\/insideamateurfussball-ffm.de\/wp-content\/uploads\/2025\/10\/SGB-FCA04DA_251019-263-1024x683.jpg\" alt=\"\" class=\"wp-image-28717\" srcset=\"https:\/\/insideamateurfussball-ffm.de\/wp-content\/uploads\/2025\/10\/SGB-FCA04DA_251019-263-1024x683.jpg 1024w, https:\/\/insideamateurfussball-ffm.de\/wp-content\/uploads\/2025\/10\/SGB-FCA04DA_251019-263-300x200.jpg 300w, https:\/\/insideamateurfussball-ffm.de\/wp-content\/uploads\/2025\/10\/SGB-FCA04DA_251019-263-768x512.jpg 768w, https:\/\/insideamateurfussball-ffm.de\/wp-content\/uploads\/2025\/10\/SGB-FCA04DA_251019-263-1536x1024.jpg 1536w, https:\/\/insideamateurfussball-ffm.de\/wp-content\/uploads\/2025\/10\/SGB-FCA04DA_251019-263-2048x1365.jpg 2048w\" sizes=\"auto, (max-width: 1024px) 100vw, 1024px\" \/><\/figure>\n\n\n\n<figure class=\"wp-block-image size-large\"><img loading=\"lazy\" decoding=\"async\" width=\"1024\" height=\"683\" src=\"http:\/\/insideamateurfussball-ffm.de\/wp-content\/uploads\/2025\/10\/SGB-FCA04DA_251019-343-1024x683.jpg\" alt=\"\" class=\"wp-image-28718\" srcset=\"https:\/\/insideamateurfussball-ffm.de\/wp-content\/uploads\/2025\/10\/SGB-FCA04DA_251019-343-1024x683.jpg 1024w, https:\/\/insideamateurfussball-ffm.de\/wp-content\/uploads\/2025\/10\/SGB-FCA04DA_251019-343-300x200.jpg 300w, https:\/\/insideamateurfussball-ffm.de\/wp-content\/uploads\/2025\/10\/SGB-FCA04DA_251019-343-768x512.jpg 768w, https:\/\/insideamateurfussball-ffm.de\/wp-content\/uploads\/2025\/10\/SGB-FCA04DA_251019-343-1536x1024.jpg 1536w, https:\/\/insideamateurfussball-ffm.de\/wp-content\/uploads\/2025\/10\/SGB-FCA04DA_251019-343-2048x1365.jpg 2048w\" sizes=\"auto, (max-width: 1024px) 100vw, 1024px\" \/><\/figure>\n\n\n\n<figure class=\"wp-block-image size-large\"><img loading=\"lazy\" decoding=\"async\" width=\"1024\" height=\"683\" src=\"http:\/\/insideamateurfussball-ffm.de\/wp-content\/uploads\/2025\/10\/SGB-FCA04DA_251019-380-1024x683.jpg\" alt=\"\" class=\"wp-image-28719\" srcset=\"https:\/\/insideamateurfussball-ffm.de\/wp-content\/uploads\/2025\/10\/SGB-FCA04DA_251019-380-1024x683.jpg 1024w, https:\/\/insideamateurfussball-ffm.de\/wp-content\/uploads\/2025\/10\/SGB-FCA04DA_251019-380-300x200.jpg 300w, https:\/\/insideamateurfussball-ffm.de\/wp-content\/uploads\/2025\/10\/SGB-FCA04DA_251019-380-768x512.jpg 768w, https:\/\/insideamateurfussball-ffm.de\/wp-content\/uploads\/2025\/10\/SGB-FCA04DA_251019-380-1536x1024.jpg 1536w, https:\/\/insideamateurfussball-ffm.de\/wp-content\/uploads\/2025\/10\/SGB-FCA04DA_251019-380-2048x1365.jpg 2048w\" sizes=\"auto, (max-width: 1024px) 100vw, 1024px\" \/><\/figure>\n\n\n\n<figure class=\"wp-block-image size-large\"><img loading=\"lazy\" decoding=\"async\" width=\"1024\" height=\"683\" src=\"http:\/\/insideamateurfussball-ffm.de\/wp-content\/uploads\/2025\/10\/SGB-FCA04DA_251019-462-1024x683.jpg\" alt=\"\" class=\"wp-image-28720\" srcset=\"https:\/\/insideamateurfussball-ffm.de\/wp-content\/uploads\/2025\/10\/SGB-FCA04DA_251019-462-1024x683.jpg 1024w, https:\/\/insideamateurfussball-ffm.de\/wp-content\/uploads\/2025\/10\/SGB-FCA04DA_251019-462-300x200.jpg 300w, https:\/\/insideamateurfussball-ffm.de\/wp-content\/uploads\/2025\/10\/SGB-FCA04DA_251019-462-768x512.jpg 768w, https:\/\/insideamateurfussball-ffm.de\/wp-content\/uploads\/2025\/10\/SGB-FCA04DA_251019-462-1536x1024.jpg 1536w, https:\/\/insideamateurfussball-ffm.de\/wp-content\/uploads\/2025\/10\/SGB-FCA04DA_251019-462-2048x1365.jpg 2048w\" sizes=\"auto, (max-width: 1024px) 100vw, 1024px\" \/><\/figure>\n\n\n\n<figure class=\"wp-block-image size-large\"><img loading=\"lazy\" decoding=\"async\" width=\"1024\" height=\"683\" src=\"http:\/\/insideamateurfussball-ffm.de\/wp-content\/uploads\/2025\/10\/SGB-FCA04DA_251019-574-1024x683.jpg\" alt=\"\" class=\"wp-image-28721\" srcset=\"https:\/\/insideamateurfussball-ffm.de\/wp-content\/uploads\/2025\/10\/SGB-FCA04DA_251019-574-1024x683.jpg 1024w, https:\/\/insideamateurfussball-ffm.de\/wp-content\/uploads\/2025\/10\/SGB-FCA04DA_251019-574-300x200.jpg 300w, https:\/\/insideamateurfussball-ffm.de\/wp-content\/uploads\/2025\/10\/SGB-FCA04DA_251019-574-768x512.jpg 768w, https:\/\/insideamateurfussball-ffm.de\/wp-content\/uploads\/2025\/10\/SGB-FCA04DA_251019-574-1536x1024.jpg 1536w, https:\/\/insideamateurfussball-ffm.de\/wp-content\/uploads\/2025\/10\/SGB-FCA04DA_251019-574-2048x1365.jpg 2048w\" sizes=\"auto, (max-width: 1024px) 100vw, 1024px\" \/><\/figure>\n\n\n\n<figure class=\"wp-block-image size-large\"><img loading=\"lazy\" decoding=\"async\" width=\"1024\" height=\"682\" src=\"http:\/\/insideamateurfussball-ffm.de\/wp-content\/uploads\/2025\/10\/SGB-FCA04DA_251019-655-1024x682.jpg\" alt=\"\" class=\"wp-image-28722\" srcset=\"https:\/\/insideamateurfussball-ffm.de\/wp-content\/uploads\/2025\/10\/SGB-FCA04DA_251019-655-1024x682.jpg 1024w, https:\/\/insideamateurfussball-ffm.de\/wp-content\/uploads\/2025\/10\/SGB-FCA04DA_251019-655-300x200.jpg 300w, https:\/\/insideamateurfussball-ffm.de\/wp-content\/uploads\/2025\/10\/SGB-FCA04DA_251019-655-768x512.jpg 768w, https:\/\/insideamateurfussball-ffm.de\/wp-content\/uploads\/2025\/10\/SGB-FCA04DA_251019-655-1536x1024.jpg 1536w, https:\/\/insideamateurfussball-ffm.de\/wp-content\/uploads\/2025\/10\/SGB-FCA04DA_251019-655-2048x1365.jpg 2048w\" sizes=\"auto, (max-width: 1024px) 100vw, 1024px\" \/><\/figure>\n\n\n\n<figure class=\"wp-block-image size-large\"><img loading=\"lazy\" decoding=\"async\" width=\"1024\" height=\"683\" src=\"http:\/\/insideamateurfussball-ffm.de\/wp-content\/uploads\/2025\/10\/SGB-FCA04DA_251019-676-1024x683.jpg\" alt=\"\" class=\"wp-image-28723\" srcset=\"https:\/\/insideamateurfussball-ffm.de\/wp-content\/uploads\/2025\/10\/SGB-FCA04DA_251019-676-1024x683.jpg 1024w, https:\/\/insideamateurfussball-ffm.de\/wp-content\/uploads\/2025\/10\/SGB-FCA04DA_251019-676-300x200.jpg 300w, https:\/\/insideamateurfussball-ffm.de\/wp-content\/uploads\/2025\/10\/SGB-FCA04DA_251019-676-768x512.jpg 768w, https:\/\/insideamateurfussball-ffm.de\/wp-content\/uploads\/2025\/10\/SGB-FCA04DA_251019-676-1536x1024.jpg 1536w, https:\/\/insideamateurfussball-ffm.de\/wp-content\/uploads\/2025\/10\/SGB-FCA04DA_251019-676-2048x1365.jpg 2048w\" sizes=\"auto, (max-width: 1024px) 100vw, 1024px\" \/><\/figure>\n\n\n\n<figure class=\"wp-block-image size-large\"><img loading=\"lazy\" decoding=\"async\" width=\"1024\" height=\"683\" src=\"http:\/\/insideamateurfussball-ffm.de\/wp-content\/uploads\/2025\/10\/SGB-FCA04DA_251019-734-1024x683.jpg\" alt=\"\" class=\"wp-image-28724\" srcset=\"https:\/\/insideamateurfussball-ffm.de\/wp-content\/uploads\/2025\/10\/SGB-FCA04DA_251019-734-1024x683.jpg 1024w, https:\/\/insideamateurfussball-ffm.de\/wp-content\/uploads\/2025\/10\/SGB-FCA04DA_251019-734-300x200.jpg 300w, https:\/\/insideamateurfussball-ffm.de\/wp-content\/uploads\/2025\/10\/SGB-FCA04DA_251019-734-768x512.jpg 768w, https:\/\/insideamateurfussball-ffm.de\/wp-content\/uploads\/2025\/10\/SGB-FCA04DA_251019-734-1536x1024.jpg 1536w, https:\/\/insideamateurfussball-ffm.de\/wp-content\/uploads\/2025\/10\/SGB-FCA04DA_251019-734-2048x1365.jpg 2048w\" sizes=\"auto, (max-width: 1024px) 100vw, 1024px\" \/><\/figure>\n\n\n\n<figure class=\"wp-block-image size-large\"><img loading=\"lazy\" decoding=\"async\" width=\"1024\" height=\"670\" src=\"http:\/\/insideamateurfussball-ffm.de\/wp-content\/uploads\/2025\/10\/SGB-FCA04DA_251019-802-1024x670.jpg\" alt=\"\" class=\"wp-image-28725\" srcset=\"https:\/\/insideamateurfussball-ffm.de\/wp-content\/uploads\/2025\/10\/SGB-FCA04DA_251019-802-1024x670.jpg 1024w, https:\/\/insideamateurfussball-ffm.de\/wp-content\/uploads\/2025\/10\/SGB-FCA04DA_251019-802-300x196.jpg 300w, https:\/\/insideamateurfussball-ffm.de\/wp-content\/uploads\/2025\/10\/SGB-FCA04DA_251019-802-768x503.jpg 768w, https:\/\/insideamateurfussball-ffm.de\/wp-content\/uploads\/2025\/10\/SGB-FCA04DA_251019-802-1536x1006.jpg 1536w, https:\/\/insideamateurfussball-ffm.de\/wp-content\/uploads\/2025\/10\/SGB-FCA04DA_251019-802-2048x1341.jpg 2048w\" sizes=\"auto, (max-width: 1024px) 100vw, 1024px\" \/><\/figure>\n\n\n\n<figure class=\"wp-block-image size-large\"><img loading=\"lazy\" decoding=\"async\" width=\"1024\" height=\"683\" src=\"http:\/\/insideamateurfussball-ffm.de\/wp-content\/uploads\/2025\/10\/SGB-FCA04DA_251019-970-1024x683.jpg\" alt=\"\" class=\"wp-image-28726\" srcset=\"https:\/\/insideamateurfussball-ffm.de\/wp-content\/uploads\/2025\/10\/SGB-FCA04DA_251019-970-1024x683.jpg 1024w, https:\/\/insideamateurfussball-ffm.de\/wp-content\/uploads\/2025\/10\/SGB-FCA04DA_251019-970-300x200.jpg 300w, https:\/\/insideamateurfussball-ffm.de\/wp-content\/uploads\/2025\/10\/SGB-FCA04DA_251019-970-768x512.jpg 768w, https:\/\/insideamateurfussball-ffm.de\/wp-content\/uploads\/2025\/10\/SGB-FCA04DA_251019-970-1536x1024.jpg 1536w, https:\/\/insideamateurfussball-ffm.de\/wp-content\/uploads\/2025\/10\/SGB-FCA04DA_251019-970-2048x1366.jpg 2048w\" sizes=\"auto, (max-width: 1024px) 100vw, 1024px\" \/><\/figure>\n\n\n\n<figure class=\"wp-block-image size-large\"><img loading=\"lazy\" decoding=\"async\" width=\"1024\" height=\"683\" src=\"http:\/\/insideamateurfussball-ffm.de\/wp-content\/uploads\/2025\/10\/SGB-FCA04DA_251019-1067-1024x683.jpg\" alt=\"\" class=\"wp-image-28727\" srcset=\"https:\/\/insideamateurfussball-ffm.de\/wp-content\/uploads\/2025\/10\/SGB-FCA04DA_251019-1067-1024x683.jpg 1024w, https:\/\/insideamateurfussball-ffm.de\/wp-content\/uploads\/2025\/10\/SGB-FCA04DA_251019-1067-300x200.jpg 300w, https:\/\/insideamateurfussball-ffm.de\/wp-content\/uploads\/2025\/10\/SGB-FCA04DA_251019-1067-768x512.jpg 768w, https:\/\/insideamateurfussball-ffm.de\/wp-content\/uploads\/2025\/10\/SGB-FCA04DA_251019-1067-1536x1024.jpg 1536w, https:\/\/insideamateurfussball-ffm.de\/wp-content\/uploads\/2025\/10\/SGB-FCA04DA_251019-1067-2048x1365.jpg 2048w\" sizes=\"auto, (max-width: 1024px) 100vw, 1024px\" \/><\/figure>\n","protected":false},"excerpt":{"rendered":"<p>Die SG Bornheim musste sich trotz 2:0-Halbzeitf\u00fchrung gegen das Schlusslicht 1.FCA Darmstadt nach einem Gegentor in der 5.Minute der Nachspielzeit mit einem 2:2-Unentschieden zufriedengeben. SG Bornheim &#8211; 1.FCA Darmstadt 2:2 (2:0) Trotz des sp\u00e4t kassierten Ausgleichs gegen den Tabellenletzten 1.FCA Darmstadt ist Bornheims Trainer Taner Yalcin mit dem bisher Erreichten nicht unzufrieden. \u201ewer wei\u00df, wo [&hellip;]<\/p>\n","protected":false},"author":3,"featured_media":28728,"comment_status":"open","ping_status":"open","sticky":true,"template":"","format":"standard","meta":{"footnotes":""},"categories":[10],"tags":[],"class_list":["post-28714","post","type-post","status-publish","format-standard","has-post-thumbnail","hentry","category-verbandsliga-sued"],"_links":{"self":[{"href":"https:\/\/insideamateurfussball-ffm.de\/index.php?rest_route=\/wp\/v2\/posts\/28714","targetHints":{"allow":["GET"]}}],"collection":[{"href":"https:\/\/insideamateurfussball-ffm.de\/index.php?rest_route=\/wp\/v2\/posts"}],"about":[{"href":"https:\/\/insideamateurfussball-ffm.de\/index.php?rest_route=\/wp\/v2\/types\/post"}],"author":[{"embeddable":true,"href":"https:\/\/insideamateurfussball-ffm.de\/index.php?rest_route=\/wp\/v2\/users\/3"}],"replies":[{"embeddable":true,"href":"https:\/\/insideamateurfussball-ffm.de\/index.php?rest_route=%2Fwp%2Fv2%2Fcomments&post=28714"}],"version-history":[{"count":3,"href":"https:\/\/insideamateurfussball-ffm.de\/index.php?rest_route=\/wp\/v2\/posts\/28714\/revisions"}],"predecessor-version":[{"id":28731,"href":"https:\/\/insideamateurfussball-ffm.de\/index.php?rest_route=\/wp\/v2\/posts\/28714\/revisions\/28731"}],"wp:featuredmedia":[{"embeddable":true,"href":"https:\/\/insideamateurfussball-ffm.de\/index.php?rest_route=\/wp\/v2\/media\/28728"}],"wp:attachment":[{"href":"https:\/\/insideamateurfussball-ffm.de\/index.php?rest_route=%2Fwp%2Fv2%2Fmedia&parent=28714"}],"wp:term":[{"taxonomy":"category","embeddable":true,"href":"https:\/\/insideamateurfussball-ffm.de\/index.php?rest_route=%2Fwp%2Fv2%2Fcategories&post=28714"},{"taxonomy":"post_tag","embeddable":true,"href":"https:\/\/insideamateurfussball-ffm.de\/index.php?rest_route=%2Fwp%2Fv2%2Ftags&post=28714"}],"curies":[{"name":"wp","href":"https:\/\/api.w.org\/{rel}","templated":true}]}}