{"id":2871,"date":"2022-09-30T17:29:57","date_gmt":"2022-09-30T15:29:57","guid":{"rendered":"http:\/\/insideamateurfussball-ffm.de\/?p=2871"},"modified":"2025-01-09T15:42:03","modified_gmt":"2025-01-09T14:42:03","slug":"bornheim-rot-weiss-wegen-corona-abgesetzt","status":"publish","type":"post","link":"https:\/\/insideamateurfussball-ffm.de\/?p=2871","title":{"rendered":"Bornheim &#8211; Rot-Weiss abgesetzt"},"content":{"rendered":"<h5><span style=\"font-size: 16px;\">In der Verbandsliga S\u00fcd findet am verl\u00e4ngerten Wochenende nur ein Spieltag statt. Dabei sollte es am Sonntag zum Stadtduell zwischen der SG Bornheim Gr\u00fcn-Weiss und Rot-Weiss Frankfurt kommen, doch die Begegnung wurde aufgrund anhaltender Corona-F\u00e4lle bei den G\u00e4sten abgesetzt.<\/span><\/h5>\n<figure id=\"attachment_2872\" aria-describedby=\"caption-attachment-2872\" style=\"width: 312px\" class=\"wp-caption alignnone\"><img loading=\"lazy\" decoding=\"async\" class=\"wp-image-2872\" src=\"http:\/\/insideamateurfussball-ffm.de\/wp-content\/uploads\/2022\/09\/final4-1-300x207.jpg\" alt=\"\" width=\"312\" height=\"215\" \/><figcaption id=\"caption-attachment-2872\" class=\"wp-caption-text\">Die Mannschaft von Kapit\u00e4n Patrick G\u00fcrser wird derzeit von Corona heimgesucht. Foto: Mithat G\u00fcrser.<\/figcaption><\/figure>\n<h5><span style=\"font-size: 16px;\">SG Bornheim Gr\u00fcn-Weiss &#8211; Rot-Weiss Frankfurt abgesetzt\u00a0<\/span><\/h5>\n<p><img loading=\"lazy\" decoding=\"async\" class=\"alignnone size-full wp-image-119\" src=\"http:\/\/insideamateurfussball-ffm.de\/wp-content\/uploads\/2022\/05\/Bornheim.jpg\" alt=\"\" width=\"80\" height=\"80\" \/><img loading=\"lazy\" decoding=\"async\" class=\"alignnone size-full wp-image-120\" src=\"http:\/\/insideamateurfussball-ffm.de\/wp-content\/uploads\/2022\/05\/rot-weiss.png\" alt=\"\" width=\"80\" height=\"70\" \/><\/p>\n<p><span style=\"color: #999999;\">F\u00fcr die SG Bornheim Gr\u00fcn-Weiss ist die Spielabsetzung gegen Rot-Weiss Frankfurt im Hinblick auf das Achelfinalspiel im Hessen-Pokal am kommenden Mittwoch gegen den SV Wehen Wiesbaden aus der 3. Liga \u00e4rgerlich. &#8222;Wir h\u00e4tten gerne gespielt, denn wir befinden uns nach zwei Siegen in Folge im Aufwind&#8220;, sagt Bornheims Trainer Sascha Volk. <\/span><\/p>\n<p><span style=\"color: #999999;\">Somit wird zwischen dem letzten Ligaspiel bei Germania Ober-Roden am 22. September und dem Pokalspiel gegen den Proficlub eine Zeitspanne von 13 Tagen liegen, denn bei Rot-Weiss Frankfurt grassiert derzeit das Coronavirus.<\/span><\/p>\n<blockquote>\n<h5><span style=\"font-size: 16px;\">&#8222;Es h\u00e4tte aber kaum Sinn gemacht, mit elf Mann und ohne Auswechselspieler nach Bornheim zu fahren&#8220; (Rot-Weiss-Trainer Jonel Goncalves)<\/span><\/h5>\n<\/blockquote>\n<p><span style=\"color: #999999;\">Schon die Begegnung vor einer Woche gegen Rot-Wei\u00df Darmstadt wurde wegen acht best\u00e4tigter positiver F\u00e4lle abgesetzt und mittlerweile f\u00fcr den 27. Oktober (19.30 Uhr) neu terminiert. Diese Woche liegen f\u00fcnf best\u00e4tigte Corona-F\u00e4lle vor, die Mindestanzahl f\u00fcr eine Spielabsetzung. <\/span><\/p>\n<p><span style=\"color: #999999;\">&#8222;Auch wir h\u00e4tten gerne gespielt, zumal sich jetzt durch die Nachholspiele englische Wochen anh\u00e4ufen. Es h\u00e4tte aber kaum Sinn gemacht, mit elf Mann und ohne Auswechselspieler nach Bornheim zu fahren&#8220;, erkl\u00e4rt Trainer Jonel Goncalves.<\/span><\/p>\n","protected":false},"excerpt":{"rendered":"<p>In der Verbandsliga S\u00fcd findet am verl\u00e4ngerten Wochenende nur ein Spieltag statt. Dabei sollte es am Sonntag zum Stadtduell zwischen der SG Bornheim Gr\u00fcn-Weiss und Rot-Weiss Frankfurt kommen, doch die Begegnung wurde aufgrund anhaltender Corona-F\u00e4lle bei den G\u00e4sten abgesetzt. SG Bornheim Gr\u00fcn-Weiss &#8211; Rot-Weiss Frankfurt abgesetzt\u00a0 F\u00fcr die SG Bornheim Gr\u00fcn-Weiss ist die Spielabsetzung gegen [&hellip;]<\/p>\n","protected":false},"author":1,"featured_media":0,"comment_status":"open","ping_status":"open","sticky":false,"template":"","format":"standard","meta":{"footnotes":""},"categories":[10],"tags":[],"class_list":["post-2871","post","type-post","status-publish","format-standard","hentry","category-verbandsliga-sued"],"_links":{"self":[{"href":"https:\/\/insideamateurfussball-ffm.de\/index.php?rest_route=\/wp\/v2\/posts\/2871","targetHints":{"allow":["GET"]}}],"collection":[{"href":"https:\/\/insideamateurfussball-ffm.de\/index.php?rest_route=\/wp\/v2\/posts"}],"about":[{"href":"https:\/\/insideamateurfussball-ffm.de\/index.php?rest_route=\/wp\/v2\/types\/post"}],"author":[{"embeddable":true,"href":"https:\/\/insideamateurfussball-ffm.de\/index.php?rest_route=\/wp\/v2\/users\/1"}],"replies":[{"embeddable":true,"href":"https:\/\/insideamateurfussball-ffm.de\/index.php?rest_route=%2Fwp%2Fv2%2Fcomments&post=2871"}],"version-history":[{"count":2,"href":"https:\/\/insideamateurfussball-ffm.de\/index.php?rest_route=\/wp\/v2\/posts\/2871\/revisions"}],"predecessor-version":[{"id":2874,"href":"https:\/\/insideamateurfussball-ffm.de\/index.php?rest_route=\/wp\/v2\/posts\/2871\/revisions\/2874"}],"wp:attachment":[{"href":"https:\/\/insideamateurfussball-ffm.de\/index.php?rest_route=%2Fwp%2Fv2%2Fmedia&parent=2871"}],"wp:term":[{"taxonomy":"category","embeddable":true,"href":"https:\/\/insideamateurfussball-ffm.de\/index.php?rest_route=%2Fwp%2Fv2%2Fcategories&post=2871"},{"taxonomy":"post_tag","embeddable":true,"href":"https:\/\/insideamateurfussball-ffm.de\/index.php?rest_route=%2Fwp%2Fv2%2Ftags&post=2871"}],"curies":[{"name":"wp","href":"https:\/\/api.w.org\/{rel}","templated":true}]}}