{"id":28681,"date":"2025-10-14T20:59:21","date_gmt":"2025-10-14T19:59:21","guid":{"rendered":"https:\/\/insideamateurfussball-ffm.de\/?p=28681"},"modified":"2025-10-16T21:22:48","modified_gmt":"2025-10-16T20:22:48","slug":"gudesding-klares-50-gegen-aufsteiger-gsu-hellas","status":"publish","type":"post","link":"https:\/\/insideamateurfussball-ffm.de\/?p=28681","title":{"rendered":"Gudesding: Klares 5:0 gegen Aufsteiger GSU Hellas"},"content":{"rendered":"<h3>H\u00f6chster Saisonsieg f\u00fcr den FC Gudesding, der Aufsteiger GSU Hellas klar mit 5:0 nach Hause schickte. Das Deb\u00fct des neuen Trainers Miroslav Lukacic verlief somit bei den Griechen noch erfolglos, die weiter den vorletzten Rang belegen.<\/h3>\n<figure id=\"attachment_28442\" aria-describedby=\"caption-attachment-28442\" style=\"width: 640px\" class=\"wp-caption alignright\"><img loading=\"lazy\" decoding=\"async\" class=\"wp-image-28442 size-large\" src=\"http:\/\/insideamateurfussball-ffm.de\/wp-content\/uploads\/2025\/10\/Gudesdrt-1024x768.jpg\" alt=\"\" width=\"640\" height=\"480\" srcset=\"https:\/\/insideamateurfussball-ffm.de\/wp-content\/uploads\/2025\/10\/Gudesdrt-1024x768.jpg 1024w, https:\/\/insideamateurfussball-ffm.de\/wp-content\/uploads\/2025\/10\/Gudesdrt-300x225.jpg 300w, https:\/\/insideamateurfussball-ffm.de\/wp-content\/uploads\/2025\/10\/Gudesdrt-768x576.jpg 768w, https:\/\/insideamateurfussball-ffm.de\/wp-content\/uploads\/2025\/10\/Gudesdrt-1536x1152.jpg 1536w, https:\/\/insideamateurfussball-ffm.de\/wp-content\/uploads\/2025\/10\/Gudesdrt.jpg 1600w\" sizes=\"auto, (max-width: 640px) 100vw, 640px\" \/><figcaption id=\"caption-attachment-28442\" class=\"wp-caption-text\">FC Gudesding im Kreis. Foto: Archiv Stanislav Konta.<\/figcaption><\/figure>\n<h3>FC Gudesding &#8211; GSU Hellas 5:0 (3:0)<\/h3>\n<p><img loading=\"lazy\" decoding=\"async\" class=\"alignnone size-full wp-image-10\" src=\"http:\/\/insideamateurfussball-ffm.de\/wp-content\/uploads\/2021\/11\/Gudesding.jpg\" alt=\"\" width=\"64\" height=\"80\" \/><img loading=\"lazy\" decoding=\"async\" class=\"alignnone size-full wp-image-17152\" src=\"http:\/\/insideamateurfussball-ffm.de\/wp-content\/uploads\/2024\/03\/GSU-Hellas.png\" alt=\"\" width=\"80\" height=\"80\" \/><\/p>\n<p>Das erste Aufeinandertreffen der beiden Vereine war es nicht. In der Premierensaison der &#8222;Guden&#8220; 2012\/13 spielte man eine Spielzeit gemeinsam in der Kreisliga B (1:3\/2:2).<\/p>\n<p>Aus dem August 2016 ist noch ein Freundschaftsspiel \u00fcberliefert (4:1 f\u00fcr Gudesding).<\/p>\n<h3><span style=\"text-decoration: underline;\">&#8222;Das 5:6 gegen R\u00f6delheim war immer noch mental in den K\u00f6pfen&#8220; (GSU-Sportdirektor Theo Vassiliou).<\/span><\/h3>\n<p>Diesmal dominierte Gudesding im Ostpark deutlich, der klare Sieg durch Tore von Maximilian Bamberg (4.), Mutaz Husain (30.), Kevin Lange (35.\/Foulelfmeter), Alexander Root (64.) und Modibo Kone (80.) war nie in Gefahr gegen die harmlosen G\u00e4ste. &#8222;Das war sehr dominant, souver\u00e4n und geht auch von der H\u00f6he her in Ordnung&#8220;, freute sich FCG-Trainer Maik Rudolf. Theo Vassiliou, der Sportliche Leiter der GSU Hellas, meinte: &#8222;Das 5:6 gegen R\u00f6delheim war immer noch mental in den K\u00f6pfen, dann kam noch das fr\u00fche 0:1 dazu. Unser Spiel war schwach, da war nichts zu holen.&#8220;<\/p>\n<p>Nun hofft der Funktion\u00e4r, dass &#8222;der neue Trainer Miroslav Lukacic die Spieler mental auf die H\u00f6he bringt. Wir geben dem Trainer Zeit, denn die Mannschaft geh\u00f6rt da unten nicht rein.&#8220; N\u00e4chsten Sonntag bestreitet Gudesding das Ost-Derby in Enkheim. GSU Hellas erwartet Makkabi.<\/p>\n<h3><span style=\"text-decoration: underline;\">Schiedsrichter: Justus Bechtold (SV Melitia Roth). Zuschauer: 70.<\/span><\/h3>\n<h3><span style=\"text-decoration: underline;\">Tore: 1:0 Maximilian Bamberg (4.), 2:0 Mutaz Husain (30.), 3:0 Kevin Lange (35.), 4:0 Alexander Root (64.), 5:0 Modibo Kone (80.).<\/span><\/h3>\n","protected":false},"excerpt":{"rendered":"<p>H\u00f6chster Saisonsieg f\u00fcr den FC Gudesding, der Aufsteiger GSU Hellas klar mit 5:0 nach Hause schickte. Das Deb\u00fct des neuen Trainers Miroslav Lukacic verlief somit bei den Griechen noch erfolglos, die weiter den vorletzten Rang belegen. FC Gudesding &#8211; GSU Hellas 5:0 (3:0) Das erste Aufeinandertreffen der beiden Vereine war es nicht. In der Premierensaison [&hellip;]<\/p>\n","protected":false},"author":1,"featured_media":28442,"comment_status":"closed","ping_status":"closed","sticky":true,"template":"","format":"standard","meta":{"footnotes":""},"categories":[2],"tags":[],"class_list":["post-28681","post","type-post","status-publish","format-standard","has-post-thumbnail","hentry","category-kreisoberliga-frankfurt"],"_links":{"self":[{"href":"https:\/\/insideamateurfussball-ffm.de\/index.php?rest_route=\/wp\/v2\/posts\/28681","targetHints":{"allow":["GET"]}}],"collection":[{"href":"https:\/\/insideamateurfussball-ffm.de\/index.php?rest_route=\/wp\/v2\/posts"}],"about":[{"href":"https:\/\/insideamateurfussball-ffm.de\/index.php?rest_route=\/wp\/v2\/types\/post"}],"author":[{"embeddable":true,"href":"https:\/\/insideamateurfussball-ffm.de\/index.php?rest_route=\/wp\/v2\/users\/1"}],"replies":[{"embeddable":true,"href":"https:\/\/insideamateurfussball-ffm.de\/index.php?rest_route=%2Fwp%2Fv2%2Fcomments&post=28681"}],"version-history":[{"count":2,"href":"https:\/\/insideamateurfussball-ffm.de\/index.php?rest_route=\/wp\/v2\/posts\/28681\/revisions"}],"predecessor-version":[{"id":28698,"href":"https:\/\/insideamateurfussball-ffm.de\/index.php?rest_route=\/wp\/v2\/posts\/28681\/revisions\/28698"}],"wp:featuredmedia":[{"embeddable":true,"href":"https:\/\/insideamateurfussball-ffm.de\/index.php?rest_route=\/wp\/v2\/media\/28442"}],"wp:attachment":[{"href":"https:\/\/insideamateurfussball-ffm.de\/index.php?rest_route=%2Fwp%2Fv2%2Fmedia&parent=28681"}],"wp:term":[{"taxonomy":"category","embeddable":true,"href":"https:\/\/insideamateurfussball-ffm.de\/index.php?rest_route=%2Fwp%2Fv2%2Fcategories&post=28681"},{"taxonomy":"post_tag","embeddable":true,"href":"https:\/\/insideamateurfussball-ffm.de\/index.php?rest_route=%2Fwp%2Fv2%2Ftags&post=28681"}],"curies":[{"name":"wp","href":"https:\/\/api.w.org\/{rel}","templated":true}]}}