{"id":28666,"date":"2025-10-14T18:51:48","date_gmt":"2025-10-14T17:51:48","guid":{"rendered":"https:\/\/insideamateurfussball-ffm.de\/?p=28666"},"modified":"2025-10-15T16:01:51","modified_gmt":"2025-10-15T15:01:51","slug":"taktisches-11-zwischen-roedelheim-und-enkheim","status":"publish","type":"post","link":"https:\/\/insideamateurfussball-ffm.de\/?p=28666","title":{"rendered":"Taktisches 1:1 zwischen R\u00f6delheim und Enkheim"},"content":{"rendered":"<h3>Eine taktisch gepr\u00e4gte Partie zweier gleichwertiger Mannschaften endete mit zwei fr\u00fchen Toren 1:1. Der 1. R\u00f6delheimer FC 02 und Germania Enkheim belegen damit weiter die R\u00e4nge zw\u00f6lf und zehn im zweistelligen Bereich des Klassements.<\/h3>\n<figure id=\"attachment_28686\" aria-describedby=\"caption-attachment-28686\" style=\"width: 653px\" class=\"wp-caption alignnone\"><img loading=\"lazy\" decoding=\"async\" class=\"wp-image-28686\" src=\"http:\/\/insideamateurfussball-ffm.de\/wp-content\/uploads\/2025\/10\/Roe-Enk-1024x673.jpg\" alt=\"\" width=\"653\" height=\"429\" srcset=\"https:\/\/insideamateurfussball-ffm.de\/wp-content\/uploads\/2025\/10\/Roe-Enk-1024x673.jpg 1024w, https:\/\/insideamateurfussball-ffm.de\/wp-content\/uploads\/2025\/10\/Roe-Enk-300x197.jpg 300w, https:\/\/insideamateurfussball-ffm.de\/wp-content\/uploads\/2025\/10\/Roe-Enk-768x504.jpg 768w, https:\/\/insideamateurfussball-ffm.de\/wp-content\/uploads\/2025\/10\/Roe-Enk-1536x1009.jpg 1536w, https:\/\/insideamateurfussball-ffm.de\/wp-content\/uploads\/2025\/10\/Roe-Enk.jpg 2048w\" sizes=\"auto, (max-width: 653px) 100vw, 653px\" \/><figcaption id=\"caption-attachment-28686\" class=\"wp-caption-text\">Enkheimer und R\u00f6delheimer trennten sich 1:1. Foto: Dago Reinprecht.<\/figcaption><\/figure>\n<h3>1. R\u00f6delheimer FC 02 &#8211; FC Germania Enkheim 1:1 (1:1)<\/h3>\n<p><img loading=\"lazy\" decoding=\"async\" class=\"alignnone size-full wp-image-932\" src=\"http:\/\/insideamateurfussball-ffm.de\/wp-content\/uploads\/2022\/06\/Roedelheim.jpg\" alt=\"\" width=\"80\" height=\"73\" \/><img loading=\"lazy\" decoding=\"async\" class=\"alignnone size-full wp-image-1748\" src=\"http:\/\/insideamateurfussball-ffm.de\/wp-content\/uploads\/2022\/07\/Enkheim-1.jpg\" alt=\"\" width=\"63\" height=\"80\" \/><\/p>\n<p>Bei dieser Paarung werden Erinnerungen wach an das Relegationsspiel 2023, als die R\u00f6delheimer mit einem 5:1-Sieg im entscheidenden Spiel den Aufstieg klar machten, den die Enkheimer erst ein Jahr sp\u00e4ter vollbrachten. Diesmal war es &#8222;ein taktisch gepr\u00e4gtes Spiel, in dem beide Seiten wenig Risiko eingingen und die Abwehrreihen fast immer alles im Griff hatten&#8220;, berichtete RFC-Sprecher Volker Flauaus. Torchancen waren Mangelware au\u00dfer den beiden Toren &#8211; Niklas Vogt brachte R\u00f6delheim in F\u00fchrung (7.), Enkheims Mihajlo Atanaskovic egalisierte (23.) &#8211; die jeweils gl\u00fccklich zustande kamen, hatten die beiden Torh\u00fcter Theo Wedel (R\u00f6delheim) und Justin Erxleben (Enkheim) einen ruhigen Nachmittag.<\/p>\n<p>Der Club hatte insbesondere in der zweiten Halbzeit wesentlich &#8222;mehr vom Spiel&#8220;, doch die teils langen Ballstaffetten in der eigenen H\u00e4lfte waren keine Gefahr f\u00fcr Enkheim und fast jeder lange Ball endete auf dem Kopf des langen Lars Trams, der wie ein Turm in der Enkheimer Defensive regierte.<\/p>\n<h3><span style=\"text-decoration: underline;\">&#8222;Letzte Saison h\u00e4tten wir so ein Spiel noch in den letzten Minuten verloren, diese Saison halten wir wenigstens das Unentschieden.&#8220; (RFC-Sprecher Volker Flauaus).<\/span><\/h3>\n<p>Einzig Niklas Vogt pr\u00fcfte in der 80. Minute mit beherztem Schuss den Enkheimer Keeper Exleben, doch dieser parierte stark. So konnte der Club noch froh sein, dass kurz vor Schluss ein seltener Konter der G\u00e4ste mit einem Tor fast in den Winkel durch Abseitsentscheidung des Schiedsrichters keine Anerkennung fand.<\/p>\n<p>&#8222;Letzte Saison h\u00e4tten wir so ein Spiel noch in den letzten Minuten verloren, diese Saison halten wir wenigstens das Unentschieden. Beide Seiten k\u00f6nnen meiner Meinung nach mit dem Punkt leben&#8220;, kommentierte Flauaus. F\u00fcr R\u00f6delheim geht es am Sonntag die Nidda rauf zu Germania Ginnheim (15 Uhr). Zeitgleich erwartet Enkheim zum Ost-Derby den FC Gudesding.<\/p>\n<h3><span style=\"text-decoration: underline;\">Schiedsrichter: Lukas Noah Tauber (JFV Bergstra\u00dfe). Zuschauer: 55. <\/span><\/h3>\n<h3><span style=\"text-decoration: underline;\">Tore: 1:0 Niklas Vogt (7.), 1:1 Mihajlo Atanaskovic (23.).<\/span><\/h3>\n","protected":false},"excerpt":{"rendered":"<p>Eine taktisch gepr\u00e4gte Partie zweier gleichwertiger Mannschaften endete mit zwei fr\u00fchen Toren 1:1. Der 1. R\u00f6delheimer FC 02 und Germania Enkheim belegen damit weiter die R\u00e4nge zw\u00f6lf und zehn im zweistelligen Bereich des Klassements. 1. R\u00f6delheimer FC 02 &#8211; FC Germania Enkheim 1:1 (1:1) Bei dieser Paarung werden Erinnerungen wach an das Relegationsspiel 2023, als [&hellip;]<\/p>\n","protected":false},"author":1,"featured_media":28686,"comment_status":"closed","ping_status":"closed","sticky":true,"template":"","format":"standard","meta":{"footnotes":""},"categories":[2],"tags":[],"class_list":["post-28666","post","type-post","status-publish","format-standard","has-post-thumbnail","hentry","category-kreisoberliga-frankfurt"],"_links":{"self":[{"href":"https:\/\/insideamateurfussball-ffm.de\/index.php?rest_route=\/wp\/v2\/posts\/28666","targetHints":{"allow":["GET"]}}],"collection":[{"href":"https:\/\/insideamateurfussball-ffm.de\/index.php?rest_route=\/wp\/v2\/posts"}],"about":[{"href":"https:\/\/insideamateurfussball-ffm.de\/index.php?rest_route=\/wp\/v2\/types\/post"}],"author":[{"embeddable":true,"href":"https:\/\/insideamateurfussball-ffm.de\/index.php?rest_route=\/wp\/v2\/users\/1"}],"replies":[{"embeddable":true,"href":"https:\/\/insideamateurfussball-ffm.de\/index.php?rest_route=%2Fwp%2Fv2%2Fcomments&post=28666"}],"version-history":[{"count":3,"href":"https:\/\/insideamateurfussball-ffm.de\/index.php?rest_route=\/wp\/v2\/posts\/28666\/revisions"}],"predecessor-version":[{"id":28688,"href":"https:\/\/insideamateurfussball-ffm.de\/index.php?rest_route=\/wp\/v2\/posts\/28666\/revisions\/28688"}],"wp:featuredmedia":[{"embeddable":true,"href":"https:\/\/insideamateurfussball-ffm.de\/index.php?rest_route=\/wp\/v2\/media\/28686"}],"wp:attachment":[{"href":"https:\/\/insideamateurfussball-ffm.de\/index.php?rest_route=%2Fwp%2Fv2%2Fmedia&parent=28666"}],"wp:term":[{"taxonomy":"category","embeddable":true,"href":"https:\/\/insideamateurfussball-ffm.de\/index.php?rest_route=%2Fwp%2Fv2%2Fcategories&post=28666"},{"taxonomy":"post_tag","embeddable":true,"href":"https:\/\/insideamateurfussball-ffm.de\/index.php?rest_route=%2Fwp%2Fv2%2Ftags&post=28666"}],"curies":[{"name":"wp","href":"https:\/\/api.w.org\/{rel}","templated":true}]}}