{"id":28663,"date":"2025-10-14T18:33:55","date_gmt":"2025-10-14T17:33:55","guid":{"rendered":"https:\/\/insideamateurfussball-ffm.de\/?p=28663"},"modified":"2025-10-14T20:12:40","modified_gmt":"2025-10-14T19:12:40","slug":"posavina-nach-11-bei-makkabi-zweiter","status":"publish","type":"post","link":"https:\/\/insideamateurfussball-ffm.de\/?p=28663","title":{"rendered":"Posavina nach 1:1 bei Makkabi Zweiter"},"content":{"rendered":"<h3>TuS Makkabi und FC Posavina trennten sich an der neuen Bertramswiese 1:1. Die Gastgeber verpassten es, die G\u00e4ste in der Tabelle zu \u00fcberholen, die nun auf den zweiten Platz vorr\u00fcckten. Makkabi weist aber gegen\u00fcber Posavina und dem Tabellenf\u00fchrer SV 07 Heddernheim zwei Spiele weniger auf.<\/h3>\n<figure id=\"attachment_28664\" aria-describedby=\"caption-attachment-28664\" style=\"width: 640px\" class=\"wp-caption alignright\"><img loading=\"lazy\" decoding=\"async\" class=\"wp-image-28664 size-large\" src=\"http:\/\/insideamateurfussball-ffm.de\/wp-content\/uploads\/2025\/10\/Ma-Po-1024x768.jpg\" alt=\"\" width=\"640\" height=\"480\" srcset=\"https:\/\/insideamateurfussball-ffm.de\/wp-content\/uploads\/2025\/10\/Ma-Po-1024x768.jpg 1024w, https:\/\/insideamateurfussball-ffm.de\/wp-content\/uploads\/2025\/10\/Ma-Po-300x225.jpg 300w, https:\/\/insideamateurfussball-ffm.de\/wp-content\/uploads\/2025\/10\/Ma-Po-768x576.jpg 768w, https:\/\/insideamateurfussball-ffm.de\/wp-content\/uploads\/2025\/10\/Ma-Po-1536x1152.jpg 1536w, https:\/\/insideamateurfussball-ffm.de\/wp-content\/uploads\/2025\/10\/Ma-Po.jpg 1600w\" sizes=\"auto, (max-width: 640px) 100vw, 640px\" \/><figcaption id=\"caption-attachment-28664\" class=\"wp-caption-text\">Farbkombi: Makkabi in blau-wei\u00df-blau, Posavina in wei\u00df-blau-wei\u00df. Foto: Instagram\/FC Posavina.<\/figcaption><\/figure>\n<h3>TuS Makkabi &#8211; FC Posavina 1:1 (0:0)<\/h3>\n<p><img loading=\"lazy\" decoding=\"async\" class=\"alignnone size-full wp-image-90\" src=\"http:\/\/insideamateurfussball-ffm.de\/wp-content\/uploads\/2022\/05\/makkabi-neu.jpg\" alt=\"\" width=\"80\" height=\"80\" \/><img loading=\"lazy\" decoding=\"async\" class=\"alignnone size-full wp-image-22\" src=\"http:\/\/insideamateurfussball-ffm.de\/wp-content\/uploads\/2021\/11\/posavina.jpg\" alt=\"\" width=\"63\" height=\"80\" \/><\/p>\n<div dir=\"auto\">Die G\u00e4ste starteten stark ins Spiel \u2013 schon in den ersten Minuten hatte Filip Tomic eine gute Chance und in der 15. Minute folgte die n\u00e4chste M\u00f6glichkeit. Die Gastgeber antworteten in der 18. Minute, danach Freisto\u00df f\u00fcr Posavina in der 20. Minute nach Foul \u2013 &#8222;Das war eine m\u00f6gliche Rote Karte f\u00fcr den letzten Mann&#8220;, monierte FCP-Pressesprecher Ante Pejic.<\/div>\n<div dir=\"auto\"><\/div>\n<h3 dir=\"auto\"><span style=\"text-decoration: underline;\">G\u00fcltekin verwandelt Handelfmeter zum 1:1<\/span><\/h3>\n<div dir=\"auto\">Nach torloser erster H\u00e4lfte <span style=\"color: initial;\">hatte Makkabi etwas mehr Ballbesitz, aber Posavina erspielte sich zwei hundertprozentige Chancen durch Tomic in der 54. und 63. Minute. <\/span><span style=\"color: initial;\">Nach sch\u00f6ner Kombination \u00fcber Manir Can Karasu auf Anto Arlovic, bediente dieser den eingewechselten Okan Tastan perfekt, der zum 0:1 einschob (69.). <\/span><span style=\"color: initial;\">Nach einem Handspiel im Strafraum gab es Elfmeter f\u00fcr Makkabi, den Volkan G\u00fcltekin zum 1:1 verwandelte (81.).\u00a0 <\/span><\/div>\n<div dir=\"auto\"><\/div>\n<div dir=\"auto\"><span style=\"color: initial;\">Makkabi-Trainer Lasse Krakow meinte: &#8222;Zweite Halbzeit waren wir sehr gut im Spiel, haben aber unsere Chancen nicht genutzt. Hintenraus ist das 1:1 verdient.&#8220; &#8222;Das 1:1 geht in Ordnung&#8220;, meinte auch Pejic als Fazit. Beide Teams sind nun seit drei (Makkabi) beziehungsweise zwei Spielen (Posavina) ohne Sieg. Makkabi gastiert am Mittwoch zum Nachholspiel bei der SG Harheim (20.30 Uhr). Posavina erwartet am Sonntag (15 Uhr) die aufstrebende Spvgg. 02 Griesheim.\u00a0\u00a0<\/span><\/div>\n<div dir=\"auto\"><\/div>\n<h3 dir=\"auto\"><span style=\"text-decoration: underline;\">Schiedsrichter: S\u00fcleyman Karaduman (T\u00fcrkischer SV Bad Nauheim). Zuschauer: 80.<\/span><\/h3>\n<h3 dir=\"auto\"><span style=\"text-decoration: underline;\"> Tore: 0:1 Okan Tastan (69.), 1:1 Volkan G\u00fcltekin (81.\/Handelfmeter).<\/span><\/h3>\n","protected":false},"excerpt":{"rendered":"<p>TuS Makkabi und FC Posavina trennten sich an der neuen Bertramswiese 1:1. Die Gastgeber verpassten es, die G\u00e4ste in der Tabelle zu \u00fcberholen, die nun auf den zweiten Platz vorr\u00fcckten. Makkabi weist aber gegen\u00fcber Posavina und dem Tabellenf\u00fchrer SV 07 Heddernheim zwei Spiele weniger auf. TuS Makkabi &#8211; FC Posavina 1:1 (0:0) Die G\u00e4ste starteten [&hellip;]<\/p>\n","protected":false},"author":1,"featured_media":28664,"comment_status":"closed","ping_status":"closed","sticky":true,"template":"","format":"standard","meta":{"footnotes":""},"categories":[2],"tags":[],"class_list":["post-28663","post","type-post","status-publish","format-standard","has-post-thumbnail","hentry","category-kreisoberliga-frankfurt"],"_links":{"self":[{"href":"https:\/\/insideamateurfussball-ffm.de\/index.php?rest_route=\/wp\/v2\/posts\/28663","targetHints":{"allow":["GET"]}}],"collection":[{"href":"https:\/\/insideamateurfussball-ffm.de\/index.php?rest_route=\/wp\/v2\/posts"}],"about":[{"href":"https:\/\/insideamateurfussball-ffm.de\/index.php?rest_route=\/wp\/v2\/types\/post"}],"author":[{"embeddable":true,"href":"https:\/\/insideamateurfussball-ffm.de\/index.php?rest_route=\/wp\/v2\/users\/1"}],"replies":[{"embeddable":true,"href":"https:\/\/insideamateurfussball-ffm.de\/index.php?rest_route=%2Fwp%2Fv2%2Fcomments&post=28663"}],"version-history":[{"count":4,"href":"https:\/\/insideamateurfussball-ffm.de\/index.php?rest_route=\/wp\/v2\/posts\/28663\/revisions"}],"predecessor-version":[{"id":28680,"href":"https:\/\/insideamateurfussball-ffm.de\/index.php?rest_route=\/wp\/v2\/posts\/28663\/revisions\/28680"}],"wp:featuredmedia":[{"embeddable":true,"href":"https:\/\/insideamateurfussball-ffm.de\/index.php?rest_route=\/wp\/v2\/media\/28664"}],"wp:attachment":[{"href":"https:\/\/insideamateurfussball-ffm.de\/index.php?rest_route=%2Fwp%2Fv2%2Fmedia&parent=28663"}],"wp:term":[{"taxonomy":"category","embeddable":true,"href":"https:\/\/insideamateurfussball-ffm.de\/index.php?rest_route=%2Fwp%2Fv2%2Fcategories&post=28663"},{"taxonomy":"post_tag","embeddable":true,"href":"https:\/\/insideamateurfussball-ffm.de\/index.php?rest_route=%2Fwp%2Fv2%2Ftags&post=28663"}],"curies":[{"name":"wp","href":"https:\/\/api.w.org\/{rel}","templated":true}]}}