{"id":28640,"date":"2025-10-13T18:23:00","date_gmt":"2025-10-13T17:23:00","guid":{"rendered":"https:\/\/insideamateurfussball-ffm.de\/?p=28640"},"modified":"2025-10-14T10:25:31","modified_gmt":"2025-10-14T09:25:31","slug":"unglueckliche-niederlage-fuer-germania","status":"publish","type":"post","link":"https:\/\/insideamateurfussball-ffm.de\/?p=28640","title":{"rendered":"Ungl\u00fcckliche Niederlage f\u00fcr Germania"},"content":{"rendered":"<h4>Ein umstrittener Handelfmeter in der 81.Minute sorgte f\u00fcr die 2:3-Heimniederlage des VfL Germania 94 gegen den FC Karben, der durch den Sieg jetzt \u00e4rgster Verfolger des Spitzenreiters SV Bosnien\/Herzegowina ist.<\/h4>\n<figure id=\"attachment_27467\" aria-describedby=\"caption-attachment-27467\" style=\"width: 892px\" class=\"wp-caption alignnone\"><img loading=\"lazy\" decoding=\"async\" class=\"wp-image-27467 size-full\" src=\"http:\/\/insideamateurfussball-ffm.de\/wp-content\/uploads\/2025\/08\/tguecue-karb-6.jpg\" alt=\"\" width=\"892\" height=\"591\" srcset=\"https:\/\/insideamateurfussball-ffm.de\/wp-content\/uploads\/2025\/08\/tguecue-karb-6.jpg 892w, https:\/\/insideamateurfussball-ffm.de\/wp-content\/uploads\/2025\/08\/tguecue-karb-6-300x199.jpg 300w, https:\/\/insideamateurfussball-ffm.de\/wp-content\/uploads\/2025\/08\/tguecue-karb-6-768x509.jpg 768w\" sizes=\"auto, (max-width: 892px) 100vw, 892px\" \/><figcaption id=\"caption-attachment-27467\" class=\"wp-caption-text\">Der FC Karben kam zu einem gl\u00fccklichen Sieg beim VfL Germania 94. Foto: Archiv Mithat G\u00fcrser<\/figcaption><\/figure>\n<h4>VfL Germania 94 &#8211; FC Karben 2:3 (1:1)<\/h4>\n<p><img loading=\"lazy\" decoding=\"async\" class=\"alignnone size-full wp-image-11577\" src=\"http:\/\/insideamateurfussball-ffm.de\/wp-content\/uploads\/2023\/08\/Germania-94.jpg\" alt=\"\" width=\"80\" height=\"80\" \/><img loading=\"lazy\" decoding=\"async\" class=\"alignnone size-full wp-image-2525\" src=\"http:\/\/insideamateurfussball-ffm.de\/wp-content\/uploads\/2022\/09\/karben.jpg\" alt=\"\" width=\"65\" height=\"80\" \/><\/p>\n<p>Nach der Niederlage letzte Woche in Stierstadt und dem \u00fcberraschenden Pokalaus beim FC Union Niederrad in der Woche setzte es in der englischen Woche die dritte Niederlage in Folge f\u00fcr den VfL Germania 94, aber man hielt lange mit dem Favoriten aus Karben mit, der sich jetzt als direkter Verfolger vom SV Bosnien\/Herzegowina in Stellung gebracht hat und dem Spitzenreiter auch die einzige Niederlage beigebracht hatte.<\/p>\n<p>Die Germania musste einen fr\u00fchen R\u00fcckstand verdauen, bereits in der 5.Minute ging der Favorit aus Karben durch Dorian Music nach einem individuellen Fehler der Gastgeber mit 1:0 in F\u00fchrung, doch die Hausherren schlugen in der 24.Minute zur\u00fcck, als es Ahmed Reshad Daudi gelang, den Ausgleich zu erzielen. Bis zur Pause tat sich nicht mehr viel. In der zweiten Halbzeit erwischte die Germania den besseren Start und ging in der 52.Minute durch Hamza Tmimi mit 2:1 in F\u00fchrung und vers\u00e4umte es danach, das 3:1 nachzulegen, Chancen waren vorhanden. \u00a0Doch in der 71.Minute war es erneut Music auf Seiten der Karbener, der das 2:2 erzielen konnte, ehe es dann in der 81.Minute einen Handelfmeter f\u00fcr die G\u00e4ste gab, der Germanias Trainer Siar Daudi erz\u00fcrnte: \u201edrei Spieler gehen gleichzeitig zum Kopfball zu und der Schiedsrichter pfeift Elfmeter.\u201c<\/p>\n<p>Erneut war es Music, der mit dem verwandelten Strafsto\u00df zum 3:2 Karbens Sieg sicherstellte. Daudi:\u201c wir haben ein gutes Spiel gemacht gegen eine Karbener Mannschaft, die neben Bosnien und Bad Nauheim zu den spielst\u00e4rksten Mannschaften der Liga z\u00e4hlt. Es w\u00e4re am Ende mehr drin gewesen und ein Punkt w\u00e4re mindestens verdient, aber trotz der vielen Ausf\u00e4lle bin ich stolz auf die Leistung der Mannschaft.\u201c<\/p>\n<p>F\u00fcr die Germania folgen jetzt zwei Spiele gegen Mitaufsteiger, bevor in zwei Wochen die FSG Burg-Gr\u00e4fenrode nach Frankfurt kommt, steht erst einmal die weite Fahrt zur SG Wehrheim\/Pfaffenwiesbach an.<\/p>\n<h4>Schiedsrichter: Gabriel Acar (DJK Zeilsheim). Zuschauer: 80.<\/h4>\n<h4>Tore: 0:1 Dorian Music (5.), 1:1 Ahmed Reshad Daudi (24.), 2:1 Hamza Tmimi (52.), 2:2 Dorian Music (71.), 2:3 Dorian Music (81., Elfmeter)<\/h4>\n","protected":false},"excerpt":{"rendered":"<p>Ein umstrittener Handelfmeter in der 81.Minute sorgte f\u00fcr die 2:3-Heimniederlage des VfL Germania 94 gegen den FC Karben, der durch den Sieg jetzt \u00e4rgster Verfolger des Spitzenreiters SV Bosnien\/Herzegowina ist. VfL Germania 94 &#8211; FC Karben 2:3 (1:1) Nach der Niederlage letzte Woche in Stierstadt und dem \u00fcberraschenden Pokalaus beim FC Union Niederrad in der [&hellip;]<\/p>\n","protected":false},"author":3,"featured_media":27467,"comment_status":"closed","ping_status":"open","sticky":true,"template":"","format":"standard","meta":{"footnotes":""},"categories":[13],"tags":[],"class_list":["post-28640","post","type-post","status-publish","format-standard","has-post-thumbnail","hentry","category-gruppenliga-frankfurt-west"],"_links":{"self":[{"href":"https:\/\/insideamateurfussball-ffm.de\/index.php?rest_route=\/wp\/v2\/posts\/28640","targetHints":{"allow":["GET"]}}],"collection":[{"href":"https:\/\/insideamateurfussball-ffm.de\/index.php?rest_route=\/wp\/v2\/posts"}],"about":[{"href":"https:\/\/insideamateurfussball-ffm.de\/index.php?rest_route=\/wp\/v2\/types\/post"}],"author":[{"embeddable":true,"href":"https:\/\/insideamateurfussball-ffm.de\/index.php?rest_route=\/wp\/v2\/users\/3"}],"replies":[{"embeddable":true,"href":"https:\/\/insideamateurfussball-ffm.de\/index.php?rest_route=%2Fwp%2Fv2%2Fcomments&post=28640"}],"version-history":[{"count":3,"href":"https:\/\/insideamateurfussball-ffm.de\/index.php?rest_route=\/wp\/v2\/posts\/28640\/revisions"}],"predecessor-version":[{"id":28643,"href":"https:\/\/insideamateurfussball-ffm.de\/index.php?rest_route=\/wp\/v2\/posts\/28640\/revisions\/28643"}],"wp:featuredmedia":[{"embeddable":true,"href":"https:\/\/insideamateurfussball-ffm.de\/index.php?rest_route=\/wp\/v2\/media\/27467"}],"wp:attachment":[{"href":"https:\/\/insideamateurfussball-ffm.de\/index.php?rest_route=%2Fwp%2Fv2%2Fmedia&parent=28640"}],"wp:term":[{"taxonomy":"category","embeddable":true,"href":"https:\/\/insideamateurfussball-ffm.de\/index.php?rest_route=%2Fwp%2Fv2%2Fcategories&post=28640"},{"taxonomy":"post_tag","embeddable":true,"href":"https:\/\/insideamateurfussball-ffm.de\/index.php?rest_route=%2Fwp%2Fv2%2Ftags&post=28640"}],"curies":[{"name":"wp","href":"https:\/\/api.w.org\/{rel}","templated":true}]}}