{"id":28590,"date":"2025-10-13T14:39:14","date_gmt":"2025-10-13T13:39:14","guid":{"rendered":"https:\/\/insideamateurfussball-ffm.de\/?p=28590"},"modified":"2025-10-13T14:39:14","modified_gmt":"2025-10-13T13:39:14","slug":"was-ist-nur-mit-dem-sv-zeilsheim-los","status":"publish","type":"post","link":"https:\/\/insideamateurfussball-ffm.de\/?p=28590","title":{"rendered":"Was ist nur mit dem SV Zeilsheim los?"},"content":{"rendered":"<h4>Nach der erneuten Niederlage des SV Zeilsheim mit 3:5 bei der SF\/BG Marburg rutschten die Frankfurter in der Tabelle auf den drittletzten Tabellenplatz ab, bisher zeigt die Trennung vom Trainer keine Wirkung.<\/h4>\n<figure id=\"attachment_28591\" aria-describedby=\"caption-attachment-28591\" style=\"width: 2560px\" class=\"wp-caption alignnone\"><img loading=\"lazy\" decoding=\"async\" class=\"wp-image-28591 size-full\" src=\"http:\/\/insideamateurfussball-ffm.de\/wp-content\/uploads\/2025\/10\/12-Es-war-maechtig-was-los-im-Strafraum-des-SV-scaled.jpg\" alt=\"\" width=\"2560\" height=\"1707\" srcset=\"https:\/\/insideamateurfussball-ffm.de\/wp-content\/uploads\/2025\/10\/12-Es-war-maechtig-was-los-im-Strafraum-des-SV-scaled.jpg 2560w, https:\/\/insideamateurfussball-ffm.de\/wp-content\/uploads\/2025\/10\/12-Es-war-maechtig-was-los-im-Strafraum-des-SV-300x200.jpg 300w, https:\/\/insideamateurfussball-ffm.de\/wp-content\/uploads\/2025\/10\/12-Es-war-maechtig-was-los-im-Strafraum-des-SV-1024x683.jpg 1024w, https:\/\/insideamateurfussball-ffm.de\/wp-content\/uploads\/2025\/10\/12-Es-war-maechtig-was-los-im-Strafraum-des-SV-768x512.jpg 768w, https:\/\/insideamateurfussball-ffm.de\/wp-content\/uploads\/2025\/10\/12-Es-war-maechtig-was-los-im-Strafraum-des-SV-1536x1024.jpg 1536w, https:\/\/insideamateurfussball-ffm.de\/wp-content\/uploads\/2025\/10\/12-Es-war-maechtig-was-los-im-Strafraum-des-SV-2048x1365.jpg 2048w\" sizes=\"auto, (max-width: 2560px) 100vw, 2560px\" \/><figcaption id=\"caption-attachment-28591\" class=\"wp-caption-text\">Es war m\u00e4chtig was los im Strafraum des SV. Foto: Verein<\/figcaption><\/figure>\n<h4>BG\/SF Marburg &#8211; SV Zeilsheim 5:3 (1:3)<\/h4>\n<p><img loading=\"lazy\" decoding=\"async\" class=\"alignnone size-medium wp-image-28592\" src=\"http:\/\/insideamateurfussball-ffm.de\/wp-content\/uploads\/2025\/10\/logo-marburg.png\" alt=\"\" width=\"80\" height=\"80\" \/><img loading=\"lazy\" decoding=\"async\" class=\"alignnone size-full wp-image-20302\" src=\"http:\/\/insideamateurfussball-ffm.de\/wp-content\/uploads\/2024\/08\/logo-zeilsheim.jpeg\" alt=\"\" width=\"68\" height=\"80\" \/><\/p>\n<p>(Marburg, 12.10.2025). Trotz 3:0 F\u00fchrung und zu Anfangs \u00fcberlegener Spielweise musste die Mannschaft, um Interimstrainer Robert Schick mit einer Niederlage im Gep\u00e4ck die Heimreise antreten.\u00a0 \u201eEs wird eine Weile dauern, bis wir da unten rauskommen\u201c, sagte Peter Strauch. Der Vorsitzende war noch guter Hoffnung, als seine Mannschaft 3:0 vorne lag. Doch das 1:3, mit dem Pausenpfiff (45.+2), brachte seine Mannschaft aus dem Konzept. \u201eZwar ist das Tor aus einer sehr abseitsverd\u00e4chtigen Position erzielt worden, jedoch darf uns das nicht so aus dem Konzept bringen\u201c, betonte Strauch.<\/p>\n<p>Nach der Halbzeit brachen nach dem 2:3 die D\u00e4mme und Marburg hatte leichtes Spiel. Eine Gegenwehr von Zeilsheim war kaum zu erkennen und zeigte gnadenlos den derzeit schlechten Zustand der Mannschaft auf. Am kommenden Sonntag \u2013 zuhause gegen den FV Breidenbach \u2013 gilt es vieles besser zu machen, um nicht noch tiefer in den Abstiegsstrudel zu geraten.<\/p>\n<p>So spielte der SV: Paul Siegers, Mikael Neway, Tobias Werther, Askar Said Sadah, Amar Zildzovic (80. Hiroki Torinomi, Belal Dashti (67. Ivo Jurusic), Arian Selmani, Takuto Tanaka, Andre Flies, Dariyan Demir, Vladimir Trucic (69. Dominik Ortega-Tapia).<\/p>\n<p>Tore: \u00a00:1 Tobias Werther (29.), 0:2 Andre Flies (34. FE), 0:3 Takuto Tanaka (38.), 1:3, 2:3, 3:3 Niko Gehrmann (45.+2, 52., 67.), 4:3 Fabian Br\u00e4uer (69.), 5:3 Sascha Huhn (71.).<\/p>\n<p>Schiedsrichter: Florian Caris.<\/p>\n","protected":false},"excerpt":{"rendered":"<p>Nach der erneuten Niederlage des SV Zeilsheim mit 3:5 bei der SF\/BG Marburg rutschten die Frankfurter in der Tabelle auf den drittletzten Tabellenplatz ab, bisher zeigt die Trennung vom Trainer keine Wirkung. BG\/SF Marburg &#8211; SV Zeilsheim 5:3 (1:3) (Marburg, 12.10.2025). Trotz 3:0 F\u00fchrung und zu Anfangs \u00fcberlegener Spielweise musste die Mannschaft, um Interimstrainer Robert [&hellip;]<\/p>\n","protected":false},"author":3,"featured_media":28591,"comment_status":"closed","ping_status":"open","sticky":true,"template":"","format":"standard","meta":{"footnotes":""},"categories":[32],"tags":[],"class_list":["post-28590","post","type-post","status-publish","format-standard","has-post-thumbnail","hentry","category-verbandsliga-mitte"],"_links":{"self":[{"href":"https:\/\/insideamateurfussball-ffm.de\/index.php?rest_route=\/wp\/v2\/posts\/28590","targetHints":{"allow":["GET"]}}],"collection":[{"href":"https:\/\/insideamateurfussball-ffm.de\/index.php?rest_route=\/wp\/v2\/posts"}],"about":[{"href":"https:\/\/insideamateurfussball-ffm.de\/index.php?rest_route=\/wp\/v2\/types\/post"}],"author":[{"embeddable":true,"href":"https:\/\/insideamateurfussball-ffm.de\/index.php?rest_route=\/wp\/v2\/users\/3"}],"replies":[{"embeddable":true,"href":"https:\/\/insideamateurfussball-ffm.de\/index.php?rest_route=%2Fwp%2Fv2%2Fcomments&post=28590"}],"version-history":[{"count":3,"href":"https:\/\/insideamateurfussball-ffm.de\/index.php?rest_route=\/wp\/v2\/posts\/28590\/revisions"}],"predecessor-version":[{"id":28595,"href":"https:\/\/insideamateurfussball-ffm.de\/index.php?rest_route=\/wp\/v2\/posts\/28590\/revisions\/28595"}],"wp:featuredmedia":[{"embeddable":true,"href":"https:\/\/insideamateurfussball-ffm.de\/index.php?rest_route=\/wp\/v2\/media\/28591"}],"wp:attachment":[{"href":"https:\/\/insideamateurfussball-ffm.de\/index.php?rest_route=%2Fwp%2Fv2%2Fmedia&parent=28590"}],"wp:term":[{"taxonomy":"category","embeddable":true,"href":"https:\/\/insideamateurfussball-ffm.de\/index.php?rest_route=%2Fwp%2Fv2%2Fcategories&post=28590"},{"taxonomy":"post_tag","embeddable":true,"href":"https:\/\/insideamateurfussball-ffm.de\/index.php?rest_route=%2Fwp%2Fv2%2Ftags&post=28590"}],"curies":[{"name":"wp","href":"https:\/\/api.w.org\/{rel}","templated":true}]}}