{"id":28504,"date":"2025-10-12T12:22:03","date_gmt":"2025-10-12T11:22:03","guid":{"rendered":"https:\/\/insideamateurfussball-ffm.de\/?p=28504"},"modified":"2025-10-12T12:27:21","modified_gmt":"2025-10-12T11:27:21","slug":"chaos-beim-fc-croatia-spiel-aus-personalmangel-abgesagt","status":"publish","type":"post","link":"https:\/\/insideamateurfussball-ffm.de\/?p=28504","title":{"rendered":"Chaos beim FC Croatia: Spiel aus &#8222;Personalmangel&#8220; abgesagt"},"content":{"rendered":"<h3>Beim FC Croatia herrscht das totale Chaos. Nachdem unter der Woche beim Kreisoberligisten Trainer Vjekoslav Anicic sein Amt niederlegte und Jorge Huberman als Nachfolger ins Gespr\u00e4ch gebracht wurde, teilte der Verein mit, im Meisterschaftsspiel gegen den FC Union Niederrad aus Personalmangel nicht antreten zu k\u00f6nnen.<\/h3>\n<figure id=\"attachment_17732\" aria-describedby=\"caption-attachment-17732\" style=\"width: 640px\" class=\"wp-caption alignright\"><img loading=\"lazy\" decoding=\"async\" class=\"wp-image-17732 size-large\" src=\"http:\/\/insideamateurfussball-ffm.de\/wp-content\/uploads\/2024\/03\/Croatia-SGBII_240324-88-1024x683.jpg\" alt=\"\" width=\"640\" height=\"427\" srcset=\"https:\/\/insideamateurfussball-ffm.de\/wp-content\/uploads\/2024\/03\/Croatia-SGBII_240324-88-1024x683.jpg 1024w, https:\/\/insideamateurfussball-ffm.de\/wp-content\/uploads\/2024\/03\/Croatia-SGBII_240324-88-300x200.jpg 300w, https:\/\/insideamateurfussball-ffm.de\/wp-content\/uploads\/2024\/03\/Croatia-SGBII_240324-88-768x512.jpg 768w, https:\/\/insideamateurfussball-ffm.de\/wp-content\/uploads\/2024\/03\/Croatia-SGBII_240324-88-1536x1024.jpg 1536w, https:\/\/insideamateurfussball-ffm.de\/wp-content\/uploads\/2024\/03\/Croatia-SGBII_240324-88-2048x1365.jpg 2048w\" sizes=\"auto, (max-width: 640px) 100vw, 640px\" \/><figcaption id=\"caption-attachment-17732\" class=\"wp-caption-text\">Der FC Croatia ist heute nicht in der Liga, eine Mannschaft f\u00fcr die Kreisoberliga-Partie zu stellen. Foto: Archiv Andre Sturmeit.<\/figcaption><\/figure>\n<h3>FC Croatia &#8211; FC Union Niederrad abgesagt<\/h3>\n<p><img loading=\"lazy\" decoding=\"async\" class=\"alignnone size-full wp-image-29\" src=\"http:\/\/insideamateurfussball-ffm.de\/wp-content\/uploads\/2021\/11\/croatia.jpg\" alt=\"\" width=\"63\" height=\"80\" \/><img loading=\"lazy\" decoding=\"async\" class=\"alignnone size-full wp-image-38\" src=\"http:\/\/insideamateurfussball-ffm.de\/wp-content\/uploads\/2021\/11\/Union-Niederrad.jpg\" alt=\"\" width=\"80\" height=\"80\" \/><\/p>\n<p>In einer an den Kreisfu\u00dfballwart Thorsten Bastian versendeten Mail teilte Vlatko Vlasicek im Auftrag des Vorstandes mit, dass &#8222;aufgrund einer Vielzahl krankheits- und verletzungsbedingter Ausf\u00e4lle es der Mannschaft des FC Croatia leider nicht m\u00f6glich ist, zum genannten Spiel anzutreten.&#8220;<\/p>\n<p>Einem Antrag des FC Croatia, die Partie zu verlegen, lehnte der Gastverein Union Niederrad ab. Die Begegnung wurde von Bastian abgesetzt und wird nach Ma\u00dfgabe der Sportgerichtsbarkeit als Nichtantritt des Heimvereins und somit mit 3:0 Toren f\u00fcr die Niederr\u00e4der gewertet. Die wahren Hintergr\u00fcnde des Nichtantritts liegen jedoch offenbar in einem anderen Bereich. Die Mannschaft des FC Croatia lie\u00df in einer &#8222;offiziellen Stellungnahme&#8220; verlautbaren, man habe beschlossen &#8222;den Streik fortzusetzen und alle Trainingsaktivit\u00e4ten einzustellen.&#8220;<\/p>\n<h3><span style=\"text-decoration: underline;\">Kritik richtet sich gegen Pr\u00e4sident Mile Kelava<\/span><\/h3>\n<p>Es geht um vereinbarte Aufwandsentsch\u00e4digungen, die vor der Saison mit den Spielern vereinbart und nicht zur Auszahlung gekommen seien. Daf\u00fcr verlangten die Akteure eine &#8222;schriftliche Garantie&#8220;, setzten dem Club eine Frist bis Freitag, &#8222;ein offizielles Dokument zu unterzeichnen, das die Auszahlungspflicht best\u00e4tigt&#8220;, ansonsten werde &#8222;die Mannschaft nicht am kommenden Spiel teilnehmen.&#8220; Die Kritik richtete sich gegen Pr\u00e4sident Mile Kelava, der &#8222;in den letzten vier Monaten nur viermal vor der Mannschaft erschienen und bei den Spielen nicht anwesend&#8220; sei. Der Verein befinde sich seit l\u00e4ngerem &#8222;ohne tats\u00e4chliche sportliche und organisatorische F\u00fchrung.&#8220;<\/p>\n<p>Es wurde sogar eine Summe im f\u00fcnfstelligen Bereich genannt, &#8222;die vom Vereinskonto verschwunden&#8220; sei. Weder der Vorstand noch Pressesprecher Stanislav Konta wollten sich zu den Forderungen der Mannschaft \u00e4u\u00dfern. Konta verwies darauf, sich &#8222;aus den Streitigkeiten rauszuhalten.&#8220; Auch Trainerkandidat Jorge Huberman geht auf Abstand: &#8222;Mehr als ein langes Gespr\u00e4ch haben wir nicht gef\u00fchrt und ich hatte auch nicht zugesagt. Dann erst kamen die ganzen Informationen. Ich m\u00f6chte nicht in diesen Konflikt hinein gezogen werden. Wenn keine Mannschaft zur Verf\u00fcgung steht, kann ich da nicht hingehen.&#8220;<\/p>\n","protected":false},"excerpt":{"rendered":"<p>Beim FC Croatia herrscht das totale Chaos. Nachdem unter der Woche beim Kreisoberligisten Trainer Vjekoslav Anicic sein Amt niederlegte und Jorge Huberman als Nachfolger ins Gespr\u00e4ch gebracht wurde, teilte der Verein mit, im Meisterschaftsspiel gegen den FC Union Niederrad aus Personalmangel nicht antreten zu k\u00f6nnen. FC Croatia &#8211; FC Union Niederrad abgesagt In einer an [&hellip;]<\/p>\n","protected":false},"author":1,"featured_media":17732,"comment_status":"open","ping_status":"open","sticky":true,"template":"","format":"standard","meta":{"footnotes":""},"categories":[2],"tags":[],"class_list":["post-28504","post","type-post","status-publish","format-standard","has-post-thumbnail","hentry","category-kreisoberliga-frankfurt"],"_links":{"self":[{"href":"https:\/\/insideamateurfussball-ffm.de\/index.php?rest_route=\/wp\/v2\/posts\/28504","targetHints":{"allow":["GET"]}}],"collection":[{"href":"https:\/\/insideamateurfussball-ffm.de\/index.php?rest_route=\/wp\/v2\/posts"}],"about":[{"href":"https:\/\/insideamateurfussball-ffm.de\/index.php?rest_route=\/wp\/v2\/types\/post"}],"author":[{"embeddable":true,"href":"https:\/\/insideamateurfussball-ffm.de\/index.php?rest_route=\/wp\/v2\/users\/1"}],"replies":[{"embeddable":true,"href":"https:\/\/insideamateurfussball-ffm.de\/index.php?rest_route=%2Fwp%2Fv2%2Fcomments&post=28504"}],"version-history":[{"count":5,"href":"https:\/\/insideamateurfussball-ffm.de\/index.php?rest_route=\/wp\/v2\/posts\/28504\/revisions"}],"predecessor-version":[{"id":28509,"href":"https:\/\/insideamateurfussball-ffm.de\/index.php?rest_route=\/wp\/v2\/posts\/28504\/revisions\/28509"}],"wp:featuredmedia":[{"embeddable":true,"href":"https:\/\/insideamateurfussball-ffm.de\/index.php?rest_route=\/wp\/v2\/media\/17732"}],"wp:attachment":[{"href":"https:\/\/insideamateurfussball-ffm.de\/index.php?rest_route=%2Fwp%2Fv2%2Fmedia&parent=28504"}],"wp:term":[{"taxonomy":"category","embeddable":true,"href":"https:\/\/insideamateurfussball-ffm.de\/index.php?rest_route=%2Fwp%2Fv2%2Fcategories&post=28504"},{"taxonomy":"post_tag","embeddable":true,"href":"https:\/\/insideamateurfussball-ffm.de\/index.php?rest_route=%2Fwp%2Fv2%2Ftags&post=28504"}],"curies":[{"name":"wp","href":"https:\/\/api.w.org\/{rel}","templated":true}]}}