{"id":28489,"date":"2025-10-10T15:55:52","date_gmt":"2025-10-10T14:55:52","guid":{"rendered":"https:\/\/insideamateurfussball-ffm.de\/?p=28489"},"modified":"2025-10-10T15:55:52","modified_gmt":"2025-10-10T14:55:52","slug":"eine-gute-halbzeit-reicht-kalbach-nicht","status":"publish","type":"post","link":"https:\/\/insideamateurfussball-ffm.de\/?p=28489","title":{"rendered":"Eine gute Halbzeit reicht Kalbach nicht"},"content":{"rendered":"<h4>Der FC Kalbach verlor das Nachholspiel gegen den SV Unter-Flockenbach mit 2:5, konnte dabei nach dem 0:3-Halbzeitstand zumindest die zweite H\u00e4lfte ausgeglichen gestalten.<\/h4>\n<figure id=\"attachment_28496\" aria-describedby=\"caption-attachment-28496\" style=\"width: 2016px\" class=\"wp-caption alignnone\"><img loading=\"lazy\" decoding=\"async\" class=\"wp-image-28496 size-full\" src=\"http:\/\/insideamateurfussball-ffm.de\/wp-content\/uploads\/2025\/10\/kalbachflockenbach06.jpg\" alt=\"\" width=\"2016\" height=\"1512\" srcset=\"https:\/\/insideamateurfussball-ffm.de\/wp-content\/uploads\/2025\/10\/kalbachflockenbach06.jpg 2016w, https:\/\/insideamateurfussball-ffm.de\/wp-content\/uploads\/2025\/10\/kalbachflockenbach06-300x225.jpg 300w, https:\/\/insideamateurfussball-ffm.de\/wp-content\/uploads\/2025\/10\/kalbachflockenbach06-1024x768.jpg 1024w, https:\/\/insideamateurfussball-ffm.de\/wp-content\/uploads\/2025\/10\/kalbachflockenbach06-768x576.jpg 768w, https:\/\/insideamateurfussball-ffm.de\/wp-content\/uploads\/2025\/10\/kalbachflockenbach06-1536x1152.jpg 1536w\" sizes=\"auto, (max-width: 2016px) 100vw, 2016px\" \/><figcaption id=\"caption-attachment-28496\" class=\"wp-caption-text\">Imad Eljazouli brachte bei Kalbach Schwung in die zweite Halbzeit und erzielte auch ein Tor. Foto: MZ<\/figcaption><\/figure>\n<h4><span style=\"color: revert; font-size: revert; font-weight: revert;\">FC Kalbach &#8211; SV Unter\u2013Flockenbach 2:5 (0:3)<\/span><\/h4>\n<p><img loading=\"lazy\" decoding=\"async\" class=\"alignnone size-full wp-image-16\" style=\"color: revert; font-size: revert; font-weight: revert;\" src=\"http:\/\/insideamateurfussball-ffm.de\/wp-content\/uploads\/2021\/11\/kalbach-wappen.jpg\" alt=\"\" width=\"80\" height=\"80\" \/><img loading=\"lazy\" decoding=\"async\" class=\"alignnone size-full wp-image-12840\" src=\"http:\/\/insideamateurfussball-ffm.de\/wp-content\/uploads\/2023\/09\/Unter-Flockenbach.png\" alt=\"\" width=\"80\" height=\"80\" \/><\/p>\n<p>Das Nachholspiel des FC Kalbach gegen den Verbandsliga-Absteiger Sv Unter-Flockenbach erinnerte an viele Gruppenliga-Spiele der letzten Saison, wo die Kalbacher nach schlechter erster Halbzeit in der zweiten H\u00e4lfte noch aufdrehten und viele Spiele f\u00fcr sich entschieden. Doch in der Verbandsliga werden Fehler sofort bestraft, und so lag man schon zur Halbzeit mit 0:3 zur\u00fcck. Die weit angereisten G\u00e4ste, die zuletzt ein Unentschieden beim Tabellenf\u00fchrer RW Darmstadt erzielen konnten, dominierten die erste Halbzeit und kamen immer wieder erfolgreich \u00fcber die linke Seite, wo M\u00fcsl\u00fcm Arikan ein ums andere Mal seinen Gegenspieler schwindlig spielte. Und so fielen auch die ersten beiden Tore, Flanke Arikan, Tor Luca Kaiser. In der 18.Minute schob Kaiser die Flanke aus 4 Metern ins Tor, nur 4 Minuten sp\u00e4ter k\u00f6pfte er den Ball nach der Hereingabe am langen Pfosten zum 2:0 ins Tor (22.).<\/p>\n<p>Doch Kaiser kann es auch anders, in der 38.Minute wurde er auf die Reise geschickt, behauptete sich robust gegen seinen Gegner, umkurvte Torwart Simon Niklas M\u00fcller und setzte den Ball an den Pfosten, den Abpraller schob er zum lupenreinen Hattrick aus drei Metern ins Tor. Zur Halbzeit mit dem 3:0 eine hochverdiente F\u00fchrung f\u00fcr die G\u00e4ste, die Kalbacher wurden nur einmal gef\u00e4hrlich, als Unter-Flockenbachs Torwart Marcel Petrinec in der 30.Minute einen Schuss von Luka Gusic aus 16 Metern zur Ecke abwehren konnte.<\/p>\n<p>In der Pause wechselte Kalbachs Trainer Aze Dine Zarioh dreimal, und vor allen Dingen der eingewechselte Imad Eljazouli sorgte f\u00fcr Belebung. Erst eroberte er mit einer k\u00e4mpferischen Gr\u00e4tsche den Ball, und in der 52.Minute sah er den G\u00e4ste-Torwart zu weit vor seinem Tor stehen, Eljazoulis Schuss aus 25 Metern senkte sich \u00fcber den Keeper zum 1:3 ins Netz. Die Kalbacher zeigten jetzt durch eine andere k\u00e4mpferische Einstellung, dass sie auch in der Verbandsliga mit anderen Teams mithalten k\u00f6nnen, stellten aber die Fehler nicht ab. So kamen die G\u00e4ste nach einem Eckball in der 62.Minute zum 4:1, als Simon Florian Katich keine M\u00fche hatte, den Ball aus 5 Metern \u00fcber die Linie zu dr\u00fccken. Und die G\u00e4ste legten in der 68.Minute durch Jann Germies nach, der mit einem abgef\u00e4lschten Schuss zum 5:1 erfolgreich war.<\/p>\n<p>Postwendend kamen die Gastgeber zum weiteren Tor durch den ebenfalls zur Halbzeit eingewechselten Yassin Hadri, der den Ball aus 10 Metern im Tor versenkte (70.), doch beim 2:5 blieb es trotz vieler Bem\u00fchungen der Gastgeber, die eine gute zweite Halbzeit spielten und zumindest ebenb\u00fcrtig waren, bis zum Ende. Eine gute Halbzeit reicht in der Verbandsliga nicht, so bleibt Kalbach mit nur 5 Punkten weiterhin auf dem vorletzten Platz. Kalbachs Vorstandsmitglied Manni Meyer meinte nach dem Spiel: \u201ewir haben gegen einen sehr guten Gegner gespielt, wir haben in der ersten Halbzeit \u00fcberhaupt keinen Zugriff gefunden, da war ein Schuss aufs Tor, da lagen wir aber schon 3:0 zur\u00fcck. Ich finde aber, dass wir in der zweiten Halbzeit sehr engagiert gespielt haben, trotz dieses R\u00fcckstandes. Da haben wir ein ganz ordentliches Spiel abgegeben, wenn wir diese Fehlerquellen ablegen, haben wir immer noch eine Chance, mitzuspielen, allerdings wird es immer schwieriger, die Tabelle l\u00fcgt nicht, deswegen m\u00fcssen irgendwann Siege her, sonst rei\u00dft es zu weit ab.\u201c<\/p>\n<p>Da das Spiel gegen den VfR Gro\u00df-Gerau auf deren Bitte verlegt wurde, bietet sich die n\u00e4chste Chance auf Punkte erst am 19.10.2025 im Heimspiel gegen die zweite Mannschaft von RW Walldorf.<\/p>\n<h4>Schiedsrichter: Malte Sattler (JFV Stadtallendorf). Zuschauer: 97.<\/h4>\n<h4>Tore: 0:1 Luca Kaiser (18.), 0:2 Luca Kaiser (22.), 0:3 Luca Kaiser (38.), 1:3 Imad Eljazouli (52.), 1:4 Simon Florian Katich (62.), 1:5 Jann Germies (68.), 2:5 Yassin Hadri (70.)<\/h4>\n\n\n<figure class=\"wp-block-image size-large\"><img loading=\"lazy\" decoding=\"async\" width=\"1024\" height=\"768\" src=\"http:\/\/insideamateurfussball-ffm.de\/wp-content\/uploads\/2025\/10\/kalbachflockenbach00-1024x768.jpg\" alt=\"\" class=\"wp-image-28490\" srcset=\"https:\/\/insideamateurfussball-ffm.de\/wp-content\/uploads\/2025\/10\/kalbachflockenbach00-1024x768.jpg 1024w, https:\/\/insideamateurfussball-ffm.de\/wp-content\/uploads\/2025\/10\/kalbachflockenbach00-300x225.jpg 300w, https:\/\/insideamateurfussball-ffm.de\/wp-content\/uploads\/2025\/10\/kalbachflockenbach00-768x576.jpg 768w, https:\/\/insideamateurfussball-ffm.de\/wp-content\/uploads\/2025\/10\/kalbachflockenbach00-1536x1152.jpg 1536w, https:\/\/insideamateurfussball-ffm.de\/wp-content\/uploads\/2025\/10\/kalbachflockenbach00.jpg 2016w\" sizes=\"auto, (max-width: 1024px) 100vw, 1024px\" \/><\/figure>\n\n\n\n<figure class=\"wp-block-image size-large\"><img loading=\"lazy\" decoding=\"async\" width=\"1024\" height=\"768\" src=\"http:\/\/insideamateurfussball-ffm.de\/wp-content\/uploads\/2025\/10\/kalbachflockenbach02-1024x768.jpg\" alt=\"\" class=\"wp-image-28492\" srcset=\"https:\/\/insideamateurfussball-ffm.de\/wp-content\/uploads\/2025\/10\/kalbachflockenbach02-1024x768.jpg 1024w, https:\/\/insideamateurfussball-ffm.de\/wp-content\/uploads\/2025\/10\/kalbachflockenbach02-300x225.jpg 300w, https:\/\/insideamateurfussball-ffm.de\/wp-content\/uploads\/2025\/10\/kalbachflockenbach02-768x576.jpg 768w, https:\/\/insideamateurfussball-ffm.de\/wp-content\/uploads\/2025\/10\/kalbachflockenbach02-1536x1152.jpg 1536w, https:\/\/insideamateurfussball-ffm.de\/wp-content\/uploads\/2025\/10\/kalbachflockenbach02.jpg 2016w\" sizes=\"auto, (max-width: 1024px) 100vw, 1024px\" \/><\/figure>\n\n\n\n<figure class=\"wp-block-image size-large\"><img loading=\"lazy\" decoding=\"async\" width=\"1024\" height=\"768\" src=\"http:\/\/insideamateurfussball-ffm.de\/wp-content\/uploads\/2025\/10\/kalbachflockenbach03-1024x768.jpg\" alt=\"\" class=\"wp-image-28493\" srcset=\"https:\/\/insideamateurfussball-ffm.de\/wp-content\/uploads\/2025\/10\/kalbachflockenbach03-1024x768.jpg 1024w, https:\/\/insideamateurfussball-ffm.de\/wp-content\/uploads\/2025\/10\/kalbachflockenbach03-300x225.jpg 300w, https:\/\/insideamateurfussball-ffm.de\/wp-content\/uploads\/2025\/10\/kalbachflockenbach03-768x576.jpg 768w, https:\/\/insideamateurfussball-ffm.de\/wp-content\/uploads\/2025\/10\/kalbachflockenbach03-1536x1152.jpg 1536w, https:\/\/insideamateurfussball-ffm.de\/wp-content\/uploads\/2025\/10\/kalbachflockenbach03.jpg 2016w\" sizes=\"auto, (max-width: 1024px) 100vw, 1024px\" \/><\/figure>\n\n\n\n<figure class=\"wp-block-image size-large\"><img loading=\"lazy\" decoding=\"async\" width=\"1024\" height=\"768\" src=\"http:\/\/insideamateurfussball-ffm.de\/wp-content\/uploads\/2025\/10\/kalbachflockenbach04-1024x768.jpg\" alt=\"\" class=\"wp-image-28494\" srcset=\"https:\/\/insideamateurfussball-ffm.de\/wp-content\/uploads\/2025\/10\/kalbachflockenbach04-1024x768.jpg 1024w, https:\/\/insideamateurfussball-ffm.de\/wp-content\/uploads\/2025\/10\/kalbachflockenbach04-300x225.jpg 300w, https:\/\/insideamateurfussball-ffm.de\/wp-content\/uploads\/2025\/10\/kalbachflockenbach04-768x576.jpg 768w, https:\/\/insideamateurfussball-ffm.de\/wp-content\/uploads\/2025\/10\/kalbachflockenbach04-1536x1152.jpg 1536w, https:\/\/insideamateurfussball-ffm.de\/wp-content\/uploads\/2025\/10\/kalbachflockenbach04.jpg 2016w\" sizes=\"auto, (max-width: 1024px) 100vw, 1024px\" \/><\/figure>\n\n\n\n<figure class=\"wp-block-image size-large\"><img loading=\"lazy\" decoding=\"async\" width=\"1024\" height=\"768\" src=\"http:\/\/insideamateurfussball-ffm.de\/wp-content\/uploads\/2025\/10\/kalbachflockenbach07-1024x768.jpg\" alt=\"\" class=\"wp-image-28497\" srcset=\"https:\/\/insideamateurfussball-ffm.de\/wp-content\/uploads\/2025\/10\/kalbachflockenbach07-1024x768.jpg 1024w, https:\/\/insideamateurfussball-ffm.de\/wp-content\/uploads\/2025\/10\/kalbachflockenbach07-300x225.jpg 300w, https:\/\/insideamateurfussball-ffm.de\/wp-content\/uploads\/2025\/10\/kalbachflockenbach07-768x576.jpg 768w, https:\/\/insideamateurfussball-ffm.de\/wp-content\/uploads\/2025\/10\/kalbachflockenbach07-1536x1152.jpg 1536w, https:\/\/insideamateurfussball-ffm.de\/wp-content\/uploads\/2025\/10\/kalbachflockenbach07.jpg 2016w\" sizes=\"auto, (max-width: 1024px) 100vw, 1024px\" \/><\/figure>\n","protected":false},"excerpt":{"rendered":"<p>Der FC Kalbach verlor das Nachholspiel gegen den SV Unter-Flockenbach mit 2:5, konnte dabei nach dem 0:3-Halbzeitstand zumindest die zweite H\u00e4lfte ausgeglichen gestalten. FC Kalbach &#8211; SV Unter\u2013Flockenbach 2:5 (0:3) Das Nachholspiel des FC Kalbach gegen den Verbandsliga-Absteiger Sv Unter-Flockenbach erinnerte an viele Gruppenliga-Spiele der letzten Saison, wo die Kalbacher nach schlechter erster Halbzeit in [&hellip;]<\/p>\n","protected":false},"author":3,"featured_media":28496,"comment_status":"closed","ping_status":"open","sticky":true,"template":"","format":"standard","meta":{"footnotes":""},"categories":[10],"tags":[],"class_list":["post-28489","post","type-post","status-publish","format-standard","has-post-thumbnail","hentry","category-verbandsliga-sued"],"_links":{"self":[{"href":"https:\/\/insideamateurfussball-ffm.de\/index.php?rest_route=\/wp\/v2\/posts\/28489","targetHints":{"allow":["GET"]}}],"collection":[{"href":"https:\/\/insideamateurfussball-ffm.de\/index.php?rest_route=\/wp\/v2\/posts"}],"about":[{"href":"https:\/\/insideamateurfussball-ffm.de\/index.php?rest_route=\/wp\/v2\/types\/post"}],"author":[{"embeddable":true,"href":"https:\/\/insideamateurfussball-ffm.de\/index.php?rest_route=\/wp\/v2\/users\/3"}],"replies":[{"embeddable":true,"href":"https:\/\/insideamateurfussball-ffm.de\/index.php?rest_route=%2Fwp%2Fv2%2Fcomments&post=28489"}],"version-history":[{"count":2,"href":"https:\/\/insideamateurfussball-ffm.de\/index.php?rest_route=\/wp\/v2\/posts\/28489\/revisions"}],"predecessor-version":[{"id":28499,"href":"https:\/\/insideamateurfussball-ffm.de\/index.php?rest_route=\/wp\/v2\/posts\/28489\/revisions\/28499"}],"wp:featuredmedia":[{"embeddable":true,"href":"https:\/\/insideamateurfussball-ffm.de\/index.php?rest_route=\/wp\/v2\/media\/28496"}],"wp:attachment":[{"href":"https:\/\/insideamateurfussball-ffm.de\/index.php?rest_route=%2Fwp%2Fv2%2Fmedia&parent=28489"}],"wp:term":[{"taxonomy":"category","embeddable":true,"href":"https:\/\/insideamateurfussball-ffm.de\/index.php?rest_route=%2Fwp%2Fv2%2Fcategories&post=28489"},{"taxonomy":"post_tag","embeddable":true,"href":"https:\/\/insideamateurfussball-ffm.de\/index.php?rest_route=%2Fwp%2Fv2%2Ftags&post=28489"}],"curies":[{"name":"wp","href":"https:\/\/api.w.org\/{rel}","templated":true}]}}