{"id":28484,"date":"2025-10-09T16:56:24","date_gmt":"2025-10-09T15:56:24","guid":{"rendered":"https:\/\/insideamateurfussball-ffm.de\/?p=28484"},"modified":"2025-10-09T17:12:46","modified_gmt":"2025-10-09T16:12:46","slug":"fc-croatia-anicic-weg-huberman-soll-kommen","status":"publish","type":"post","link":"https:\/\/insideamateurfussball-ffm.de\/?p=28484","title":{"rendered":"FC Croatia: Anicic weg &#8211; Huberman soll kommen"},"content":{"rendered":"<h3>Trainerwechsel auch beim FC Croatia! Nach dem lustlosen Auftritt bei der desolaten 0:8-Niederlage beim SV Viktoria Preu\u00dfen ist Trainer Vjekoslav Anicic von seinem Amt zur\u00fcckgetreten. Das berichtet das kroatische Internetportal &#8222;Fenix Magazin&#8220;. Als Nachfolger stehe Jorge Huberman bereit. Er meldete auf Nachfrage Interesse an, die Mannschaft zu \u00fcbernehmen. Eine finale Einigung stehe aber noch aus.<\/h3>\n<figure id=\"attachment_28485\" aria-describedby=\"caption-attachment-28485\" style=\"width: 887px\" class=\"wp-caption alignnone\"><img loading=\"lazy\" decoding=\"async\" class=\"wp-image-28485 size-full\" src=\"http:\/\/insideamateurfussball-ffm.de\/wp-content\/uploads\/2025\/10\/cora1.jpg\" alt=\"\" width=\"887\" height=\"748\" srcset=\"https:\/\/insideamateurfussball-ffm.de\/wp-content\/uploads\/2025\/10\/cora1.jpg 887w, https:\/\/insideamateurfussball-ffm.de\/wp-content\/uploads\/2025\/10\/cora1-300x253.jpg 300w, https:\/\/insideamateurfussball-ffm.de\/wp-content\/uploads\/2025\/10\/cora1-768x648.jpg 768w\" sizes=\"auto, (max-width: 887px) 100vw, 887px\" \/><figcaption id=\"caption-attachment-28485\" class=\"wp-caption-text\">Trainer Vjekoslav Anicic hat seinen Hut genommen, als Nachfolger soll Jorge Huberman verpflichtet werden. Fotografik: Mithat G\u00fcrser.<\/figcaption><\/figure>\n<p><img loading=\"lazy\" decoding=\"async\" class=\"alignnone size-full wp-image-29\" src=\"http:\/\/insideamateurfussball-ffm.de\/wp-content\/uploads\/2021\/11\/croatia.jpg\" alt=\"\" width=\"63\" height=\"80\" \/><\/p>\n<p>Trainer Vjekoslav Anicic, aus seiner Profizeit besser bekannt unter dem Vornamen Michael, habe am Mittwochabend im Rahmen einer Krisensitzung dem Vorstand des FC Croatia mitgeteilt, dass er mit sofortiger Wirkung von seinem Amt zur\u00fccktrete. Bereits vor zwei Jahren, in der Saison 2023\/24, endete die Zusammenarbeit mit dem Ex-Profi vorzeitig.<\/p>\n<p>Der desolate Auftritt drei Tage zuvor soll mit nicht eingehaltenen Zusagen, was die Aufwandsentsch\u00e4digungen f\u00fcr die Spieler betrifft, zusammenh\u00e4ngen. Als Nachfolger steht mit Jorge Huberman ein erfahrener Trainer bereit, der in der vergangenen Saison den FC Kosova zum Kreisoberliga-Meister machte und nach wenigen Spieltagen in der Gruppenliga Frankfurt West im gegenseitigen Einvernehmen sein Amt bei den Kosovaren niederlegte.<\/p>\n<h3><span style=\"text-decoration: underline;\">Negatives Torverh\u00e4ltnis von 24:32<\/span><\/h3>\n<p>Mile Kelava, Erster Vorsitzender von Croatia, best\u00e4tigte die Gespr\u00e4che mit Huberman \u00fcber eine Amts\u00fcbernahme, &#8222;eine finale Einigung&#8220; sei aber noch nicht erzielt. Auch Huberman hielt sich noch bedeckt, ob er bereits am Sonntag im Heimspiel gegen Union Niederrad an der Seitenlinie stehe, h\u00e4nge auch davon ab, welches Spieleraufgebot zuk\u00fcnftig zur Verf\u00fcgung stehe. Mit 17 Punkten belegt Croatia derzeit mit einem negativen Torverh\u00e4ltnis von 24:32 Toren Rang sechs.<\/p>\n","protected":false},"excerpt":{"rendered":"<p>Trainerwechsel auch beim FC Croatia! Nach dem lustlosen Auftritt bei der desolaten 0:8-Niederlage beim SV Viktoria Preu\u00dfen ist Trainer Vjekoslav Anicic von seinem Amt zur\u00fcckgetreten. Das berichtet das kroatische Internetportal &#8222;Fenix Magazin&#8220;. Als Nachfolger stehe Jorge Huberman bereit. Er meldete auf Nachfrage Interesse an, die Mannschaft zu \u00fcbernehmen. Eine finale Einigung stehe aber noch aus. [&hellip;]<\/p>\n","protected":false},"author":1,"featured_media":28485,"comment_status":"open","ping_status":"open","sticky":true,"template":"","format":"standard","meta":{"footnotes":""},"categories":[2],"tags":[],"class_list":["post-28484","post","type-post","status-publish","format-standard","has-post-thumbnail","hentry","category-kreisoberliga-frankfurt"],"_links":{"self":[{"href":"https:\/\/insideamateurfussball-ffm.de\/index.php?rest_route=\/wp\/v2\/posts\/28484","targetHints":{"allow":["GET"]}}],"collection":[{"href":"https:\/\/insideamateurfussball-ffm.de\/index.php?rest_route=\/wp\/v2\/posts"}],"about":[{"href":"https:\/\/insideamateurfussball-ffm.de\/index.php?rest_route=\/wp\/v2\/types\/post"}],"author":[{"embeddable":true,"href":"https:\/\/insideamateurfussball-ffm.de\/index.php?rest_route=\/wp\/v2\/users\/1"}],"replies":[{"embeddable":true,"href":"https:\/\/insideamateurfussball-ffm.de\/index.php?rest_route=%2Fwp%2Fv2%2Fcomments&post=28484"}],"version-history":[{"count":2,"href":"https:\/\/insideamateurfussball-ffm.de\/index.php?rest_route=\/wp\/v2\/posts\/28484\/revisions"}],"predecessor-version":[{"id":28487,"href":"https:\/\/insideamateurfussball-ffm.de\/index.php?rest_route=\/wp\/v2\/posts\/28484\/revisions\/28487"}],"wp:featuredmedia":[{"embeddable":true,"href":"https:\/\/insideamateurfussball-ffm.de\/index.php?rest_route=\/wp\/v2\/media\/28485"}],"wp:attachment":[{"href":"https:\/\/insideamateurfussball-ffm.de\/index.php?rest_route=%2Fwp%2Fv2%2Fmedia&parent=28484"}],"wp:term":[{"taxonomy":"category","embeddable":true,"href":"https:\/\/insideamateurfussball-ffm.de\/index.php?rest_route=%2Fwp%2Fv2%2Fcategories&post=28484"},{"taxonomy":"post_tag","embeddable":true,"href":"https:\/\/insideamateurfussball-ffm.de\/index.php?rest_route=%2Fwp%2Fv2%2Ftags&post=28484"}],"curies":[{"name":"wp","href":"https:\/\/api.w.org\/{rel}","templated":true}]}}