{"id":28472,"date":"2025-10-08T20:31:30","date_gmt":"2025-10-08T19:31:30","guid":{"rendered":"https:\/\/insideamateurfussball-ffm.de\/?p=28472"},"modified":"2025-10-08T20:33:34","modified_gmt":"2025-10-08T19:33:34","slug":"union-niederrad-nach-50-coup-letzter-achtelfinalist","status":"publish","type":"post","link":"https:\/\/insideamateurfussball-ffm.de\/?p=28472","title":{"rendered":"Union Niederrad nach 5:0-Coup letzter Achtelfinalist"},"content":{"rendered":"<h3>Als letzter Verein qualifizierte sich der FC Union Niederrad f\u00fcr das Achtelfinale des Kreispokals. Im S\u00fcd-Derby gewann der Kreisoberligist das Zweitrundenspiel \u00fcberraschend deutlich gegen Gruppenliga-Aufsteiger VfL Germania 94 und erwartet im November den Verbandsligisten SG Bornheim\/Gr\u00fcn-Wei\u00df.<\/h3>\n<figure id=\"attachment_28473\" aria-describedby=\"caption-attachment-28473\" style=\"width: 886px\" class=\"wp-caption alignnone\"><img loading=\"lazy\" decoding=\"async\" class=\"wp-image-28473 size-full\" src=\"http:\/\/insideamateurfussball-ffm.de\/wp-content\/uploads\/2025\/10\/niderrad103.jpg\" alt=\"\" width=\"886\" height=\"603\" srcset=\"https:\/\/insideamateurfussball-ffm.de\/wp-content\/uploads\/2025\/10\/niderrad103.jpg 886w, https:\/\/insideamateurfussball-ffm.de\/wp-content\/uploads\/2025\/10\/niderrad103-300x204.jpg 300w, https:\/\/insideamateurfussball-ffm.de\/wp-content\/uploads\/2025\/10\/niderrad103-768x523.jpg 768w\" sizes=\"auto, (max-width: 886px) 100vw, 886px\" \/><figcaption id=\"caption-attachment-28473\" class=\"wp-caption-text\">&#8222;Bornheim kann kommen&#8220;. Union Niederrad steht im Achtelfinale. Foto: Archiv Mithat G\u00fcrser.<\/figcaption><\/figure>\n<h3>FC Union Niederrad &#8211; VfL Germania 94 5:0 (3:0)<\/h3>\n<p><img loading=\"lazy\" decoding=\"async\" class=\"alignnone size-full wp-image-38\" src=\"http:\/\/insideamateurfussball-ffm.de\/wp-content\/uploads\/2021\/11\/Union-Niederrad.jpg\" alt=\"\" width=\"80\" height=\"80\" \/><img loading=\"lazy\" decoding=\"async\" class=\"alignnone size-full wp-image-11577\" src=\"http:\/\/insideamateurfussball-ffm.de\/wp-content\/uploads\/2023\/08\/Germania-94.jpg\" alt=\"\" width=\"80\" height=\"80\" \/><\/p>\n<p>&#8222;Bornheim kann kommen&#8220;, jubelte Union-Pr\u00e4sident Khalid Lamjahed nach dem klaren Sieg gegen den Favoriten. &#8222;Das war auch in der H\u00f6he verdient. Germania hatte vielleicht zwei, drei Chancen. Wir hatten nat\u00fcrlich auch noch Chancen neben den f\u00fcnf Toren. Ich gehe davon aus, dass Germania keinen guten Tag erwischt hat. Ich denke nicht, dass die unmotiviert waren. Das ist man eigentlich nicht beim Derby, was es immer noch ist. In beiden Mannschaften haben Spieler gefehlt.&#8220; Die Gastgeber f\u00fchrten durch Anas Ouakil (16.).<\/p>\n<p>Kurz vor der Pause gelang Edelreservist Pietro Saraca ein Doppelpack zum 2:0 und 3:0 (41.\/42.). Nach dem Seitenwechsel erh\u00f6hte Ouakil (52.). Den Schlusspunkt setzte der eingewechselte Mohamed Azeggaghe (86.). &#8222;Das war ein sch\u00f6ner Sieg mit super Fu\u00dfball. Wir sind sehr spielstark, was wir leider in der Punktrunde noch nicht so hundertprozentig hinbekommen, dass wir diese Leistungen abrufen. Wir freuen uns aber \u00fcber den Sieg vor einer tollen Kulisse von 130 Zuschauern. Das Spiel war fair, auch der Schiedsrichter war gut&#8220;, sprach Lamjahed von einem rundum gelungenen milden Oktoberabend.<\/p>\n<h3><span style=\"text-decoration: underline;\">&#8222;War einfach keine gute und ordentliche Einstellung von uns und dementsprechend ein verdienter Sieg der Union.&#8220; (Germania-Trainer Siar Daudi).<\/span><\/h3>\n<p>Der f\u00fcr Germania-Trainer Siar Daudi eher weniger angenehm verlief: &#8222;Das war verdient, aber wir haben viel ausprobiert und Langzeitverletzte spielen lassen. Definitiv ist aber eine 5:0-Klatsche inakzeptabel und darf uns nicht widerfahren. War einfach keine gute und ordentliche Einstellung von uns und dementsprechend ein verdienter Sieg der Union.&#8220;<\/p>\n<p>Am Sonntag gastiert Union Niederrad in der Kreisoberliga beim FC Croatia (15 Uhr). Germania 94 erwartet um 15.30 Uhr den FC Karben in der Gruppenliga Frankfurt West.<\/p>\n<h3><span style=\"text-decoration: underline;\">Schiedsrichter: Youssef Taouil (Spvgg. 03 Fechenheim). Zuschauer: 130. <\/span><\/h3>\n<h3><span style=\"text-decoration: underline;\">Tore: 1:0 Anas Ouakil (16.), 2:0, 3:0 Pietro Saraca (41.\/42.), 4:0 Anas Ouakil (52.), 5:0 Mohamed Azeggaghe (86.).\u00a0<\/span><\/h3>\n","protected":false},"excerpt":{"rendered":"<p>Als letzter Verein qualifizierte sich der FC Union Niederrad f\u00fcr das Achtelfinale des Kreispokals. Im S\u00fcd-Derby gewann der Kreisoberligist das Zweitrundenspiel \u00fcberraschend deutlich gegen Gruppenliga-Aufsteiger VfL Germania 94 und erwartet im November den Verbandsligisten SG Bornheim\/Gr\u00fcn-Wei\u00df. FC Union Niederrad &#8211; VfL Germania 94 5:0 (3:0) &#8222;Bornheim kann kommen&#8220;, jubelte Union-Pr\u00e4sident Khalid Lamjahed nach dem klaren [&hellip;]<\/p>\n","protected":false},"author":1,"featured_media":28473,"comment_status":"closed","ping_status":"closed","sticky":true,"template":"","format":"standard","meta":{"footnotes":""},"categories":[9],"tags":[],"class_list":["post-28472","post","type-post","status-publish","format-standard","has-post-thumbnail","hentry","category-kreispokal"],"_links":{"self":[{"href":"https:\/\/insideamateurfussball-ffm.de\/index.php?rest_route=\/wp\/v2\/posts\/28472","targetHints":{"allow":["GET"]}}],"collection":[{"href":"https:\/\/insideamateurfussball-ffm.de\/index.php?rest_route=\/wp\/v2\/posts"}],"about":[{"href":"https:\/\/insideamateurfussball-ffm.de\/index.php?rest_route=\/wp\/v2\/types\/post"}],"author":[{"embeddable":true,"href":"https:\/\/insideamateurfussball-ffm.de\/index.php?rest_route=\/wp\/v2\/users\/1"}],"replies":[{"embeddable":true,"href":"https:\/\/insideamateurfussball-ffm.de\/index.php?rest_route=%2Fwp%2Fv2%2Fcomments&post=28472"}],"version-history":[{"count":3,"href":"https:\/\/insideamateurfussball-ffm.de\/index.php?rest_route=\/wp\/v2\/posts\/28472\/revisions"}],"predecessor-version":[{"id":28476,"href":"https:\/\/insideamateurfussball-ffm.de\/index.php?rest_route=\/wp\/v2\/posts\/28472\/revisions\/28476"}],"wp:featuredmedia":[{"embeddable":true,"href":"https:\/\/insideamateurfussball-ffm.de\/index.php?rest_route=\/wp\/v2\/media\/28473"}],"wp:attachment":[{"href":"https:\/\/insideamateurfussball-ffm.de\/index.php?rest_route=%2Fwp%2Fv2%2Fmedia&parent=28472"}],"wp:term":[{"taxonomy":"category","embeddable":true,"href":"https:\/\/insideamateurfussball-ffm.de\/index.php?rest_route=%2Fwp%2Fv2%2Fcategories&post=28472"},{"taxonomy":"post_tag","embeddable":true,"href":"https:\/\/insideamateurfussball-ffm.de\/index.php?rest_route=%2Fwp%2Fv2%2Ftags&post=28472"}],"curies":[{"name":"wp","href":"https:\/\/api.w.org\/{rel}","templated":true}]}}