{"id":28468,"date":"2025-10-08T19:23:20","date_gmt":"2025-10-08T18:23:20","guid":{"rendered":"https:\/\/insideamateurfussball-ffm.de\/?p=28468"},"modified":"2025-10-08T19:23:20","modified_gmt":"2025-10-08T18:23:20","slug":"schlusslicht-fca-darmstadt-holt-ersten-punkt","status":"publish","type":"post","link":"https:\/\/insideamateurfussball-ffm.de\/?p=28468","title":{"rendered":"Schlusslicht FCA Darmstadt holt ersten Punkt"},"content":{"rendered":"<h3>Das hatte sich der SC Dortelweil anders vorgestellt! F\u00fcnf Tage nach dem 1:1 gegen Tabellenf\u00fchrer SKV Rot-Wei\u00df Darmstadt endete das Nachholspiel der Verbandsliga S\u00fcd gegen den bis dato punktlosen Tabellenletzten FCA Darmstadt mit dem gleichen Ergebnis.<\/h3>\n<figure id=\"attachment_28469\" aria-describedby=\"caption-attachment-28469\" style=\"width: 640px\" class=\"wp-caption alignright\"><img loading=\"lazy\" decoding=\"async\" class=\"wp-image-28469 size-large\" src=\"http:\/\/insideamateurfussball-ffm.de\/wp-content\/uploads\/2025\/10\/Dor-FCA-1024x768.jpg\" alt=\"\" width=\"640\" height=\"480\" srcset=\"https:\/\/insideamateurfussball-ffm.de\/wp-content\/uploads\/2025\/10\/Dor-FCA-1024x768.jpg 1024w, https:\/\/insideamateurfussball-ffm.de\/wp-content\/uploads\/2025\/10\/Dor-FCA-300x225.jpg 300w, https:\/\/insideamateurfussball-ffm.de\/wp-content\/uploads\/2025\/10\/Dor-FCA-768x576.jpg 768w, https:\/\/insideamateurfussball-ffm.de\/wp-content\/uploads\/2025\/10\/Dor-FCA-1536x1152.jpg 1536w, https:\/\/insideamateurfussball-ffm.de\/wp-content\/uploads\/2025\/10\/Dor-FCA.jpg 2048w\" sizes=\"auto, (max-width: 640px) 100vw, 640px\" \/><figcaption id=\"caption-attachment-28469\" class=\"wp-caption-text\">Schlusslicht FCA Darmstadt erk\u00e4mpfte in Dortelweil den ersten Punkt. Foto: PA.\u00a0\u00a0<\/figcaption><\/figure>\n<h3>SC Dortelweil &#8211; 1. FCA 04 Darmstadt 1:1 (1:1)<\/h3>\n<p><img loading=\"lazy\" decoding=\"async\" class=\"alignnone size-full wp-image-598\" src=\"http:\/\/insideamateurfussball-ffm.de\/wp-content\/uploads\/2022\/06\/Dortelweil.jpg\" alt=\"\" width=\"80\" height=\"80\" \/><img loading=\"lazy\" decoding=\"async\" class=\"alignnone size-full wp-image-10166\" src=\"http:\/\/insideamateurfussball-ffm.de\/wp-content\/uploads\/2023\/06\/FCADA.jpg\" alt=\"\" width=\"78\" height=\"80\" \/><\/p>\n<p>Das 1:1 (1:1) vor nur 77 Zuschauern erk\u00e4mpfte sich die \u00fcberwiegend aus brasilianischen Fu\u00dfballern bestehende Truppe mit einer starken k\u00e4mpferischen Leistung, aber auch teils mit einer rustikalen Spielweise.<\/p>\n<p>Dabei hatte die Partie aus Sicht der Gastgeber wie geplant begonnen. Ein fr\u00fches Tor sollte her und das erzielte Moritz Feiler per Kopfball nach einer Ecke (7.). Wer jetzt ein Sch\u00fctzenfest gegen den vermeintlichen Underdog erwartete, sah sich get\u00e4uscht.<\/p>\n<h3><span style=\"text-decoration: underline;\">Maurice Reininger sieht die Rote Karte<\/span><\/h3>\n<p>Angetrieben vom jungen FCA-Trainer Luca Bergemann, der engagiert auf portugiesisch, englisch und deutsch coachte, machten die G\u00e4ste dem Favoriten das Leben durch engmaschige Verteidigung schwer und kamen durch Kapit\u00e4n Vinicius Miranda de Oliveira zum Ausgleich (38.). Nach dem Seitenwechsel gestaltete sich die Begegnung f\u00fcr Dortelweil noch schwieriger. Nach einem Disput mit seinem Gegenspieler erhielt der FCA-Akteur die Gelbe Karte, Dortelweils Maurice Reininger wurde aber von Schiedsrichter Ali-Kaan Pelitli (FSV Fernwald) mit der Roten Karte vom Platz gestellt (54.). In Unterzahl dr\u00fcckte der SCD auf den Siegtreffer, die einzige M\u00f6glichkeit war jedoch ein Freisto\u00df von Orkan-Ziya Beslen, den FCA-Keeper Pedro Liebert Villa Forte parierte.<\/p>\n<p>In der langen Nachspielzeit erhielt noch der Arheilger Luis Felipe Oliveira Leite Gelb-Rot (90.+7). &#8222;Wir waren auch in Unterzahl \u00fcberlegen, haben diese aber nicht in Tore umgem\u00fcnzt&#8220;, zeigte sich Dortelweils Trainer G\u00fcltekin Cagritekin als Realist. &#8222;Im letzten Drittel waren wir nicht zwingend genug, obwohl die M\u00f6glichkeiten da waren. Wir waren am Dr\u00fccker, aber die letzte Konsequenz hat gefehlt, um das Ding \u00fcber die Linie zu dr\u00fccken.&#8220; So feierten die G\u00e4ste ihren ersten Punktgewinn, w\u00e4hrend Cagritekin seiner Mannschaft keinen Vorwurf machen konnte: &#8222;Der Gegner stand tief, hat viel auf Zeit gespielt und das Spiel oft unterbrochen.&#8220;<\/p>\n<h3><span style=\"text-decoration: underline;\">Schiedsrichter: Ali-Kaan Pelitli (FSV Fernwald). Zuschauer: 77. <\/span><\/h3>\n<h3><span style=\"text-decoration: underline;\">Tore: 1:0 Moritz Feiler (7.), 1:1 Vinicius Miranda de Oliveira (38.).<\/span><\/h3>\n","protected":false},"excerpt":{"rendered":"<p>Das hatte sich der SC Dortelweil anders vorgestellt! F\u00fcnf Tage nach dem 1:1 gegen Tabellenf\u00fchrer SKV Rot-Wei\u00df Darmstadt endete das Nachholspiel der Verbandsliga S\u00fcd gegen den bis dato punktlosen Tabellenletzten FCA Darmstadt mit dem gleichen Ergebnis. SC Dortelweil &#8211; 1. FCA 04 Darmstadt 1:1 (1:1) Das 1:1 (1:1) vor nur 77 Zuschauern erk\u00e4mpfte sich die [&hellip;]<\/p>\n","protected":false},"author":1,"featured_media":28469,"comment_status":"open","ping_status":"open","sticky":true,"template":"","format":"standard","meta":{"footnotes":""},"categories":[10],"tags":[],"class_list":["post-28468","post","type-post","status-publish","format-standard","has-post-thumbnail","hentry","category-verbandsliga-sued"],"_links":{"self":[{"href":"https:\/\/insideamateurfussball-ffm.de\/index.php?rest_route=\/wp\/v2\/posts\/28468","targetHints":{"allow":["GET"]}}],"collection":[{"href":"https:\/\/insideamateurfussball-ffm.de\/index.php?rest_route=\/wp\/v2\/posts"}],"about":[{"href":"https:\/\/insideamateurfussball-ffm.de\/index.php?rest_route=\/wp\/v2\/types\/post"}],"author":[{"embeddable":true,"href":"https:\/\/insideamateurfussball-ffm.de\/index.php?rest_route=\/wp\/v2\/users\/1"}],"replies":[{"embeddable":true,"href":"https:\/\/insideamateurfussball-ffm.de\/index.php?rest_route=%2Fwp%2Fv2%2Fcomments&post=28468"}],"version-history":[{"count":1,"href":"https:\/\/insideamateurfussball-ffm.de\/index.php?rest_route=\/wp\/v2\/posts\/28468\/revisions"}],"predecessor-version":[{"id":28470,"href":"https:\/\/insideamateurfussball-ffm.de\/index.php?rest_route=\/wp\/v2\/posts\/28468\/revisions\/28470"}],"wp:featuredmedia":[{"embeddable":true,"href":"https:\/\/insideamateurfussball-ffm.de\/index.php?rest_route=\/wp\/v2\/media\/28469"}],"wp:attachment":[{"href":"https:\/\/insideamateurfussball-ffm.de\/index.php?rest_route=%2Fwp%2Fv2%2Fmedia&parent=28468"}],"wp:term":[{"taxonomy":"category","embeddable":true,"href":"https:\/\/insideamateurfussball-ffm.de\/index.php?rest_route=%2Fwp%2Fv2%2Fcategories&post=28468"},{"taxonomy":"post_tag","embeddable":true,"href":"https:\/\/insideamateurfussball-ffm.de\/index.php?rest_route=%2Fwp%2Fv2%2Ftags&post=28468"}],"curies":[{"name":"wp","href":"https:\/\/api.w.org\/{rel}","templated":true}]}}