{"id":28465,"date":"2025-10-08T18:59:10","date_gmt":"2025-10-08T17:59:10","guid":{"rendered":"https:\/\/insideamateurfussball-ffm.de\/?p=28465"},"modified":"2025-10-08T18:59:10","modified_gmt":"2025-10-08T17:59:10","slug":"trainerwechsel-bei-gsu-hellas-lukacic-folgt-auf-guemues","status":"publish","type":"post","link":"https:\/\/insideamateurfussball-ffm.de\/?p=28465","title":{"rendered":"Trainerwechsel bei GSU Hellas: Lukacic folgt auf G\u00fcm\u00fcs"},"content":{"rendered":"<h3>Kreisoberliga-Aufsteiger GSU Hellas sorgt f\u00fcr den ersten Trainerwechsel in der laufenden Saison in dieser Spielklasse. Nach dem 5:6 gegen den R\u00f6delheimer FC beendete der Vorletzte der Tabelle die Zusammenarbeit mit dem erst vor der Saison installierten Trainer Volkan G\u00fcm\u00fcs. Nachfolger ist Miroslav Lukacic, zuletzt beim SV Zeilsheim II in der KOL Main-Taunus, davor lange Jahre das Gesicht beim SC Goldstein.<\/h3>\n<figure id=\"attachment_27596\" aria-describedby=\"caption-attachment-27596\" style=\"width: 886px\" class=\"wp-caption alignnone\"><img loading=\"lazy\" decoding=\"async\" class=\"wp-image-27596 size-full\" src=\"http:\/\/insideamateurfussball-ffm.de\/wp-content\/uploads\/2025\/09\/gsu-fech-10.jpg\" alt=\"\" width=\"886\" height=\"729\" srcset=\"https:\/\/insideamateurfussball-ffm.de\/wp-content\/uploads\/2025\/09\/gsu-fech-10.jpg 886w, https:\/\/insideamateurfussball-ffm.de\/wp-content\/uploads\/2025\/09\/gsu-fech-10-300x247.jpg 300w, https:\/\/insideamateurfussball-ffm.de\/wp-content\/uploads\/2025\/09\/gsu-fech-10-768x632.jpg 768w\" sizes=\"auto, (max-width: 886px) 100vw, 886px\" \/><figcaption id=\"caption-attachment-27596\" class=\"wp-caption-text\">Volkan G\u00fcm\u00fcs musste seinen Posten bei der GSU Hellas r\u00e4umen. Foto: Archiv Mithat G\u00fcrser.<\/figcaption><\/figure>\n<p><img loading=\"lazy\" decoding=\"async\" class=\"alignnone size-full wp-image-17152\" src=\"http:\/\/insideamateurfussball-ffm.de\/wp-content\/uploads\/2024\/03\/GSU-Hellas.png\" alt=\"\" width=\"80\" height=\"80\" \/><\/p>\n<p>&#8222;Nach dem entt\u00e4uschenden Spiel am Sonntag, in dem unsere Mannschaft trotz einer 5:1-F\u00fchrung das Spiel in den letzten zehn Minuten noch verloren hat, sieht sich der Vereinsvorstand gezwungen, auf die aktuelle sportliche Situation zu reagieren&#8220;, erkl\u00e4rt der Sportliche Leiter Theo Vassiliou. &#8222;Nach intensiven Gespr\u00e4chen und sorgf\u00e4ltiger Abw\u00e4gung haben wir die schwierige Entscheidung getroffen, unseren Trainer Volkan G\u00fcm\u00fcs von seinen Aufgaben zu entbinden&#8220;, f\u00e4hrt der Funktion\u00e4r des Neulings fort.<\/p>\n<p>Diese Entscheidung sei alles andere als leicht gefallen. &#8222;Trainer Volkan G\u00fcm\u00fcs hat stets engagiert gearbeitet, und die Mannschaft mit gro\u00dfem Einsatz unterst\u00fctzt. Dennoch m\u00fcssen wir feststellen, dass die sportliche Entwicklung in den letzten Wochen nicht unseren Erwartungen entsprochen hat und wir in unserer derzeitigen Lage neue Impulse ben\u00f6tigen.&#8220;\u00a0Der Vorstand bedauere diese Entscheidung zutiefst und bedankt sich bei Trainer Volkan G\u00fcm\u00fcs f\u00fcr seine geleistete Arbeit.<\/p>\n<h3><span style=\"text-decoration: underline;\">&#8222;Unser Ziel bleibt es, den Klassenerhalt zu sichern und die Mannschaft weiter zu stabilisieren&#8220; (Theo Vassiliou, Sportlicher Leiter GSU Hellas).<\/span><\/h3>\n<p>&#8222;Mit dieser Entscheidung m\u00f6chten wir der Mannschaft die M\u00f6glichkeit geben, mit neuer Energie in die kommenden Spiele zu gehen \u2013 ohne Ausreden und mit voller Verantwortung f\u00fcr die sportliche Situation, die wir momentan haben. Der Vorstand ist sich der Verantwortung bewusst und wird alles daransetzen, schnellstm\u00f6glich wieder in die Erfolgsspur zur\u00fcckzukehren. Unser Ziel bleibt es, den Klassenerhalt zu sichern und die Mannschaft wieder zu stabilisieren&#8220;, hei\u00dft es in der Pressemitteilung des Vereins.<\/p>\n<p>Neuer Mann an der Seitenlinie ist Miroslav Lukacic, der die Mannschaft bereits am Sonntag im Ausw\u00e4rtsspiel beim FC Gudesding \u00fcbernehmen soll. &#8222;Die Mannschaft hat die Qualit\u00e4t, um die Klasse zu halten&#8220;, ist der neue Coach \u00fcberzeugt. Der langj\u00e4hrige B-Klassist war nach zwei guten Jahren in der A-Klasse in die Kreisoberliga aufgestiegen. Nach zehn Spieltagen belegt der griechische Club den vorletzten Platz mit sieben Punkten.<\/p>\n","protected":false},"excerpt":{"rendered":"<p>Kreisoberliga-Aufsteiger GSU Hellas sorgt f\u00fcr den ersten Trainerwechsel in der laufenden Saison in dieser Spielklasse. Nach dem 5:6 gegen den R\u00f6delheimer FC beendete der Vorletzte der Tabelle die Zusammenarbeit mit dem erst vor der Saison installierten Trainer Volkan G\u00fcm\u00fcs. Nachfolger ist Miroslav Lukacic, zuletzt beim SV Zeilsheim II in der KOL Main-Taunus, davor lange Jahre [&hellip;]<\/p>\n","protected":false},"author":1,"featured_media":27596,"comment_status":"closed","ping_status":"closed","sticky":true,"template":"","format":"standard","meta":{"footnotes":""},"categories":[2],"tags":[],"class_list":["post-28465","post","type-post","status-publish","format-standard","has-post-thumbnail","hentry","category-kreisoberliga-frankfurt"],"_links":{"self":[{"href":"https:\/\/insideamateurfussball-ffm.de\/index.php?rest_route=\/wp\/v2\/posts\/28465","targetHints":{"allow":["GET"]}}],"collection":[{"href":"https:\/\/insideamateurfussball-ffm.de\/index.php?rest_route=\/wp\/v2\/posts"}],"about":[{"href":"https:\/\/insideamateurfussball-ffm.de\/index.php?rest_route=\/wp\/v2\/types\/post"}],"author":[{"embeddable":true,"href":"https:\/\/insideamateurfussball-ffm.de\/index.php?rest_route=\/wp\/v2\/users\/1"}],"replies":[{"embeddable":true,"href":"https:\/\/insideamateurfussball-ffm.de\/index.php?rest_route=%2Fwp%2Fv2%2Fcomments&post=28465"}],"version-history":[{"count":2,"href":"https:\/\/insideamateurfussball-ffm.de\/index.php?rest_route=\/wp\/v2\/posts\/28465\/revisions"}],"predecessor-version":[{"id":28467,"href":"https:\/\/insideamateurfussball-ffm.de\/index.php?rest_route=\/wp\/v2\/posts\/28465\/revisions\/28467"}],"wp:featuredmedia":[{"embeddable":true,"href":"https:\/\/insideamateurfussball-ffm.de\/index.php?rest_route=\/wp\/v2\/media\/27596"}],"wp:attachment":[{"href":"https:\/\/insideamateurfussball-ffm.de\/index.php?rest_route=%2Fwp%2Fv2%2Fmedia&parent=28465"}],"wp:term":[{"taxonomy":"category","embeddable":true,"href":"https:\/\/insideamateurfussball-ffm.de\/index.php?rest_route=%2Fwp%2Fv2%2Fcategories&post=28465"},{"taxonomy":"post_tag","embeddable":true,"href":"https:\/\/insideamateurfussball-ffm.de\/index.php?rest_route=%2Fwp%2Fv2%2Ftags&post=28465"}],"curies":[{"name":"wp","href":"https:\/\/api.w.org\/{rel}","templated":true}]}}