{"id":28432,"date":"2025-10-06T21:52:23","date_gmt":"2025-10-06T20:52:23","guid":{"rendered":"https:\/\/insideamateurfussball-ffm.de\/?p=28432"},"modified":"2025-10-06T21:52:23","modified_gmt":"2025-10-06T20:52:23","slug":"80-preussen-demontieren-lustlose-kroaten","status":"publish","type":"post","link":"https:\/\/insideamateurfussball-ffm.de\/?p=28432","title":{"rendered":"8:0! Preu\u00dfen demontieren lustlose Kroaten"},"content":{"rendered":"<h5><span style=\"font-size: 16px;\">V\u00f6llig \u00fcberraschend konnte der mit dem R\u00fccken zur Wand stehende SV Viktoria Preu\u00dfen den nominell besser besetzten FC Croatia mit 8:0 (3:0) demontieren. Ein Platzverweis in der 31. Minute gegen die G\u00e4ste und das lustlose Auftreten der Croatia-Mannschaft verhalfen den Gastgebern zum Kantersieg, der aber keinesfalls deswegen geschm\u00e4lert werden kann.\u00a0<\/span><\/h5>\n<figure id=\"attachment_28433\" aria-describedby=\"caption-attachment-28433\" style=\"width: 150px\" class=\"wp-caption alignleft\"><img loading=\"lazy\" decoding=\"async\" class=\"wp-image-28433 size-thumbnail\" src=\"http:\/\/insideamateurfussball-ffm.de\/wp-content\/uploads\/2025\/10\/bsc-preu5-1-150x150.jpg\" alt=\"\" width=\"150\" height=\"150\" \/><figcaption id=\"caption-attachment-28433\" class=\"wp-caption-text\">Der aus Griesheim gekommene Ali Matmati traf zum 3:0. Foto: Archiv Mithat G\u00fcrser.\u00a0\u00a0<\/figcaption><\/figure>\n<h5><span style=\"font-size: 16px;\">SV Viktoria Preu\u00dfen &#8211; FC Croatia 8:0 (3:0)<\/span><\/h5>\n<p><img loading=\"lazy\" decoding=\"async\" class=\"alignnone size-full wp-image-12\" src=\"http:\/\/insideamateurfussball-ffm.de\/wp-content\/uploads\/2021\/11\/preussen.jpg\" alt=\"\" width=\"72\" height=\"80\" \/><img loading=\"lazy\" decoding=\"async\" class=\"alignnone size-full wp-image-29\" src=\"http:\/\/insideamateurfussball-ffm.de\/wp-content\/uploads\/2021\/11\/croatia.jpg\" alt=\"\" width=\"63\" height=\"80\" \/><\/p>\n<p><span style=\"font-size: 16px;\">Die G\u00e4ste mussten fr\u00fch wechseln. Idriss Sarssar ersetzte den Routinier Daniel Soldo. \u00dcberragender Mann bei den Gastgebern war Pascal Bausch. Der vom FV Bad Vilbel gekommene 21-j\u00e4hrige brachte die Hausherren in F\u00fchrung (25.), die Milan Drozdowski mit einem Freisto\u00dftor auf 2:0 erh\u00f6hte (29.). Dann kassierte Josip Romic wegen einer T\u00e4tlichkeit die Rote Karte (31.) und Ali Matmati traf vor der Pause zum 3:0 (44.). Nach dem Seitenwechsel brachen bei Croatia alle D\u00e4mme. Kein Wille, kein Aufb\u00e4umen, keine Gegenwehr. Trotz dreier Wechsel wurde es eher schlimmer. Die Preu\u00dfen wunderten sich \u00fcber so viele Freiheiten. Julien Smith (49.), Enes Cinlibas (50.) und ein Hattrick von Bausch (61.\/68.\/86.) machten den Kantersieg gegen den desolaten FC Croatia perfekt. <\/span><\/p>\n<p><span style=\"font-size: 16px;\">Preu\u00dfen-Trainer Artur Rissling, der nur zwei Wechselspieler zur Verf\u00fcgung hatte, konnte den Sieg hinterher richtig einordnen: &#8222;Wir haben gut angefangen und hatten ein bisschen Spielgl\u00fcck. Nach dem Platzverweis war es ein Spiel auf ein Tor, ich habe selten so ein einseitiges Spiel gesehen. Es ging Schlag auf Schlag, man muss aber auch sagen dass von Croatia kaum Gegenwehr kam. Das muss ich fairerweise zugeben und spiegelt sich auch im Ergebnis wider. Wir wollen aber nicht abheben und n\u00e4chste Woche bei den Sportfreunden nachlegen, dass wir uns mal da unten raus arbeiten. Bei Croatia? Keine Ahnung was da ist. Scheint intern irgendwas zu sein, da fehlen mir die Kenntnisse. Die haben sich ergeben, lustlos gespielt und daher das Ergebnis.&#8220;<\/span><\/p>\n<ul>\n<li><strong><span style=\"font-size: 16px;\">Konta r\u00e4umt &#8222;interne Probleme&#8220; ein, aus denen er sich aber heraus halte.<\/span><\/strong><\/li>\n<\/ul>\n<p><span style=\"font-size: 16px;\">Der Darstellung von Fu\u00dfball-Abteilungsleiter Thomas Mahlau in der <em>Frankfurter Neuen Presse<\/em>, wonach Croatias Trainer Vjekoslav Anicic (vormals Michael) die Anlage nach dem 0:7 verlassen habe, widersprach Croatias Pressesprecher Stanislav Konta: &#8222;Der war bis zum Schluss da, ist nur auf die andere Seite gegangen, wo der Vorstand war.&#8220; <\/span><\/p>\n<p><span style=\"font-size: 16px;\">Zum Debakel sagte er: &#8222;Es gibt Spiele, da l\u00e4uft nichts. Der Torwart war mit so vielen Fehlern nicht auf der H\u00f6he. Au\u00dferdem fehlten Propadalo und Bogdanovic wegen Urlaub.&#8220; Konta r\u00e4umte &#8222;interne Probleme&#8220; ein, aus denen er sich aber heraus halte. Als Tabellensechster hat Croatia mit 32 die zweitmeisten Gegentore erhalten und mit minus acht die drittschlechteste Tordifferenz. Am Sonntag geht es gegen Union Niederrad, die Preu\u00dfen spielen beim Schlusslicht FFV Sportfreunde.\u00a0<\/span><\/p>\n<ul>\n<li><strong><span style=\"font-size: 16px;\">Schiedsrichter: Nurettin Tekin (SVP Fauerbach). <\/span><\/strong><\/li>\n<li><strong><span style=\"font-size: 16px;\">Zuschauer: 60. <\/span><\/strong><\/li>\n<li><strong><span style=\"font-size: 16px;\">Tore: 1:0 Pascal Bausch (25.), 2:0 Milan Drozdowski (29.), 3:0 Ali Matmati (44.), 4:0 Julien Smith (49.), 5:0 Enes Cilinbas (50.), 6:0, 7:0, 8:0 Pascal Bausch (61.\/68.\/86.).<\/span><\/strong><\/li>\n<li><strong><span style=\"font-size: 16px;\">Rote Karte: Josip Romic (Croatia\/31.).\u00a0\u00a0<\/span><\/strong><\/li>\n<\/ul>\n","protected":false},"excerpt":{"rendered":"<p>V\u00f6llig \u00fcberraschend konnte der mit dem R\u00fccken zur Wand stehende SV Viktoria Preu\u00dfen den nominell besser besetzten FC Croatia mit 8:0 (3:0) demontieren. Ein Platzverweis in der 31. Minute gegen die G\u00e4ste und das lustlose Auftreten der Croatia-Mannschaft verhalfen den Gastgebern zum Kantersieg, der aber keinesfalls deswegen geschm\u00e4lert werden kann.\u00a0 SV Viktoria Preu\u00dfen &#8211; FC [&hellip;]<\/p>\n","protected":false},"author":1,"featured_media":28433,"comment_status":"closed","ping_status":"closed","sticky":true,"template":"","format":"standard","meta":{"footnotes":""},"categories":[2],"tags":[],"class_list":["post-28432","post","type-post","status-publish","format-standard","has-post-thumbnail","hentry","category-kreisoberliga-frankfurt"],"_links":{"self":[{"href":"https:\/\/insideamateurfussball-ffm.de\/index.php?rest_route=\/wp\/v2\/posts\/28432","targetHints":{"allow":["GET"]}}],"collection":[{"href":"https:\/\/insideamateurfussball-ffm.de\/index.php?rest_route=\/wp\/v2\/posts"}],"about":[{"href":"https:\/\/insideamateurfussball-ffm.de\/index.php?rest_route=\/wp\/v2\/types\/post"}],"author":[{"embeddable":true,"href":"https:\/\/insideamateurfussball-ffm.de\/index.php?rest_route=\/wp\/v2\/users\/1"}],"replies":[{"embeddable":true,"href":"https:\/\/insideamateurfussball-ffm.de\/index.php?rest_route=%2Fwp%2Fv2%2Fcomments&post=28432"}],"version-history":[{"count":1,"href":"https:\/\/insideamateurfussball-ffm.de\/index.php?rest_route=\/wp\/v2\/posts\/28432\/revisions"}],"predecessor-version":[{"id":28434,"href":"https:\/\/insideamateurfussball-ffm.de\/index.php?rest_route=\/wp\/v2\/posts\/28432\/revisions\/28434"}],"wp:featuredmedia":[{"embeddable":true,"href":"https:\/\/insideamateurfussball-ffm.de\/index.php?rest_route=\/wp\/v2\/media\/28433"}],"wp:attachment":[{"href":"https:\/\/insideamateurfussball-ffm.de\/index.php?rest_route=%2Fwp%2Fv2%2Fmedia&parent=28432"}],"wp:term":[{"taxonomy":"category","embeddable":true,"href":"https:\/\/insideamateurfussball-ffm.de\/index.php?rest_route=%2Fwp%2Fv2%2Fcategories&post=28432"},{"taxonomy":"post_tag","embeddable":true,"href":"https:\/\/insideamateurfussball-ffm.de\/index.php?rest_route=%2Fwp%2Fv2%2Ftags&post=28432"}],"curies":[{"name":"wp","href":"https:\/\/api.w.org\/{rel}","templated":true}]}}