{"id":28420,"date":"2025-10-06T10:31:00","date_gmt":"2025-10-06T09:31:00","guid":{"rendered":"https:\/\/insideamateurfussball-ffm.de\/?p=28420"},"modified":"2025-10-06T18:03:17","modified_gmt":"2025-10-06T17:03:17","slug":"eintracht-ii-bleibt-eddersheim-auf-den-fersen","status":"publish","type":"post","link":"https:\/\/insideamateurfussball-ffm.de\/?p=28420","title":{"rendered":"Eintracht II bleibt Eddersheim auf den Fersen"},"content":{"rendered":"<h5><span style=\"font-size: 16px;\">Eintracht Frankfurt II gewann in der Hessenliga mit 4:2 beim amtierenden Meister FSV Fernwald und bleibt mit zwei Punkten R\u00fcckstand Tabellenf\u00fchrer FC Eddersheim auf den Fersen.\u00a0<\/span><\/h5>\n<figure id=\"attachment_28421\" aria-describedby=\"caption-attachment-28421\" style=\"width: 654px\" class=\"wp-caption alignleft\"><img loading=\"lazy\" decoding=\"async\" class=\"wp-image-28421\" src=\"http:\/\/insideamateurfussball-ffm.de\/wp-content\/uploads\/2025\/10\/Maxworx-1024x577.jpg\" alt=\"\" width=\"654\" height=\"368\" srcset=\"https:\/\/insideamateurfussball-ffm.de\/wp-content\/uploads\/2025\/10\/Maxworx-1024x577.jpg 1024w, https:\/\/insideamateurfussball-ffm.de\/wp-content\/uploads\/2025\/10\/Maxworx-300x169.jpg 300w, https:\/\/insideamateurfussball-ffm.de\/wp-content\/uploads\/2025\/10\/Maxworx-768x432.jpg 768w, https:\/\/insideamateurfussball-ffm.de\/wp-content\/uploads\/2025\/10\/Maxworx-1536x865.jpg 1536w, https:\/\/insideamateurfussball-ffm.de\/wp-content\/uploads\/2025\/10\/Maxworx.jpg 2048w\" sizes=\"auto, (max-width: 654px) 100vw, 654px\" \/><figcaption id=\"caption-attachment-28421\" class=\"wp-caption-text\">Foto: Archiv PA.<\/figcaption><\/figure>\n<h5><span style=\"font-size: 16px;\">FSV Fernwald &#8211; Eintracht Frankfurt II 2:4 (1:2)<\/span><\/h5>\n<p><img loading=\"lazy\" decoding=\"async\" class=\"alignnone size-full wp-image-3420\" src=\"http:\/\/insideamateurfussball-ffm.de\/wp-content\/uploads\/2022\/10\/fernwald.png\" alt=\"\" width=\"73\" height=\"80\" \/><img loading=\"lazy\" decoding=\"async\" class=\"alignnone size-full wp-image-836\" src=\"http:\/\/insideamateurfussball-ffm.de\/wp-content\/uploads\/2022\/06\/SGE.jpg\" alt=\"\" width=\"79\" height=\"80\" \/><\/p>\n<p><span style=\"font-size: 16px;\">Der Meister der Vorsaison (der Aufstieg in die Regionalliga konnte aus organisatorischen Gr\u00fcnden nicht wahrgenommen werden) steht nach dieser Niederlage auf Rang 14 und damit auf dem ersten m\u00f6glichen Abstiegsplatz.<\/span><\/p>\n<ul>\n<li><strong><span style=\"font-size: 16px;\">Vier Wechsel bringen frische Kr\u00e4fte<\/span><\/strong><\/li>\n<\/ul>\n<p><span style=\"font-size: 16px;\">Bei widrigen \u00e4u\u00dferen Umst\u00e4nden mit Dauerregen auf dem Kunstrasenplatz im Stadtteil Steinbach gingen die Frankfurter durch Daniel Starodid in F\u00fchrung (20.). Fernwald konnte aber vier Minuten sp\u00e4ter ausgleichen (24.). Erst in der Nachspielzeit der ersten Halbzeit brachte Kaan Inanoglu die G\u00e4ste erneut nach vorne (45.\/+2). Nach dem Seitenwechsel egalisierte Kapit\u00e4n Johannes Hofmann f\u00fcr die Hausherren per Foulelfmeter (54.). <\/span><\/p>\n<p><span style=\"font-size: 16px;\">Doch vier Wechsel brachten frische Kr\u00e4fte und zwei Tore durch Inanoglu (77.) und Nilo Neuendorff (88.). &#8222;Wir waren eine Einheit, den Jungs muss ich ein Kompliment machen&#8220;, sagte Eintracht-Trainer Dennis Schmitt. Am Freitagabend (19.30 Uhr) geht es in Dreieich gegen Schlusslicht FC Hanau 93 weiter.<\/span><\/p>\n<ul>\n<li><span style=\"font-size: 16px;\"><strong>Schiedsrichter: Pascal Otte (TuS Bad Arolsen). Zuschauer: 200. <\/strong><\/span><\/li>\n<li><span style=\"font-size: 16px;\"><strong>Tore: 0:1 Daniel Starodid (20.), 1:1 Florian Kurtz (24.), 1:2 Kaan Inanoglu (45.\/+2), 2:2 Johannes Hofmann (54.), 2:3 Kaan Inanoglu (77.), 2:4 Nilo Neuendorff (88.). <\/strong>\u00a0\u00a0<\/span><\/li>\n<\/ul>\n","protected":false},"excerpt":{"rendered":"<p>Eintracht Frankfurt II gewann in der Hessenliga mit 4:2 beim amtierenden Meister FSV Fernwald und bleibt mit zwei Punkten R\u00fcckstand Tabellenf\u00fchrer FC Eddersheim auf den Fersen.\u00a0 FSV Fernwald &#8211; Eintracht Frankfurt II 2:4 (1:2) Der Meister der Vorsaison (der Aufstieg in die Regionalliga konnte aus organisatorischen Gr\u00fcnden nicht wahrgenommen werden) steht nach dieser Niederlage auf [&hellip;]<\/p>\n","protected":false},"author":1,"featured_media":28421,"comment_status":"closed","ping_status":"closed","sticky":true,"template":"","format":"standard","meta":{"footnotes":""},"categories":[8],"tags":[],"class_list":["post-28420","post","type-post","status-publish","format-standard","has-post-thumbnail","hentry","category-hessenliga"],"_links":{"self":[{"href":"https:\/\/insideamateurfussball-ffm.de\/index.php?rest_route=\/wp\/v2\/posts\/28420","targetHints":{"allow":["GET"]}}],"collection":[{"href":"https:\/\/insideamateurfussball-ffm.de\/index.php?rest_route=\/wp\/v2\/posts"}],"about":[{"href":"https:\/\/insideamateurfussball-ffm.de\/index.php?rest_route=\/wp\/v2\/types\/post"}],"author":[{"embeddable":true,"href":"https:\/\/insideamateurfussball-ffm.de\/index.php?rest_route=\/wp\/v2\/users\/1"}],"replies":[{"embeddable":true,"href":"https:\/\/insideamateurfussball-ffm.de\/index.php?rest_route=%2Fwp%2Fv2%2Fcomments&post=28420"}],"version-history":[{"count":2,"href":"https:\/\/insideamateurfussball-ffm.de\/index.php?rest_route=\/wp\/v2\/posts\/28420\/revisions"}],"predecessor-version":[{"id":28425,"href":"https:\/\/insideamateurfussball-ffm.de\/index.php?rest_route=\/wp\/v2\/posts\/28420\/revisions\/28425"}],"wp:featuredmedia":[{"embeddable":true,"href":"https:\/\/insideamateurfussball-ffm.de\/index.php?rest_route=\/wp\/v2\/media\/28421"}],"wp:attachment":[{"href":"https:\/\/insideamateurfussball-ffm.de\/index.php?rest_route=%2Fwp%2Fv2%2Fmedia&parent=28420"}],"wp:term":[{"taxonomy":"category","embeddable":true,"href":"https:\/\/insideamateurfussball-ffm.de\/index.php?rest_route=%2Fwp%2Fv2%2Fcategories&post=28420"},{"taxonomy":"post_tag","embeddable":true,"href":"https:\/\/insideamateurfussball-ffm.de\/index.php?rest_route=%2Fwp%2Fv2%2Ftags&post=28420"}],"curies":[{"name":"wp","href":"https:\/\/api.w.org\/{rel}","templated":true}]}}