{"id":28417,"date":"2025-10-06T16:11:59","date_gmt":"2025-10-06T15:11:59","guid":{"rendered":"https:\/\/insideamateurfussball-ffm.de\/?p=28417"},"modified":"2025-10-06T16:11:59","modified_gmt":"2025-10-06T15:11:59","slug":"tuerkguecue-verliert-36-gegen-schlusslicht","status":"publish","type":"post","link":"https:\/\/insideamateurfussball-ffm.de\/?p=28417","title":{"rendered":"T\u00fcrkg\u00fcc\u00fc verliert 3:6 gegen Schlusslicht"},"content":{"rendered":"<h4>T\u00fcrkg\u00fcc\u00fc Frankfurt verstrickt sich tiefer in den Abstiegskampf, auch gegen das Schlusslicht, den Verbandsliga-Absteiger SKV Beienheim, der noch kein Spiel gewonnen hatte, verlor man mit 3:6.<\/h4>\n<figure id=\"attachment_27021\" aria-describedby=\"caption-attachment-27021\" style=\"width: 2016px\" class=\"wp-caption alignnone\"><img loading=\"lazy\" decoding=\"async\" class=\"wp-image-27021 size-full\" src=\"http:\/\/insideamateurfussball-ffm.de\/wp-content\/uploads\/2025\/08\/beienheimseckbach01.jpg\" alt=\"\" width=\"2016\" height=\"1512\" srcset=\"https:\/\/insideamateurfussball-ffm.de\/wp-content\/uploads\/2025\/08\/beienheimseckbach01.jpg 2016w, https:\/\/insideamateurfussball-ffm.de\/wp-content\/uploads\/2025\/08\/beienheimseckbach01-300x225.jpg 300w, https:\/\/insideamateurfussball-ffm.de\/wp-content\/uploads\/2025\/08\/beienheimseckbach01-1024x768.jpg 1024w, https:\/\/insideamateurfussball-ffm.de\/wp-content\/uploads\/2025\/08\/beienheimseckbach01-768x576.jpg 768w, https:\/\/insideamateurfussball-ffm.de\/wp-content\/uploads\/2025\/08\/beienheimseckbach01-1536x1152.jpg 1536w\" sizes=\"auto, (max-width: 2016px) 100vw, 2016px\" \/><figcaption id=\"caption-attachment-27021\" class=\"wp-caption-text\">Der SKV Beienheim konnte bei T\u00fcrkg\u00fcc\u00fc Frankfurt seinen ersten Sieg feiern. Foto: Archiv MZ<\/figcaption><\/figure>\n<h4>T\u00fcrkg\u00fcc\u00fc Frankfurt &#8211; SKV Beienheim 3:6 (2:3)<\/h4>\n<p><img loading=\"lazy\" decoding=\"async\" class=\"alignnone size-full wp-image-17\" src=\"http:\/\/insideamateurfussball-ffm.de\/wp-content\/uploads\/2021\/11\/Tuerkguecue.jpg\" alt=\"\" width=\"72\" height=\"80\" \/><img loading=\"lazy\" decoding=\"async\" class=\"alignnone size-full wp-image-545\" src=\"http:\/\/insideamateurfussball-ffm.de\/wp-content\/uploads\/2022\/06\/SKV-Beienh.jpg\" alt=\"\" width=\"79\" height=\"80\" \/><\/p>\n<p>Die zwei Spiele gegen den FC Olympia Fauerbach und den SKV Beienheim sollten Punkte gegen den Abstieg bringen, am Ende waren es aber 0 Punkte aus beiden Spielen und die Abstiegssorgen werden gr\u00f6\u00dfer f\u00fcr T\u00fcrkg\u00fcc\u00fc Frankfurt. Der SKV Beienheim trennte sich nach der 1:3-Heimniederlage gegen den FSV Friedrichsdorf von seinem Trainer Dominik Reichardt und wurde bei T\u00fcrkg\u00fcc\u00fc von Interimscoach Alexander Thomas betreut, T\u00fcrkg\u00fcc\u00fcs Trainer Murtaza Taher warnte bereits vor dem Spiel: \u201edie Mannschaft ist nicht so schlecht, wie es der Tabellenplatz aussagt.\u201c<\/p>\n<p>In der ersten Viertelstunde des Spiels fielen die Tore im Minutentakt, Jan-Philipp M\u00e4user brachte die Gastgeber von T\u00fcrkg\u00fcc\u00fc in der 12.Minute mit 1:0 in F\u00fchrung. Schon im Gegenzug glich Beienheim durch Cristian-Vasile Bodea aus (13.), dann war es zweimal Andrei Dogot, der in der 14. und 15. Spielminute Treffer zwei und drei f\u00fcr die G\u00e4ste erzielte. Jan-Philipp M\u00e4user konnte in der 23.Minute zwar mit dem Anschlusstreffer zum 2:3 verk\u00fcrzen, doch in der 45.Minute verloren die Gastgeber nach einer Notbremse\u00a0 Mohamed Youssef mit einer roten Karte.<\/p>\n<p>In der zweiten Halbzeit spielte Beienheim dann die \u00dcberzahl gut aus und kam zu drei weiteren Toren, S\u00f6ren Reich in der 64., Jan Eiser in der 71. und erneut Reich in der 80.Minute erh\u00f6hten auf 6:2, ehe Terry Danso mit dem 3:6 in der 90.Minute noch Ergebniskosmetik betrieb. Die Beienheimer konnten damit ihren ersten Sieg in dieser Saison einfahren. T\u00fcrkg\u00fcc\u00fcs Trainer Taher: \u201edrei Gegentore in drei Minuten, das darf nicht passieren. Es war von der Einstellung keine gute Leistung, wir m\u00fcssen eine bessere Reaktion zeigen und jetzt hart arbeiten, um unserem Ziel Klassenerhalt n\u00e4herzukommen.\u201c Am n\u00e4chsten Wochenende muss T\u00fcrkg\u00fcc\u00fc nicht weit reisen, es kommt zum Stadtduell beim FC Tempo.<\/p>\n<h4>Schiedsrichter: Mirko Radl (Olympia Biebesheim). Zuschauer: 60.<\/h4>\n<h4>Tore: 1:0 Jan Philipp M\u00e4user (12.), 1:1 Cristian-Vasile Bodea (13.), 1.2 Andrei Dogot (14.), 1:3 Andrei Dogt (15.), 2:3 Jan Philipp M\u00e4user (23.), 2:4 S\u00f6ren Reich (64.), 2:5 Jan Eiser (71.), 2:6 S\u00f6ren Reich (80.), 3:6 Terry Danso (90.)<\/h4>\n","protected":false},"excerpt":{"rendered":"<p>T\u00fcrkg\u00fcc\u00fc Frankfurt verstrickt sich tiefer in den Abstiegskampf, auch gegen das Schlusslicht, den Verbandsliga-Absteiger SKV Beienheim, der noch kein Spiel gewonnen hatte, verlor man mit 3:6. T\u00fcrkg\u00fcc\u00fc Frankfurt &#8211; SKV Beienheim 3:6 (2:3) Die zwei Spiele gegen den FC Olympia Fauerbach und den SKV Beienheim sollten Punkte gegen den Abstieg bringen, am Ende waren es [&hellip;]<\/p>\n","protected":false},"author":3,"featured_media":27021,"comment_status":"closed","ping_status":"open","sticky":true,"template":"","format":"standard","meta":{"footnotes":""},"categories":[13],"tags":[],"class_list":["post-28417","post","type-post","status-publish","format-standard","has-post-thumbnail","hentry","category-gruppenliga-frankfurt-west"],"_links":{"self":[{"href":"https:\/\/insideamateurfussball-ffm.de\/index.php?rest_route=\/wp\/v2\/posts\/28417","targetHints":{"allow":["GET"]}}],"collection":[{"href":"https:\/\/insideamateurfussball-ffm.de\/index.php?rest_route=\/wp\/v2\/posts"}],"about":[{"href":"https:\/\/insideamateurfussball-ffm.de\/index.php?rest_route=\/wp\/v2\/types\/post"}],"author":[{"embeddable":true,"href":"https:\/\/insideamateurfussball-ffm.de\/index.php?rest_route=\/wp\/v2\/users\/3"}],"replies":[{"embeddable":true,"href":"https:\/\/insideamateurfussball-ffm.de\/index.php?rest_route=%2Fwp%2Fv2%2Fcomments&post=28417"}],"version-history":[{"count":2,"href":"https:\/\/insideamateurfussball-ffm.de\/index.php?rest_route=\/wp\/v2\/posts\/28417\/revisions"}],"predecessor-version":[{"id":28419,"href":"https:\/\/insideamateurfussball-ffm.de\/index.php?rest_route=\/wp\/v2\/posts\/28417\/revisions\/28419"}],"wp:featuredmedia":[{"embeddable":true,"href":"https:\/\/insideamateurfussball-ffm.de\/index.php?rest_route=\/wp\/v2\/media\/27021"}],"wp:attachment":[{"href":"https:\/\/insideamateurfussball-ffm.de\/index.php?rest_route=%2Fwp%2Fv2%2Fmedia&parent=28417"}],"wp:term":[{"taxonomy":"category","embeddable":true,"href":"https:\/\/insideamateurfussball-ffm.de\/index.php?rest_route=%2Fwp%2Fv2%2Fcategories&post=28417"},{"taxonomy":"post_tag","embeddable":true,"href":"https:\/\/insideamateurfussball-ffm.de\/index.php?rest_route=%2Fwp%2Fv2%2Ftags&post=28417"}],"curies":[{"name":"wp","href":"https:\/\/api.w.org\/{rel}","templated":true}]}}