{"id":28414,"date":"2025-10-06T15:31:15","date_gmt":"2025-10-06T14:31:15","guid":{"rendered":"https:\/\/insideamateurfussball-ffm.de\/?p=28414"},"modified":"2025-10-06T17:58:53","modified_gmt":"2025-10-06T16:58:53","slug":"kosova-siegt-ueberraschend-in-bad-nauheim","status":"publish","type":"post","link":"https:\/\/insideamateurfussball-ffm.de\/?p=28414","title":{"rendered":"Kosova siegt \u00fcberraschend in Bad Nauheim"},"content":{"rendered":"<h4>Kosovas neuer Trainer Erc\u00fcment Sahin konnte mit der Mannschaft seinen ersten Sieg feiern, durchaus \u00fcberraschend gewannen sie mit 3:2 beim Tabellenzweiten T\u00fcrkischer SV Bad Nauheim.<\/h4>\n<figure id=\"attachment_27806\" aria-describedby=\"caption-attachment-27806\" style=\"width: 1772px\" class=\"wp-caption alignnone\"><img loading=\"lazy\" decoding=\"async\" class=\"wp-image-27806 size-full\" src=\"http:\/\/insideamateurfussball-ffm.de\/wp-content\/uploads\/2025\/09\/koso-temp17.jpg\" alt=\"\" width=\"1772\" height=\"1329\" srcset=\"https:\/\/insideamateurfussball-ffm.de\/wp-content\/uploads\/2025\/09\/koso-temp17.jpg 1772w, https:\/\/insideamateurfussball-ffm.de\/wp-content\/uploads\/2025\/09\/koso-temp17-300x225.jpg 300w, https:\/\/insideamateurfussball-ffm.de\/wp-content\/uploads\/2025\/09\/koso-temp17-1024x768.jpg 1024w, https:\/\/insideamateurfussball-ffm.de\/wp-content\/uploads\/2025\/09\/koso-temp17-768x576.jpg 768w, https:\/\/insideamateurfussball-ffm.de\/wp-content\/uploads\/2025\/09\/koso-temp17-1536x1152.jpg 1536w\" sizes=\"auto, (max-width: 1772px) 100vw, 1772px\" \/><figcaption id=\"caption-attachment-27806\" class=\"wp-caption-text\">Der FC Kosova konnte \u00fcberraschend in Bad Nauheim gewinnen. Foro: Archiv Mithat G\u00fcrser<\/figcaption><\/figure>\n<h4>T\u00fcrkischer SV Bad Nauheim &#8211; FC Kosova 2:3 (1:2)<\/h4>\n<p><img loading=\"lazy\" decoding=\"async\" class=\"alignnone size-full wp-image-25899\" src=\"http:\/\/insideamateurfussball-ffm.de\/wp-content\/uploads\/2025\/05\/Tuerkischer-SV.jpg\" alt=\"\" width=\"99\" height=\"99\" \/><img loading=\"lazy\" decoding=\"async\" class=\"alignnone size-full wp-image-9\" src=\"http:\/\/insideamateurfussball-ffm.de\/wp-content\/uploads\/2021\/11\/Kosova.jpg\" alt=\"\" width=\"65\" height=\"80\" \/><\/p>\n<p>Der T\u00fcrkische SV Bad Nauheim ging als klarer Favorit in die Partie gegen den FC Kosova und begann furios, bereits in der 4.Minute erzielte Ozan Keskin das 1:0. Doch der FC Kosova, der nur drei Auswechselspieler aufbieten konnte \u2013 davon zwei aus der zweiten Mannschaft &#8211; konnte in der 9.Minute bereits ausgleichen, die G\u00e4ste erhielten einen Foulelfmeter und der Gefoulte Raisi Zalla verwandelte den Strafsto\u00df zum 1:1. Danach gab es Chancen auf beiden Seiten, in der Nachspielzeit der ersten H\u00e4lfte gl\u00fcckte den Frankfurter G\u00e4sten dann nach einem Eckball durch Faton Ademi das 2:1 (45.+3).<\/p>\n<p>In der zweiten Halbzeit wollten die Gastgeber dann das Spiel drehen, doch nach einem sehr guten Konter erh\u00f6hte Samir Ramadani in der 51.Minute f\u00fcr den FC Kosova auf 3:1. Die Gastgeber rannten jetzt das generische Tor an und erzeugten durch einige Wechsel ein starkes optische \u00dcbergewicht, doch erst in der 85.Minute gelang Nino Vranesevic der Anschlusstreffer zum 2:3, zu mehr reichte es nicht mehr. In der 5.Minute der Nachspielzeit erhielt Faton Ademi auf Seiten des FC Kosova noch die gelb-rote Karte, die Mannschaft brachte die knappe F\u00fchrung aber ins Ziel. Trainer Sahin: \u201ewenn das Spiel noch 5 Minuten l\u00e4nger gegangen w\u00e4re, h\u00e4tte der TSV wohl noch ausgeglichen, es war ein sehr faires Spiel und ich bin sehr stolz auf die Jungs, die nach dreimal Training in der Woche und dem Pokalspiel heute sehr gierig und hungrig waren, die harte Vorbereitung wurde belohnt. Aber wir wollen die F\u00fc\u00dfe stillhalten, denn der Gegner hatte schon die Oberhand.\u201c Am n\u00e4chsten Wochenende hat der FC Kosova spielfrei und Trainer Sahin will die Zeit f\u00fcr weitere vorbereitende Trainingseinheiten nutzen, in der Tabelle konnte man sich mit 13 Punkten auf den 9.Platz verbessern.<\/p>\n<h4>Schiedsrichter: Benedict Mayer (Hellas R\u00fcsselsheim). Zuschauer: 120.<\/h4>\n<h4>Tore: 1:0 Ozan Keskin (4.), 1:1 Raisi Zalla (9., Elfmeter), 1:2 Faton Ademi (45.+3), 1:3 Samir Ramadani (51.), 2:3 Nino Vranesevic (85.)<\/h4>\n\n\n<p><\/p>\n","protected":false},"excerpt":{"rendered":"<p>Kosovas neuer Trainer Erc\u00fcment Sahin konnte mit der Mannschaft seinen ersten Sieg feiern, durchaus \u00fcberraschend gewannen sie mit 3:2 beim Tabellenzweiten T\u00fcrkischer SV Bad Nauheim. T\u00fcrkischer SV Bad Nauheim &#8211; FC Kosova 2:3 (1:2) Der T\u00fcrkische SV Bad Nauheim ging als klarer Favorit in die Partie gegen den FC Kosova und begann furios, bereits in [&hellip;]<\/p>\n","protected":false},"author":3,"featured_media":27806,"comment_status":"closed","ping_status":"open","sticky":true,"template":"","format":"standard","meta":{"footnotes":""},"categories":[13],"tags":[],"class_list":["post-28414","post","type-post","status-publish","format-standard","has-post-thumbnail","hentry","category-gruppenliga-frankfurt-west"],"_links":{"self":[{"href":"https:\/\/insideamateurfussball-ffm.de\/index.php?rest_route=\/wp\/v2\/posts\/28414","targetHints":{"allow":["GET"]}}],"collection":[{"href":"https:\/\/insideamateurfussball-ffm.de\/index.php?rest_route=\/wp\/v2\/posts"}],"about":[{"href":"https:\/\/insideamateurfussball-ffm.de\/index.php?rest_route=\/wp\/v2\/types\/post"}],"author":[{"embeddable":true,"href":"https:\/\/insideamateurfussball-ffm.de\/index.php?rest_route=\/wp\/v2\/users\/3"}],"replies":[{"embeddable":true,"href":"https:\/\/insideamateurfussball-ffm.de\/index.php?rest_route=%2Fwp%2Fv2%2Fcomments&post=28414"}],"version-history":[{"count":3,"href":"https:\/\/insideamateurfussball-ffm.de\/index.php?rest_route=\/wp\/v2\/posts\/28414\/revisions"}],"predecessor-version":[{"id":28424,"href":"https:\/\/insideamateurfussball-ffm.de\/index.php?rest_route=\/wp\/v2\/posts\/28414\/revisions\/28424"}],"wp:featuredmedia":[{"embeddable":true,"href":"https:\/\/insideamateurfussball-ffm.de\/index.php?rest_route=\/wp\/v2\/media\/27806"}],"wp:attachment":[{"href":"https:\/\/insideamateurfussball-ffm.de\/index.php?rest_route=%2Fwp%2Fv2%2Fmedia&parent=28414"}],"wp:term":[{"taxonomy":"category","embeddable":true,"href":"https:\/\/insideamateurfussball-ffm.de\/index.php?rest_route=%2Fwp%2Fv2%2Fcategories&post=28414"},{"taxonomy":"post_tag","embeddable":true,"href":"https:\/\/insideamateurfussball-ffm.de\/index.php?rest_route=%2Fwp%2Fv2%2Ftags&post=28414"}],"curies":[{"name":"wp","href":"https:\/\/api.w.org\/{rel}","templated":true}]}}