{"id":28408,"date":"2025-10-06T14:25:18","date_gmt":"2025-10-06T13:25:18","guid":{"rendered":"https:\/\/insideamateurfussball-ffm.de\/?p=28408"},"modified":"2025-10-06T14:25:18","modified_gmt":"2025-10-06T13:25:18","slug":"bosnier-bauen-tabellenfuehrung-aus","status":"publish","type":"post","link":"https:\/\/insideamateurfussball-ffm.de\/?p=28408","title":{"rendered":"Bosnier bauen Tabellenf\u00fchrung aus"},"content":{"rendered":"<h4>80 Minuten in \u00dcberzahl, der SV Bosnien\/Herzegowina gewinnt gegen die FG Seckbach mit 2:0 und baut die Tabellenf\u00fchrung auf 9 Punkte vor dem T\u00fcrkischen SV Bad Nauheim aus.<\/h4>\n<figure id=\"attachment_28070\" aria-describedby=\"caption-attachment-28070\" style=\"width: 886px\" class=\"wp-caption alignnone\"><img loading=\"lazy\" decoding=\"async\" class=\"wp-image-28070 size-full\" src=\"http:\/\/insideamateurfussball-ffm.de\/wp-content\/uploads\/2025\/09\/bosn-ober11.jpg\" alt=\"\" width=\"886\" height=\"615\" srcset=\"https:\/\/insideamateurfussball-ffm.de\/wp-content\/uploads\/2025\/09\/bosn-ober11.jpg 886w, https:\/\/insideamateurfussball-ffm.de\/wp-content\/uploads\/2025\/09\/bosn-ober11-300x208.jpg 300w, https:\/\/insideamateurfussball-ffm.de\/wp-content\/uploads\/2025\/09\/bosn-ober11-768x533.jpg 768w\" sizes=\"auto, (max-width: 886px) 100vw, 886px\" \/><figcaption id=\"caption-attachment-28070\" class=\"wp-caption-text\">Die Bosnier jubeln weiter, auch gegen die FG Seckbach wurde gewonnen. Foto: Archiv Mithat G\u00fcrser<\/figcaption><\/figure>\n<h4>SV Bosnien\/Herzegowina &#8211; FG Seckbach 2:0 (1:0)<\/h4>\n<p><img loading=\"lazy\" decoding=\"async\" class=\"alignnone size-full wp-image-139\" src=\"http:\/\/insideamateurfussball-ffm.de\/wp-content\/uploads\/2022\/05\/Bosnien.jpg\" alt=\"\" width=\"79\" height=\"80\" \/><img loading=\"lazy\" decoding=\"async\" class=\"alignnone size-full wp-image-544\" src=\"http:\/\/insideamateurfussball-ffm.de\/wp-content\/uploads\/2022\/06\/Seckbach.jpg\" alt=\"\" width=\"80\" height=\"80\" \/><\/p>\n<p>Der SV Bosnien\/Herzegowina durfte zum ersten Mal in dieser Saison auf dem von der Stadt freigegebenen Rasenplatz antreten und wollte gegen die FG Seckbach seinen Vorsprung von 6 Punkten vor dem T\u00fcrkischen SV Bad Nauheim verteidigen, am Ende waren es nach dem 2:0-Sieg sogar 9 Punkte Vorsprung, da die Bad Nauheimer \u00fcberraschend gegen den FC Kosova verloren. Dabei profitierten die Bosnier fr\u00fch von einer gelb-roten Karte gegen die FG Seckbach, Bo Lockl sah in der 10.Minute erst gelb und dann gelb-rot. Und f\u00fcr die Seckbacher kam es noch schlimmer, denn der Schiedsrichter entschied in der 15.Minute auf Foulelfmeter f\u00fcr die Bosnier, Almir Ziga lie\u00df sich die Chance nicht entgehen und erzielte den F\u00fchrungstreffer zum 1:0.<\/p>\n<p>Bei diesem Ergebnis blieb es bis zur Halbzeit, die Bosnier konnten die \u00dcberzahl nicht weiter nutzen. Und in der zweiten Halbzeit erspielten sich die Seckbacher in Unterzahl einige Chancen, lie\u00dfen die M\u00f6glichleiten aber liegen. Den vorentscheidenden Treffer f\u00fcr die Bosnier erzielte dann Alen Habibovic in der 73.Minute, danach lie\u00dfen die Gastgeber nichts mehr anbrennen und die Seckbacher konnten sich nicht mehr aufb\u00e4umen. Admir Malohodzic, Pressesprecher beim SV Bosnien\/Herzegowina, meinte: \u201ewir hatten einige Anpassungsprobleme, da wir zum ersten Mal auf dem Rasen spielten, unser Spiel war nicht so fl\u00fcssig wie sonst und auch etwas zerfahren. Am Ende hat sich unsere Qualit\u00e4t und unser dominantes Spiel durchgesetzt gegen tiefstehende Seckbacher, die in Unterzahl das gut verteidigt haben.\u201c<\/p>\n<p>Jo Nareike, Spielausschuss-Vorsitzender der FG Seckbach, nach dem Spiel: \u201eim Endeffekt ein verdienter Sieg f\u00fcr Bosnien, wir hatten unsere Momente vor allen Dingen in der zweiten Halbzeit, da waren wir vielleicht dreimal nah dran, den Ausgleich zu machen, dann w\u00e4re ich gespannt gewesen, wie das Spiel weiterl\u00e4uft, wenn man in Unterzahl den Ausgleich erzielt. Ein verdienter Sieg, da w\u00e4re sogar nach dem 2:0 noch mehr drin gewesen f\u00fcr den Gegner, da waren bei uns die K\u00f6pfe unten. Aber trotzdem eine gute Leistung von uns, in der zweiten Halbzeit haben wir gut dagegengehalten.\u201c<\/p>\n<p>F\u00fcr die FG Seckbach geht es am n\u00e4chsten Wochenende gegen den Aufsteiger FSG Burg-Gr\u00e4fenrode weiter, w\u00e4hrend es an der Ackermannwiese zum Topspiel kommt. Der SV Bosnien\/Herzegowina empf\u00e4ngt den Tabellenzweiten T\u00fcrkischer SV Bad Nauheim, der derzeit 9 Punkte zur\u00fcckliegt, in Lauerstellung ist aber auch noch der FC Karben, der bei zwei Spielen weniger drei Punkte weniger als Bad Nauheim hat.<\/p>\n<h4>Schiedsrichter: Christian Grieninger (FC Waldems). Zuschauer: 150.<\/h4>\n<h4>Tore: 1:0 Almir Ziga (15., Elfmeter), 2:0 Alen Habibovic (73.)<\/h4>\n","protected":false},"excerpt":{"rendered":"<p>80 Minuten in \u00dcberzahl, der SV Bosnien\/Herzegowina gewinnt gegen die FG Seckbach mit 2:0 und baut die Tabellenf\u00fchrung auf 9 Punkte vor dem T\u00fcrkischen SV Bad Nauheim aus. SV Bosnien\/Herzegowina &#8211; FG Seckbach 2:0 (1:0) Der SV Bosnien\/Herzegowina durfte zum ersten Mal in dieser Saison auf dem von der Stadt freigegebenen Rasenplatz antreten und wollte [&hellip;]<\/p>\n","protected":false},"author":3,"featured_media":28070,"comment_status":"closed","ping_status":"open","sticky":true,"template":"","format":"standard","meta":{"footnotes":""},"categories":[13],"tags":[],"class_list":["post-28408","post","type-post","status-publish","format-standard","has-post-thumbnail","hentry","category-gruppenliga-frankfurt-west"],"_links":{"self":[{"href":"https:\/\/insideamateurfussball-ffm.de\/index.php?rest_route=\/wp\/v2\/posts\/28408","targetHints":{"allow":["GET"]}}],"collection":[{"href":"https:\/\/insideamateurfussball-ffm.de\/index.php?rest_route=\/wp\/v2\/posts"}],"about":[{"href":"https:\/\/insideamateurfussball-ffm.de\/index.php?rest_route=\/wp\/v2\/types\/post"}],"author":[{"embeddable":true,"href":"https:\/\/insideamateurfussball-ffm.de\/index.php?rest_route=\/wp\/v2\/users\/3"}],"replies":[{"embeddable":true,"href":"https:\/\/insideamateurfussball-ffm.de\/index.php?rest_route=%2Fwp%2Fv2%2Fcomments&post=28408"}],"version-history":[{"count":2,"href":"https:\/\/insideamateurfussball-ffm.de\/index.php?rest_route=\/wp\/v2\/posts\/28408\/revisions"}],"predecessor-version":[{"id":28410,"href":"https:\/\/insideamateurfussball-ffm.de\/index.php?rest_route=\/wp\/v2\/posts\/28408\/revisions\/28410"}],"wp:featuredmedia":[{"embeddable":true,"href":"https:\/\/insideamateurfussball-ffm.de\/index.php?rest_route=\/wp\/v2\/media\/28070"}],"wp:attachment":[{"href":"https:\/\/insideamateurfussball-ffm.de\/index.php?rest_route=%2Fwp%2Fv2%2Fmedia&parent=28408"}],"wp:term":[{"taxonomy":"category","embeddable":true,"href":"https:\/\/insideamateurfussball-ffm.de\/index.php?rest_route=%2Fwp%2Fv2%2Fcategories&post=28408"},{"taxonomy":"post_tag","embeddable":true,"href":"https:\/\/insideamateurfussball-ffm.de\/index.php?rest_route=%2Fwp%2Fv2%2Ftags&post=28408"}],"curies":[{"name":"wp","href":"https:\/\/api.w.org\/{rel}","templated":true}]}}