{"id":28364,"date":"2025-10-03T11:00:38","date_gmt":"2025-10-03T10:00:38","guid":{"rendered":"https:\/\/insideamateurfussball-ffm.de\/?p=28364"},"modified":"2025-10-03T11:00:38","modified_gmt":"2025-10-03T10:00:38","slug":"fechenheim-im-abstiegskampf-angekommen","status":"publish","type":"post","link":"https:\/\/insideamateurfussball-ffm.de\/?p=28364","title":{"rendered":"Fechenheim im Abstiegskampf angekommen?"},"content":{"rendered":"<h4>Nach einer erneut schwachen Defensivleistung verlor die Spvgg. 03 Fechenheim beim FC Karben mit 2:4, Trainer Necip Incesu sprach danach vom Abstiegskampf, in dem die Mannschaft jetzt angekommen sei.<\/h4>\n<figure id=\"attachment_28374\" aria-describedby=\"caption-attachment-28374\" style=\"width: 2016px\" class=\"wp-caption alignnone\"><img loading=\"lazy\" decoding=\"async\" class=\"wp-image-28374 size-full\" src=\"http:\/\/insideamateurfussball-ffm.de\/wp-content\/uploads\/2025\/10\/karbenfechenheim09.jpg\" alt=\"\" width=\"2016\" height=\"1512\" srcset=\"https:\/\/insideamateurfussball-ffm.de\/wp-content\/uploads\/2025\/10\/karbenfechenheim09.jpg 2016w, https:\/\/insideamateurfussball-ffm.de\/wp-content\/uploads\/2025\/10\/karbenfechenheim09-300x225.jpg 300w, https:\/\/insideamateurfussball-ffm.de\/wp-content\/uploads\/2025\/10\/karbenfechenheim09-1024x768.jpg 1024w, https:\/\/insideamateurfussball-ffm.de\/wp-content\/uploads\/2025\/10\/karbenfechenheim09-768x576.jpg 768w, https:\/\/insideamateurfussball-ffm.de\/wp-content\/uploads\/2025\/10\/karbenfechenheim09-1536x1152.jpg 1536w\" sizes=\"auto, (max-width: 2016px) 100vw, 2016px\" \/><figcaption id=\"caption-attachment-28374\" class=\"wp-caption-text\">Fechenheims Trainer Necip Incesu war ob der erneut vielen Fehler in der Defensive konsterniert. Foto: MZ<\/figcaption><\/figure>\n<h4>FC Karben &#8211; Spvgg. 03 Fechenheim 4:2 (2:1)<\/h4>\n<p><img loading=\"lazy\" decoding=\"async\" class=\"alignnone size-full wp-image-2525\" src=\"http:\/\/insideamateurfussball-ffm.de\/wp-content\/uploads\/2022\/09\/karben.jpg\" alt=\"\" width=\"65\" height=\"80\" \/><img loading=\"lazy\" decoding=\"async\" class=\"alignnone size-full wp-image-603\" src=\"http:\/\/insideamateurfussball-ffm.de\/wp-content\/uploads\/2022\/06\/Fech03.jpg\" alt=\"\" width=\"52\" height=\"80\" \/><\/p>\n<p>Die Fechenheimer wollten nach 9 Gegentoren in den letzten beiden Spielen die Defensive im Spiel beim FC Karben st\u00e4rken, doch schon in den ersten zwei Minuten brannte es lichterloh im eigenen Strafraum, die Gastgeber kamen nach drei Ecken, die immer wieder in den vollbesetzten F\u00fcnfmeterraum geschlagen wurden, zu gef\u00e4hrlichen Situationen. Doch mit dem ersten richtigen Vorsto\u00df gingen die G\u00e4ste in der 14.Minute in F\u00fchrung, als Ihab Suleiman eine Hereingabe von rechts zum 1:0 verwerten konnte. Doch die F\u00fchrung hielt nicht lange, in der 21.Minute fiel bereits der Ausgleich. Ausgangspunkt war wieder eine Ecke, die auf den kurzen Pfosten gespielt wurde, von Ayew Moore sprang dann der Ball ungl\u00fccklich ins eigene Tor.<\/p>\n<p>Und die Gastgeber nutzten den Moment, nur drei Minuten sp\u00e4ter gab es knapp 18 Meter vor dem Tor einen Freisto\u00df f\u00fcr Karben, Paul Pucher legte sich den Ball zurecht und zirkelte ihn \u00fcber die Mauer ins Eck zum 2:1 (24.). Fechenheim kam bis zur Halbzeit kaum einmal gef\u00e4hrlich vor das Karbener Tor, hinten konnte man allerdings das eigene Tor gut verteidigen, sodass es bis zur Halbzeit beim 2:1 blieb. Sollten sich die Fechenheimer etwas f\u00fcr die zweite H\u00e4lfte vorgenommen haben, so war diese Hoffnung nach 4 Minuten bereits verflogen.<\/p>\n<p>In der 48.Minute schoss Felix Kaapke das 3:1 f\u00fcr Karben, sein Schuss aus 16 Metern wurde dabei ungl\u00fccklich abgef\u00e4lscht, und damit nicht genug, nur eine Minute sp\u00e4ter verlor ein Abwehrspieler der Fechenheimer im Aufbauspiel den Ball, ein Karbener Spieler lief allein aufs Tor zu und legte den Ball quer, wo Dorian Music keine M\u00fche hatte, das 4:1 zu erzielen (49.). Danach pl\u00e4tscherte das Spiel so vor sich hin, war durch einige Foulspiele des \u00d6fteren unterbrochen, ehe Fechenheim in der letzten Viertelstunde nach einigen Einwechslungen das Spiel dominierte und auch offensiv zu einigen Gelegenheiten kam. Die G\u00e4ste kamen in der 79.Minute noch zum 2:4-Anschlusstreffer, Felix Casalino attackierte den Torwart, wurde von ihm auch am Fu\u00df getroffen, doch der Schiedsrichter lie\u00df Vorteil laufen und Roberto Martins Pereira schoss den Ball aus 20 Metern ins verwaiste Tor. Danach tat sich nichts mehr und Karben holte sich verdient die drei Punkte und bleibt mit zwei Nachholspielen in Sichtweite der Tabellenspitze.<\/p>\n<p>Fechenheims Trainer Incesu nach dem Spiel: \u201ewir kriegen einfach zu viele Gegentore, wir haben wieder viele Fehler gemacht. Kommen zur zweiten Halbzeit raus, 2:1, ich sag noch, wir m\u00fcssen jetzt spielerisch ins Spiel reinkommen, nach 5 Minuten war das wieder gegessen. Zwischen der 45. und 50.Minute: zwei Gegentore, wir machen immer wieder eklatante individuelle Fehler, die wir einfach nicht abstellen, und so gewinnen wir halt kein Spiel. Jetzt kommen Burg-Gr\u00e4fenrode und Wehrheim, jetzt sind wir im Abstiegskampf angekommen.\u201c Sonntag in einer Woche folgt zun\u00e4chst das Heimspiel gegen den Aufsteiger SG Wehrheim\/Pfaffenwiesbach.<\/p>\n<h4>Schiedsrichter: Loris Langlitz (1.FC 1906 Erlensee). Zuschauer: 60.<\/h4>\n<h4>Tore: 0:1 Ihab Suleiman (14.), 1:1 Ayew Moore (21., Eigentor), 2:1 Paul Pucher (24.), 3:1 Felix Kaapke (48.), 4:1 Dorian Music (49.), 4:2 Roberto Martins Pereira (79.)<\/h4>\n\n\n<figure class=\"wp-block-image size-large\"><img loading=\"lazy\" decoding=\"async\" width=\"1024\" height=\"768\" src=\"http:\/\/insideamateurfussball-ffm.de\/wp-content\/uploads\/2025\/10\/karbenfechenheim00-1024x768.jpg\" alt=\"\" class=\"wp-image-28365\" srcset=\"https:\/\/insideamateurfussball-ffm.de\/wp-content\/uploads\/2025\/10\/karbenfechenheim00-1024x768.jpg 1024w, https:\/\/insideamateurfussball-ffm.de\/wp-content\/uploads\/2025\/10\/karbenfechenheim00-300x225.jpg 300w, https:\/\/insideamateurfussball-ffm.de\/wp-content\/uploads\/2025\/10\/karbenfechenheim00-768x576.jpg 768w, https:\/\/insideamateurfussball-ffm.de\/wp-content\/uploads\/2025\/10\/karbenfechenheim00-1536x1152.jpg 1536w, https:\/\/insideamateurfussball-ffm.de\/wp-content\/uploads\/2025\/10\/karbenfechenheim00.jpg 2016w\" sizes=\"auto, (max-width: 1024px) 100vw, 1024px\" \/><\/figure>\n\n\n\n<figure class=\"wp-block-image size-large\"><img loading=\"lazy\" decoding=\"async\" width=\"1024\" height=\"768\" src=\"http:\/\/insideamateurfussball-ffm.de\/wp-content\/uploads\/2025\/10\/karbenfechenheim01-1024x768.jpg\" alt=\"\" class=\"wp-image-28366\" srcset=\"https:\/\/insideamateurfussball-ffm.de\/wp-content\/uploads\/2025\/10\/karbenfechenheim01-1024x768.jpg 1024w, https:\/\/insideamateurfussball-ffm.de\/wp-content\/uploads\/2025\/10\/karbenfechenheim01-300x225.jpg 300w, https:\/\/insideamateurfussball-ffm.de\/wp-content\/uploads\/2025\/10\/karbenfechenheim01-768x576.jpg 768w, https:\/\/insideamateurfussball-ffm.de\/wp-content\/uploads\/2025\/10\/karbenfechenheim01-1536x1152.jpg 1536w, https:\/\/insideamateurfussball-ffm.de\/wp-content\/uploads\/2025\/10\/karbenfechenheim01.jpg 2016w\" sizes=\"auto, (max-width: 1024px) 100vw, 1024px\" \/><\/figure>\n\n\n\n<figure class=\"wp-block-image size-large\"><img loading=\"lazy\" decoding=\"async\" width=\"1024\" height=\"768\" src=\"http:\/\/insideamateurfussball-ffm.de\/wp-content\/uploads\/2025\/10\/karbenfechenheim02-1024x768.jpg\" alt=\"\" class=\"wp-image-28367\" srcset=\"https:\/\/insideamateurfussball-ffm.de\/wp-content\/uploads\/2025\/10\/karbenfechenheim02-1024x768.jpg 1024w, https:\/\/insideamateurfussball-ffm.de\/wp-content\/uploads\/2025\/10\/karbenfechenheim02-300x225.jpg 300w, https:\/\/insideamateurfussball-ffm.de\/wp-content\/uploads\/2025\/10\/karbenfechenheim02-768x576.jpg 768w, https:\/\/insideamateurfussball-ffm.de\/wp-content\/uploads\/2025\/10\/karbenfechenheim02-1536x1152.jpg 1536w, https:\/\/insideamateurfussball-ffm.de\/wp-content\/uploads\/2025\/10\/karbenfechenheim02.jpg 2016w\" sizes=\"auto, (max-width: 1024px) 100vw, 1024px\" \/><\/figure>\n\n\n\n<figure class=\"wp-block-image size-large\"><img loading=\"lazy\" decoding=\"async\" width=\"1024\" height=\"768\" src=\"http:\/\/insideamateurfussball-ffm.de\/wp-content\/uploads\/2025\/10\/karbenfechenheim03-1024x768.jpg\" alt=\"\" class=\"wp-image-28368\" srcset=\"https:\/\/insideamateurfussball-ffm.de\/wp-content\/uploads\/2025\/10\/karbenfechenheim03-1024x768.jpg 1024w, https:\/\/insideamateurfussball-ffm.de\/wp-content\/uploads\/2025\/10\/karbenfechenheim03-300x225.jpg 300w, https:\/\/insideamateurfussball-ffm.de\/wp-content\/uploads\/2025\/10\/karbenfechenheim03-768x576.jpg 768w, https:\/\/insideamateurfussball-ffm.de\/wp-content\/uploads\/2025\/10\/karbenfechenheim03-1536x1152.jpg 1536w, https:\/\/insideamateurfussball-ffm.de\/wp-content\/uploads\/2025\/10\/karbenfechenheim03.jpg 2016w\" sizes=\"auto, (max-width: 1024px) 100vw, 1024px\" \/><\/figure>\n\n\n\n<figure class=\"wp-block-image size-large\"><img loading=\"lazy\" decoding=\"async\" width=\"1024\" height=\"768\" src=\"http:\/\/insideamateurfussball-ffm.de\/wp-content\/uploads\/2025\/10\/karbenfechenheim04-1024x768.jpg\" alt=\"\" class=\"wp-image-28369\" srcset=\"https:\/\/insideamateurfussball-ffm.de\/wp-content\/uploads\/2025\/10\/karbenfechenheim04-1024x768.jpg 1024w, https:\/\/insideamateurfussball-ffm.de\/wp-content\/uploads\/2025\/10\/karbenfechenheim04-300x225.jpg 300w, https:\/\/insideamateurfussball-ffm.de\/wp-content\/uploads\/2025\/10\/karbenfechenheim04-768x576.jpg 768w, https:\/\/insideamateurfussball-ffm.de\/wp-content\/uploads\/2025\/10\/karbenfechenheim04-1536x1152.jpg 1536w, https:\/\/insideamateurfussball-ffm.de\/wp-content\/uploads\/2025\/10\/karbenfechenheim04.jpg 2016w\" sizes=\"auto, (max-width: 1024px) 100vw, 1024px\" \/><\/figure>\n\n\n\n<figure class=\"wp-block-image size-large\"><img loading=\"lazy\" decoding=\"async\" width=\"1024\" height=\"768\" src=\"http:\/\/insideamateurfussball-ffm.de\/wp-content\/uploads\/2025\/10\/karbenfechenheim05-1024x768.jpg\" alt=\"\" class=\"wp-image-28370\" srcset=\"https:\/\/insideamateurfussball-ffm.de\/wp-content\/uploads\/2025\/10\/karbenfechenheim05-1024x768.jpg 1024w, https:\/\/insideamateurfussball-ffm.de\/wp-content\/uploads\/2025\/10\/karbenfechenheim05-300x225.jpg 300w, https:\/\/insideamateurfussball-ffm.de\/wp-content\/uploads\/2025\/10\/karbenfechenheim05-768x576.jpg 768w, https:\/\/insideamateurfussball-ffm.de\/wp-content\/uploads\/2025\/10\/karbenfechenheim05-1536x1152.jpg 1536w, https:\/\/insideamateurfussball-ffm.de\/wp-content\/uploads\/2025\/10\/karbenfechenheim05.jpg 2016w\" sizes=\"auto, (max-width: 1024px) 100vw, 1024px\" \/><\/figure>\n\n\n\n<figure class=\"wp-block-image size-large\"><img loading=\"lazy\" decoding=\"async\" width=\"1024\" height=\"768\" src=\"http:\/\/insideamateurfussball-ffm.de\/wp-content\/uploads\/2025\/10\/karbenfechenheim06-1024x768.jpg\" alt=\"\" class=\"wp-image-28371\" srcset=\"https:\/\/insideamateurfussball-ffm.de\/wp-content\/uploads\/2025\/10\/karbenfechenheim06-1024x768.jpg 1024w, https:\/\/insideamateurfussball-ffm.de\/wp-content\/uploads\/2025\/10\/karbenfechenheim06-300x225.jpg 300w, https:\/\/insideamateurfussball-ffm.de\/wp-content\/uploads\/2025\/10\/karbenfechenheim06-768x576.jpg 768w, https:\/\/insideamateurfussball-ffm.de\/wp-content\/uploads\/2025\/10\/karbenfechenheim06-1536x1152.jpg 1536w, https:\/\/insideamateurfussball-ffm.de\/wp-content\/uploads\/2025\/10\/karbenfechenheim06.jpg 2016w\" sizes=\"auto, (max-width: 1024px) 100vw, 1024px\" \/><\/figure>\n\n\n\n<figure class=\"wp-block-image size-large\"><img loading=\"lazy\" decoding=\"async\" width=\"1024\" height=\"768\" src=\"http:\/\/insideamateurfussball-ffm.de\/wp-content\/uploads\/2025\/10\/karbenfechenheim07-1024x768.jpg\" alt=\"\" class=\"wp-image-28372\" srcset=\"https:\/\/insideamateurfussball-ffm.de\/wp-content\/uploads\/2025\/10\/karbenfechenheim07-1024x768.jpg 1024w, https:\/\/insideamateurfussball-ffm.de\/wp-content\/uploads\/2025\/10\/karbenfechenheim07-300x225.jpg 300w, https:\/\/insideamateurfussball-ffm.de\/wp-content\/uploads\/2025\/10\/karbenfechenheim07-768x576.jpg 768w, https:\/\/insideamateurfussball-ffm.de\/wp-content\/uploads\/2025\/10\/karbenfechenheim07-1536x1152.jpg 1536w, https:\/\/insideamateurfussball-ffm.de\/wp-content\/uploads\/2025\/10\/karbenfechenheim07.jpg 2016w\" sizes=\"auto, (max-width: 1024px) 100vw, 1024px\" \/><\/figure>\n\n\n\n<figure class=\"wp-block-image size-large\"><img loading=\"lazy\" decoding=\"async\" width=\"1024\" height=\"768\" src=\"http:\/\/insideamateurfussball-ffm.de\/wp-content\/uploads\/2025\/10\/karbenfechenheim08-1024x768.jpg\" alt=\"\" class=\"wp-image-28373\" srcset=\"https:\/\/insideamateurfussball-ffm.de\/wp-content\/uploads\/2025\/10\/karbenfechenheim08-1024x768.jpg 1024w, https:\/\/insideamateurfussball-ffm.de\/wp-content\/uploads\/2025\/10\/karbenfechenheim08-300x225.jpg 300w, https:\/\/insideamateurfussball-ffm.de\/wp-content\/uploads\/2025\/10\/karbenfechenheim08-768x576.jpg 768w, https:\/\/insideamateurfussball-ffm.de\/wp-content\/uploads\/2025\/10\/karbenfechenheim08-1536x1152.jpg 1536w, https:\/\/insideamateurfussball-ffm.de\/wp-content\/uploads\/2025\/10\/karbenfechenheim08.jpg 2016w\" sizes=\"auto, (max-width: 1024px) 100vw, 1024px\" \/><\/figure>\n","protected":false},"excerpt":{"rendered":"<p>Nach einer erneut schwachen Defensivleistung verlor die Spvgg. 03 Fechenheim beim FC Karben mit 2:4, Trainer Necip Incesu sprach danach vom Abstiegskampf, in dem die Mannschaft jetzt angekommen sei. FC Karben &#8211; Spvgg. 03 Fechenheim 4:2 (2:1) Die Fechenheimer wollten nach 9 Gegentoren in den letzten beiden Spielen die Defensive im Spiel beim FC Karben [&hellip;]<\/p>\n","protected":false},"author":3,"featured_media":28374,"comment_status":"closed","ping_status":"open","sticky":true,"template":"","format":"standard","meta":{"footnotes":""},"categories":[13],"tags":[],"class_list":["post-28364","post","type-post","status-publish","format-standard","has-post-thumbnail","hentry","category-gruppenliga-frankfurt-west"],"_links":{"self":[{"href":"https:\/\/insideamateurfussball-ffm.de\/index.php?rest_route=\/wp\/v2\/posts\/28364","targetHints":{"allow":["GET"]}}],"collection":[{"href":"https:\/\/insideamateurfussball-ffm.de\/index.php?rest_route=\/wp\/v2\/posts"}],"about":[{"href":"https:\/\/insideamateurfussball-ffm.de\/index.php?rest_route=\/wp\/v2\/types\/post"}],"author":[{"embeddable":true,"href":"https:\/\/insideamateurfussball-ffm.de\/index.php?rest_route=\/wp\/v2\/users\/3"}],"replies":[{"embeddable":true,"href":"https:\/\/insideamateurfussball-ffm.de\/index.php?rest_route=%2Fwp%2Fv2%2Fcomments&post=28364"}],"version-history":[{"count":2,"href":"https:\/\/insideamateurfussball-ffm.de\/index.php?rest_route=\/wp\/v2\/posts\/28364\/revisions"}],"predecessor-version":[{"id":28376,"href":"https:\/\/insideamateurfussball-ffm.de\/index.php?rest_route=\/wp\/v2\/posts\/28364\/revisions\/28376"}],"wp:featuredmedia":[{"embeddable":true,"href":"https:\/\/insideamateurfussball-ffm.de\/index.php?rest_route=\/wp\/v2\/media\/28374"}],"wp:attachment":[{"href":"https:\/\/insideamateurfussball-ffm.de\/index.php?rest_route=%2Fwp%2Fv2%2Fmedia&parent=28364"}],"wp:term":[{"taxonomy":"category","embeddable":true,"href":"https:\/\/insideamateurfussball-ffm.de\/index.php?rest_route=%2Fwp%2Fv2%2Fcategories&post=28364"},{"taxonomy":"post_tag","embeddable":true,"href":"https:\/\/insideamateurfussball-ffm.de\/index.php?rest_route=%2Fwp%2Fv2%2Ftags&post=28364"}],"curies":[{"name":"wp","href":"https:\/\/api.w.org\/{rel}","templated":true}]}}