{"id":28357,"date":"2025-10-03T01:58:54","date_gmt":"2025-10-03T00:58:54","guid":{"rendered":"https:\/\/insideamateurfussball-ffm.de\/?p=28357"},"modified":"2025-10-03T01:58:54","modified_gmt":"2025-10-03T00:58:54","slug":"dortelweil-trotz-klassenprimus-ein-11-ab","status":"publish","type":"post","link":"https:\/\/insideamateurfussball-ffm.de\/?p=28357","title":{"rendered":"Dortelweil trotz Klassenprimus ein 1:1 ab"},"content":{"rendered":"<h5><span style=\"font-size: 16px;\">Der SC Dortelweil setzte in der Verbandsliga S\u00fcd am Donnerstagabend seinen Aufw\u00e4rtstrend fort. Nach drei Siegen in Folge trotzten die Gr\u00fcn-Wei\u00dfen dem Tabellenf\u00fchrer SKV Rot-Wei\u00df Darmstadt vor 110 Zuschauern ein 1:1 (0:0) ab.<\/span><\/h5>\n<figure id=\"attachment_28358\" aria-describedby=\"caption-attachment-28358\" style=\"width: 652px\" class=\"wp-caption alignleft\"><img loading=\"lazy\" decoding=\"async\" class=\"wp-image-28358\" src=\"http:\/\/insideamateurfussball-ffm.de\/wp-content\/uploads\/2025\/10\/Dor-Darm-1024x768.jpg\" alt=\"\" width=\"652\" height=\"489\" srcset=\"https:\/\/insideamateurfussball-ffm.de\/wp-content\/uploads\/2025\/10\/Dor-Darm-1024x768.jpg 1024w, https:\/\/insideamateurfussball-ffm.de\/wp-content\/uploads\/2025\/10\/Dor-Darm-300x225.jpg 300w, https:\/\/insideamateurfussball-ffm.de\/wp-content\/uploads\/2025\/10\/Dor-Darm-768x576.jpg 768w, https:\/\/insideamateurfussball-ffm.de\/wp-content\/uploads\/2025\/10\/Dor-Darm-1536x1152.jpg 1536w, https:\/\/insideamateurfussball-ffm.de\/wp-content\/uploads\/2025\/10\/Dor-Darm.jpg 2048w\" sizes=\"auto, (max-width: 652px) 100vw, 652px\" \/><figcaption id=\"caption-attachment-28358\" class=\"wp-caption-text\">Platzwahl vor dem Anpfiff. Foto: PA.\u00a0\u00a0<\/figcaption><\/figure>\n<h5><span style=\"font-size: 16px;\">SC Dortelweil &#8211; SKV Rot-Wei\u00df Darmstadt 1:1 (0:0)<\/span><\/h5>\n<p><img loading=\"lazy\" decoding=\"async\" class=\"alignnone size-full wp-image-598\" src=\"http:\/\/insideamateurfussball-ffm.de\/wp-content\/uploads\/2022\/06\/Dortelweil.jpg\" alt=\"\" width=\"80\" height=\"80\" \/><img loading=\"lazy\" decoding=\"async\" class=\"alignnone size-full wp-image-328\" src=\"http:\/\/insideamateurfussball-ffm.de\/wp-content\/uploads\/2022\/05\/RWDA.png\" alt=\"\" width=\"76\" height=\"80\" \/><\/p>\n<p><span style=\"font-size: 16px;\">Das Unentschieden gegen den Klassenprimus aus der Darmst\u00e4dter Heimst\u00e4ttensiedlung ging nach einer extrem kampfbetonten Partie in Ordnung. <\/span><\/p>\n<p><span style=\"font-size: 16px;\">Dortelweils Trainer G\u00fcltekin Cagritekin zeigte sich aber nur mit der Leistung in der zweiten Halbzeit zufrieden: &#8222;Vor der Pause haben wir uns extrem schwer getan, haben nicht richtig den Zugriff aufs Spiel gehabt. Da sind wir viel hinterher gelaufen, weil wir die einfachen Dinge, die vorgegeben waren, nicht umgesetzt haben.&#8220; Das \u00e4nderte sich nach dem Seitenwechsel. Einige taktische und personelle Korrekturen wie die Einwechslung von Masahito Morishima f\u00fcr Owen Lee Hare verbesserten das Offensivspiel. Dortelweil setzte die G\u00e4ste unter Druck, kam in wenigen Minuten zu drei Eckb\u00e4llen, die gef\u00e4hrliche Abschlussmomente hervorriefen.<\/span><\/p>\n<ul>\n<li><strong><span style=\"font-size: 16px;\">Schiedsrichter zeigt irrt\u00fcmlich dem falschen Trainer die Gelbe Karte<\/span><\/strong><\/li>\n<\/ul>\n<p><span style=\"font-size: 16px;\">&#8222;Da waren wir die dominantere, die bessere Mannschaft&#8220;, sagte Cagritekin. Der SCD-Coach hatte in der 65. Minute in einer skurrilen Szene die Gelbe Karte bekommen. Vorausgegangen war &#8222;Gelb&#8220; f\u00fcr Torwart Yannick R\u00fchl. Auf die Nachfrage beim Assistenten nach dem Grund, bekam Cagritekin aus 30 Metern nur die Worte &#8222;Du bekommst auch gleich Gelb&#8220; zu h\u00f6ren. Der Schiedsrichter eilte herbei, zeigte aber pl\u00f6tzlich dem verwunderten G\u00e4stetrainer Dominik Lohrer den Gelben Karton. Offensichtlich hatte er den Hinweis seines Assistenten falsch verstanden, nahm die Gelbe Karte gegen den Darmst\u00e4dter Trainer wieder zur\u00fcck und zeigte sie dem &#8222;richtigen Trainer&#8220;. W\u00e4hrend Lohrer \u00fcber die Episode schmunzeln konnte, war Cagritekin nicht zum Lachen zumute. <\/span><\/p>\n<p><span style=\"font-size: 16px;\">In der Schlussphase fielen dann doch noch Tore. Nach einer Ecke bekamen die Dortelweiler den Ball nicht aus der Gefahrenzone. Valentin Schweickert brachte den Gast in F\u00fchrung (79.). Ein bitterer Moment f\u00fcr Dortelweil, doch zu Beginn der Nachspielzeit rettete Philipp W\u00f6rner mit seinem Kopfballtor nach einem Freisto\u00df wenigstens noch den einen Punkt (90.+1). &#8222;Der R\u00fcckstand kam zu einem Zeitpunkt, als wir am Dr\u00fccker waren. Da muss ich der Mannschaft ein Kompliment machen, wie wir zur\u00fcckgekommen sind&#8220;, war Cagritekin erfreut. Sein Kollege Lohrer hatte ein &#8222;Spiel auf einem taktisch gutem Niveau gesehen. Beide Mannschaften haben diszipliniert verteidigt, sehr wenig zugelassen.&#8220; Nach dem spielfreien Sonntag geht es am Dienstag gegen das punktlose Schlusslicht FCA Darmstadt (20 Uhr).<\/span><\/p>\n<ul>\n<li><strong><span style=\"font-size: 16px;\">Schiedsrichter: Malte Kirschner (TSG Mainz-Kastel). <\/span><\/strong><\/li>\n<li><strong><span style=\"font-size: 16px;\">Zuschauer: 110. <\/span><\/strong><\/li>\n<li><strong><span style=\"font-size: 16px;\">Tore: 0:1 Valentin Schweickert (79.), 1:1 Philipp W\u00f6rner (90.\/+1).\u00a0 \u00a0<\/span><\/strong><\/li>\n<\/ul>\n","protected":false},"excerpt":{"rendered":"<p>Der SC Dortelweil setzte in der Verbandsliga S\u00fcd am Donnerstagabend seinen Aufw\u00e4rtstrend fort. Nach drei Siegen in Folge trotzten die Gr\u00fcn-Wei\u00dfen dem Tabellenf\u00fchrer SKV Rot-Wei\u00df Darmstadt vor 110 Zuschauern ein 1:1 (0:0) ab. SC Dortelweil &#8211; SKV Rot-Wei\u00df Darmstadt 1:1 (0:0) Das Unentschieden gegen den Klassenprimus aus der Darmst\u00e4dter Heimst\u00e4ttensiedlung ging nach einer extrem kampfbetonten [&hellip;]<\/p>\n","protected":false},"author":1,"featured_media":28358,"comment_status":"closed","ping_status":"closed","sticky":true,"template":"","format":"standard","meta":{"footnotes":""},"categories":[10],"tags":[],"class_list":["post-28357","post","type-post","status-publish","format-standard","has-post-thumbnail","hentry","category-verbandsliga-sued"],"_links":{"self":[{"href":"https:\/\/insideamateurfussball-ffm.de\/index.php?rest_route=\/wp\/v2\/posts\/28357","targetHints":{"allow":["GET"]}}],"collection":[{"href":"https:\/\/insideamateurfussball-ffm.de\/index.php?rest_route=\/wp\/v2\/posts"}],"about":[{"href":"https:\/\/insideamateurfussball-ffm.de\/index.php?rest_route=\/wp\/v2\/types\/post"}],"author":[{"embeddable":true,"href":"https:\/\/insideamateurfussball-ffm.de\/index.php?rest_route=\/wp\/v2\/users\/1"}],"replies":[{"embeddable":true,"href":"https:\/\/insideamateurfussball-ffm.de\/index.php?rest_route=%2Fwp%2Fv2%2Fcomments&post=28357"}],"version-history":[{"count":1,"href":"https:\/\/insideamateurfussball-ffm.de\/index.php?rest_route=\/wp\/v2\/posts\/28357\/revisions"}],"predecessor-version":[{"id":28359,"href":"https:\/\/insideamateurfussball-ffm.de\/index.php?rest_route=\/wp\/v2\/posts\/28357\/revisions\/28359"}],"wp:featuredmedia":[{"embeddable":true,"href":"https:\/\/insideamateurfussball-ffm.de\/index.php?rest_route=\/wp\/v2\/media\/28358"}],"wp:attachment":[{"href":"https:\/\/insideamateurfussball-ffm.de\/index.php?rest_route=%2Fwp%2Fv2%2Fmedia&parent=28357"}],"wp:term":[{"taxonomy":"category","embeddable":true,"href":"https:\/\/insideamateurfussball-ffm.de\/index.php?rest_route=%2Fwp%2Fv2%2Fcategories&post=28357"},{"taxonomy":"post_tag","embeddable":true,"href":"https:\/\/insideamateurfussball-ffm.de\/index.php?rest_route=%2Fwp%2Fv2%2Ftags&post=28357"}],"curies":[{"name":"wp","href":"https:\/\/api.w.org\/{rel}","templated":true}]}}