{"id":28354,"date":"2025-10-03T00:37:44","date_gmt":"2025-10-02T23:37:44","guid":{"rendered":"https:\/\/insideamateurfussball-ffm.de\/?p=28354"},"modified":"2025-10-03T00:37:44","modified_gmt":"2025-10-02T23:37:44","slug":"trainerwechsel-in-zeilsheim-im-pokal-mit-b-elf","status":"publish","type":"post","link":"https:\/\/insideamateurfussball-ffm.de\/?p=28354","title":{"rendered":"Trainerwechsel in Zeilsheim: im Pokal mit B-Elf"},"content":{"rendered":"<h5><span style=\"font-size: 16px;\">Turbulente Tage beim SV Zeilsheim: Erst wurde beim Frankfurter Mitte-Verbandsligisten Co-Trainer Benjamin Apidopoulos entlassen, dann traf es Cheftrainer Alexander Konjevic.\u00a0<\/span><\/h5>\n<figure id=\"attachment_26580\" aria-describedby=\"caption-attachment-26580\" style=\"width: 652px\" class=\"wp-caption alignleft\"><img loading=\"lazy\" decoding=\"async\" class=\"wp-image-26580\" src=\"http:\/\/insideamateurfussball-ffm.de\/wp-content\/uploads\/2025\/07\/zeilsheimbronheim02-1024x768.jpg\" alt=\"\" width=\"652\" height=\"489\" srcset=\"https:\/\/insideamateurfussball-ffm.de\/wp-content\/uploads\/2025\/07\/zeilsheimbronheim02-1024x768.jpg 1024w, https:\/\/insideamateurfussball-ffm.de\/wp-content\/uploads\/2025\/07\/zeilsheimbronheim02-300x225.jpg 300w, https:\/\/insideamateurfussball-ffm.de\/wp-content\/uploads\/2025\/07\/zeilsheimbronheim02-768x576.jpg 768w, https:\/\/insideamateurfussball-ffm.de\/wp-content\/uploads\/2025\/07\/zeilsheimbronheim02-1536x1152.jpg 1536w, https:\/\/insideamateurfussball-ffm.de\/wp-content\/uploads\/2025\/07\/zeilsheimbronheim02.jpg 2016w\" sizes=\"auto, (max-width: 652px) 100vw, 652px\" \/><figcaption id=\"caption-attachment-26580\" class=\"wp-caption-text\">In Zeilsheim gab es einen Trainerwechsel. Foto: Archiv Andre Sturmeit.<\/figcaption><\/figure>\n<p><span style=\"font-size: 16px;\"><img loading=\"lazy\" decoding=\"async\" class=\"alignnone size-full wp-image-1153\" src=\"http:\/\/insideamateurfussball-ffm.de\/wp-content\/uploads\/2022\/07\/SVZe.jpg\" alt=\"\" width=\"68\" height=\"80\" \/><\/span><\/p>\n<p><span style=\"font-size: 16px;\">Der hoch gehandelte Verein bleibt in dieser Saison stark unter den Erwartungen. Zehn Punkte aus zehn Spielen &#8211; Rang 13. Das ist zu wenig f\u00fcr die Zeilsheimer Anspr\u00fcche. Die da lauten: Oben mitspielen, m\u00f6glichst aufsteigen in die Hessenliga. <\/span><\/p>\n<p><span style=\"font-size: 16px;\">Zudem gab es zuletzt einige merkw\u00fcrdige Begebenheiten rund um die Lenzenbergstra\u00dfe. &#8222;Wir hatten die Hoffnung, dass eine Reaktion aus der Mannschaft kommt&#8220;, sagte der Vereinsvorsitzende Peter Strauch zur un\u00fcblichen Entlassung des Co-Trainers.<\/span><\/p>\n<ul>\n<li><strong><span style=\"font-size: 16px;\">Verbale Entgleisungen f\u00fchren zu Platzverweisen\u00a0<\/span><\/strong><\/li>\n<\/ul>\n<p><span style=\"font-size: 16px;\">Das sorgte allenthalben f\u00fcr Verwunderung und &#8222;die Wirkung wurde leider verfehlt&#8220;, wie Strauch nach dem 0:2 beim TSV Wiesbaden formulierte. Nach diesem Spiel sagte der Pr\u00e4sident noch, dass Chefcoach Konjevic auch im Heimspiel am Freitag gegen den TuS Dietkirchen (15.30 Uhr) auf der Bank Platz nehmen werde. Am Mittwoch musste Strauch zur\u00fcckrudern, denn nach einem Gespr\u00e4ch mit Konjevic kam man zu dem Konsens, dass &#8222;es besser w\u00e4re, wenn es ohne ihn weiter geht.&#8220; Zuletzt hatte es verbale Entgleisungen gegeben, die sich negativ bemerkbar machten. Oliver Ruklic flog gegen Juno Burg wegen Meckerns mit Gelb-Rot vom Platz. Einem Skandal kam das Benehmen des Spielers Dino Kurbegovic gleich, der in Wiesbaden den eigenen Torwarttrainer Josip Galic beleidigte, was der Schiedsrichter h\u00f6rte und den Akteur mit der Roten Karte bedachte. <\/span><\/p>\n<p><span style=\"font-size: 16px;\">&#8222;Weiter geht es jetzt erstmal mit einer internen L\u00f6sung&#8220;, lie\u00df Strauch verlautbaren. Und diese hei\u00dft Robert Schick. Der ehemalige Profi beim FSV Frankfurt, zuletzt beim FC Bayern Alzenau aktiv und als Athletiktrainer involviert, war bereits vorher ins Trainerteam geholt worden und soll gemeinsam mit dem Zweiten Vorsitzenden Viktor Wagner gegen Dietkirchen an der Seitenlinie stehen. Diese Aufgabe \u00fcbernahm Pr\u00e4sident Strauch h\u00f6chstpers\u00f6nlich beim 7:0-Erfolg in der 2. Runde des Kreispokals Main-Taunus beim B-Ligisten SV Fischbach. Dort lief eine bessere 2. Mannschaft auf, die problemlos die n\u00e4chste Runde erreichte.\u00a0<\/span><\/p>\n","protected":false},"excerpt":{"rendered":"<p>Turbulente Tage beim SV Zeilsheim: Erst wurde beim Frankfurter Mitte-Verbandsligisten Co-Trainer Benjamin Apidopoulos entlassen, dann traf es Cheftrainer Alexander Konjevic.\u00a0 Der hoch gehandelte Verein bleibt in dieser Saison stark unter den Erwartungen. Zehn Punkte aus zehn Spielen &#8211; Rang 13. Das ist zu wenig f\u00fcr die Zeilsheimer Anspr\u00fcche. Die da lauten: Oben mitspielen, m\u00f6glichst aufsteigen [&hellip;]<\/p>\n","protected":false},"author":1,"featured_media":26580,"comment_status":"closed","ping_status":"closed","sticky":true,"template":"","format":"standard","meta":{"footnotes":""},"categories":[32],"tags":[],"class_list":["post-28354","post","type-post","status-publish","format-standard","has-post-thumbnail","hentry","category-verbandsliga-mitte"],"_links":{"self":[{"href":"https:\/\/insideamateurfussball-ffm.de\/index.php?rest_route=\/wp\/v2\/posts\/28354","targetHints":{"allow":["GET"]}}],"collection":[{"href":"https:\/\/insideamateurfussball-ffm.de\/index.php?rest_route=\/wp\/v2\/posts"}],"about":[{"href":"https:\/\/insideamateurfussball-ffm.de\/index.php?rest_route=\/wp\/v2\/types\/post"}],"author":[{"embeddable":true,"href":"https:\/\/insideamateurfussball-ffm.de\/index.php?rest_route=\/wp\/v2\/users\/1"}],"replies":[{"embeddable":true,"href":"https:\/\/insideamateurfussball-ffm.de\/index.php?rest_route=%2Fwp%2Fv2%2Fcomments&post=28354"}],"version-history":[{"count":2,"href":"https:\/\/insideamateurfussball-ffm.de\/index.php?rest_route=\/wp\/v2\/posts\/28354\/revisions"}],"predecessor-version":[{"id":28356,"href":"https:\/\/insideamateurfussball-ffm.de\/index.php?rest_route=\/wp\/v2\/posts\/28354\/revisions\/28356"}],"wp:featuredmedia":[{"embeddable":true,"href":"https:\/\/insideamateurfussball-ffm.de\/index.php?rest_route=\/wp\/v2\/media\/26580"}],"wp:attachment":[{"href":"https:\/\/insideamateurfussball-ffm.de\/index.php?rest_route=%2Fwp%2Fv2%2Fmedia&parent=28354"}],"wp:term":[{"taxonomy":"category","embeddable":true,"href":"https:\/\/insideamateurfussball-ffm.de\/index.php?rest_route=%2Fwp%2Fv2%2Fcategories&post=28354"},{"taxonomy":"post_tag","embeddable":true,"href":"https:\/\/insideamateurfussball-ffm.de\/index.php?rest_route=%2Fwp%2Fv2%2Ftags&post=28354"}],"curies":[{"name":"wp","href":"https:\/\/api.w.org\/{rel}","templated":true}]}}