{"id":28344,"date":"2025-10-02T15:49:57","date_gmt":"2025-10-02T14:49:57","guid":{"rendered":"https:\/\/insideamateurfussball-ffm.de\/?p=28344"},"modified":"2025-10-02T15:53:07","modified_gmt":"2025-10-02T14:53:07","slug":"kalbach-im-achtelfinale-erste-tore-von-covaci","status":"publish","type":"post","link":"https:\/\/insideamateurfussball-ffm.de\/?p=28344","title":{"rendered":"Kalbach im Achtelfinale: Erste Tore von Covaci"},"content":{"rendered":"<h5><span style=\"font-size: 16px;\">Nach einer langen Spielpause von 17 Tagen absolvierte Verbandsliga-Aufsteiger FC Kalbach wieder ein Pflichtspiel. Im Kreispokalspiel der 2. Runde setzte sich das Team von Trainer Aaz-Dine Zarioh mit 3:0 (0:0) beim Gruppenligisten TSKV T\u00fcrkg\u00fcc\u00fc Frankfurt durch und bekommt es im Achtelfinale mit dem A-Klassisten FC Heisenrath Goldstein zu tun.\u00a0<\/span><\/h5>\n<figure id=\"attachment_28345\" aria-describedby=\"caption-attachment-28345\" style=\"width: 652px\" class=\"wp-caption alignleft\"><img loading=\"lazy\" decoding=\"async\" class=\"wp-image-28345\" src=\"http:\/\/insideamateurfussball-ffm.de\/wp-content\/uploads\/2025\/10\/Tuerk-Kal-1024x768.jpg\" alt=\"\" width=\"652\" height=\"489\" srcset=\"https:\/\/insideamateurfussball-ffm.de\/wp-content\/uploads\/2025\/10\/Tuerk-Kal-1024x768.jpg 1024w, https:\/\/insideamateurfussball-ffm.de\/wp-content\/uploads\/2025\/10\/Tuerk-Kal-300x225.jpg 300w, https:\/\/insideamateurfussball-ffm.de\/wp-content\/uploads\/2025\/10\/Tuerk-Kal-768x576.jpg 768w, https:\/\/insideamateurfussball-ffm.de\/wp-content\/uploads\/2025\/10\/Tuerk-Kal-1536x1152.jpg 1536w, https:\/\/insideamateurfussball-ffm.de\/wp-content\/uploads\/2025\/10\/Tuerk-Kal.jpg 2048w\" sizes=\"auto, (max-width: 652px) 100vw, 652px\" \/><figcaption id=\"caption-attachment-28345\" class=\"wp-caption-text\">Dank LED-Flutlicht gute Sicht auf dem neuen Rebstock-Kunstrasen. Foto: PA.<\/figcaption><\/figure>\n<h5><span style=\"font-size: 16px;\">TSKV T\u00fcrkg\u00fcc\u00fc Frankfurt &#8211; FC Kalbach 0:3 (0:0)<\/span><\/h5>\n<p><img loading=\"lazy\" decoding=\"async\" class=\"alignnone size-full wp-image-17\" src=\"http:\/\/insideamateurfussball-ffm.de\/wp-content\/uploads\/2021\/11\/Tuerkguecue.jpg\" alt=\"\" width=\"72\" height=\"80\" \/><img loading=\"lazy\" decoding=\"async\" class=\"alignnone size-full wp-image-16\" src=\"http:\/\/insideamateurfussball-ffm.de\/wp-content\/uploads\/2021\/11\/kalbach-wappen.jpg\" alt=\"\" width=\"80\" height=\"80\" \/><\/p>\n<p><span style=\"font-size: 16px;\">Der Weg vom Funktionsgeb\u00e4ude zum neuen Kunstrasenplatz verl\u00e4uft \u00fcber die dunkle Tartanbahn. Angekommen am &#8222;neuen Ground&#8220; erstrahlt aber ein helles LED-Flutlicht. <\/span><\/p>\n<p><span style=\"font-size: 16px;\">T\u00fcrkg\u00fcc\u00fc in hellblauer Spielkleidung, die Kalbacher ganz in wei\u00df &#8211; beide wollten im Pokal eine Runde weiter kommen, nachdem sie in Runde eins kampflos weitergekommen waren. B-Ligist FFC Victoria trat gegen T\u00fcrkg\u00fcc\u00fc nicht an &#8211; gleiches war bei C-Klasse-Neuling FC Markaz der Fall. Nun gaben beide Teams &#8211; wie im Pokal \u00fcblich &#8211; einigen Spielern Einsatzminuten, die sonst nicht die erste Geige spielen. Dennoch war gleich Zug in der kampfbetonten Begegnung. Der Kalbacher Nikolaos Savoulidis traf nach einer Ecke den Pfosten (9.). Auf der Gegenseite versuchte es Kapit\u00e4n Emre Kadimli mit einem Schuss aus 50 Metern, der knapp vorbei ging. Sein Spielf\u00fchrer-Kollege Achraf Gara Ali, in dieser Saison was Tore angeht noch auf Sparflamme kochend, traf kurz vor der Pause den Pfosten.<\/span><\/p>\n<ul>\n<li><strong><span style=\"font-size: 16px;\">Kalbach: Nach 69 Minuten schon f\u00fcnf Wechsel<\/span><\/strong><\/li>\n<\/ul>\n<p><span style=\"font-size: 16px;\">Kalbach kam entschlossener nach dem Seitenwechsel raus, ging nach 90 Sekunden durch einen Schuss aus dem Hintergrund durch Jonas L\u00f6ffler in F\u00fchrung (47.) Die G\u00e4ste hatten zweimal zur Pause, darunter auch auf der Torwartposition gewechselt, w\u00e4hrend bei den Gastgebern nach 54 Minuten Sturmikone Murat Tiryaki das Spielfeld betrat. Chancen gab es aber zun\u00e4chst nur auf Kalbacher Seite. Der Japaner Shuto Ishino nahm den Ball volley im Strafraum ab, genau in die Arme von TSKV-Torh\u00fcter Maxim Schwab. Nach 69 Minuten hatte Kalbach sein Auswechselkontingent ersch\u00f6pft, bei einer etwaigen Verletzung h\u00e4tte man in Unterzahl spielen m\u00fcssen. Es kam zuletzt in Cristofor Covaci ein Deb\u00fctant, ein aus der U19 von K\u00f6nigstein gekommener St\u00fcrmer. Erst vergab er kl\u00e4glich eine Riesenchance, dann aber gelangen ihm noch zwei sch\u00f6ne Tore (85.\/90.+3), die dem Jungen Selbstvertrauen f\u00fcr weitere Eins\u00e4tze geben d\u00fcrften.\u00a0<\/span><\/p>\n<p><span style=\"font-size: 16px;\">&#8222;Wir wollten weiter kommen, das war von Anfang an klar. Wir wollten gegen den klassentieferen Gegner mit drei Toren Abstand gewinnen, das ist uns auch gelungen. Es hat sich keiner verletzt, war ein gutes Trainingsspiel. Wir hatten f\u00fcnf Chancen im ersten Abschnitt, aber auch T\u00fcrkg\u00fcc\u00fc kam zweimal gef\u00e4hrlich vor unser Tor. Wenn da eins f\u00e4llt, wird es ein typisches Pokalspiel, wo man zittern muss. Hintenraus haben wir dominant gespielt, alle durften ran. Auch die jungen und die Urlauber. Jetzt geht\u00b4s Sonntag in der Liga gegen den 1. FC Langen weiter&#8220;, sagte Kalbachs Trainer Aaz-Dine Zarioh. TSKV-Trainer Murtaza Taher fand: &#8222;Wir haben lange dagegen gehalten. Die Einstellung und Mentalit\u00e4t war gegeben. Sie wollten unbedingt, aber das Thema Chancenverwertung ist generell ein Problem. Kalbach hat mit gutem Fu\u00dfball verdient gewonnen. Wir m\u00fcssen uns auf die Liga konzentrieren und den Abstiegskampf annehmen.&#8220; Hier geht es am Sonntag im Heimspiel gegen den \u00fcberraschend bis an das Tabellenende abgest\u00fcrzten sieglosen Verbandsliga-Absteiger SKV Beienheim weiter.\u00a0<\/span><\/p>\n<ul>\n<li><strong><span style=\"font-size: 16px;\"> Schiedsrichter: Siar Djamsched (FG Seckbach). <\/span><\/strong><\/li>\n<li><strong><span style=\"font-size: 16px;\">Zuschauer: 62. <\/span><\/strong><\/li>\n<li><strong><span style=\"font-size: 16px;\">Tore: 0:1 Jonas L\u00f6ffler (47.), 0:2, 0:3 Cristofor Covaci (85.\/90.+3). <\/span><\/strong><span style=\"font-size: 16px;\">\u00a0<\/span><\/li>\n<\/ul>\n<h5><\/h5>\n","protected":false},"excerpt":{"rendered":"<p>Nach einer langen Spielpause von 17 Tagen absolvierte Verbandsliga-Aufsteiger FC Kalbach wieder ein Pflichtspiel. Im Kreispokalspiel der 2. Runde setzte sich das Team von Trainer Aaz-Dine Zarioh mit 3:0 (0:0) beim Gruppenligisten TSKV T\u00fcrkg\u00fcc\u00fc Frankfurt durch und bekommt es im Achtelfinale mit dem A-Klassisten FC Heisenrath Goldstein zu tun.\u00a0 TSKV T\u00fcrkg\u00fcc\u00fc Frankfurt &#8211; FC Kalbach [&hellip;]<\/p>\n","protected":false},"author":1,"featured_media":28345,"comment_status":"closed","ping_status":"closed","sticky":true,"template":"","format":"standard","meta":{"footnotes":""},"categories":[9],"tags":[],"class_list":["post-28344","post","type-post","status-publish","format-standard","has-post-thumbnail","hentry","category-kreispokal"],"_links":{"self":[{"href":"https:\/\/insideamateurfussball-ffm.de\/index.php?rest_route=\/wp\/v2\/posts\/28344","targetHints":{"allow":["GET"]}}],"collection":[{"href":"https:\/\/insideamateurfussball-ffm.de\/index.php?rest_route=\/wp\/v2\/posts"}],"about":[{"href":"https:\/\/insideamateurfussball-ffm.de\/index.php?rest_route=\/wp\/v2\/types\/post"}],"author":[{"embeddable":true,"href":"https:\/\/insideamateurfussball-ffm.de\/index.php?rest_route=\/wp\/v2\/users\/1"}],"replies":[{"embeddable":true,"href":"https:\/\/insideamateurfussball-ffm.de\/index.php?rest_route=%2Fwp%2Fv2%2Fcomments&post=28344"}],"version-history":[{"count":7,"href":"https:\/\/insideamateurfussball-ffm.de\/index.php?rest_route=\/wp\/v2\/posts\/28344\/revisions"}],"predecessor-version":[{"id":28353,"href":"https:\/\/insideamateurfussball-ffm.de\/index.php?rest_route=\/wp\/v2\/posts\/28344\/revisions\/28353"}],"wp:featuredmedia":[{"embeddable":true,"href":"https:\/\/insideamateurfussball-ffm.de\/index.php?rest_route=\/wp\/v2\/media\/28345"}],"wp:attachment":[{"href":"https:\/\/insideamateurfussball-ffm.de\/index.php?rest_route=%2Fwp%2Fv2%2Fmedia&parent=28344"}],"wp:term":[{"taxonomy":"category","embeddable":true,"href":"https:\/\/insideamateurfussball-ffm.de\/index.php?rest_route=%2Fwp%2Fv2%2Fcategories&post=28344"},{"taxonomy":"post_tag","embeddable":true,"href":"https:\/\/insideamateurfussball-ffm.de\/index.php?rest_route=%2Fwp%2Fv2%2Ftags&post=28344"}],"curies":[{"name":"wp","href":"https:\/\/api.w.org\/{rel}","templated":true}]}}