{"id":28341,"date":"2025-10-01T18:17:21","date_gmt":"2025-10-01T17:17:21","guid":{"rendered":"https:\/\/insideamateurfussball-ffm.de\/?p=28341"},"modified":"2025-10-03T03:01:37","modified_gmt":"2025-10-03T02:01:37","slug":"kosova-hat-nach-gegentoren-schnell-eine-antwort","status":"publish","type":"post","link":"https:\/\/insideamateurfussball-ffm.de\/?p=28341","title":{"rendered":"Kosova hat nach Gegentoren schnell eine Antwort"},"content":{"rendered":"<h5><span style=\"font-size: 16px;\">Immer wenn Kreisoberligist 1. R\u00f6delheimer FC 02 im Pokalspiel gegen Gruppenliga-Aufsteiger FC Kosova ausgleichen konnte, hatten die G\u00e4ste eine schnelle Antwort parat. Erst gegen Ende verkauften sich die Hausherren unter Wert gegen einen Gegner, bei dem die Handschrift des neuen Trainers Erc\u00fcment Sahin immer erkennbarer wird.\u00a0\u00a0<\/span><\/h5>\n<figure id=\"attachment_28342\" aria-describedby=\"caption-attachment-28342\" style=\"width: 654px\" class=\"wp-caption alignleft\"><img loading=\"lazy\" decoding=\"async\" class=\"wp-image-28342\" src=\"http:\/\/insideamateurfussball-ffm.de\/wp-content\/uploads\/2025\/10\/Roe-Kos-1024x577.jpg\" alt=\"\" width=\"654\" height=\"368\" srcset=\"https:\/\/insideamateurfussball-ffm.de\/wp-content\/uploads\/2025\/10\/Roe-Kos-1024x577.jpg 1024w, https:\/\/insideamateurfussball-ffm.de\/wp-content\/uploads\/2025\/10\/Roe-Kos-300x169.jpg 300w, https:\/\/insideamateurfussball-ffm.de\/wp-content\/uploads\/2025\/10\/Roe-Kos-768x432.jpg 768w, https:\/\/insideamateurfussball-ffm.de\/wp-content\/uploads\/2025\/10\/Roe-Kos-1536x865.jpg 1536w, https:\/\/insideamateurfussball-ffm.de\/wp-content\/uploads\/2025\/10\/Roe-Kos.jpg 2048w\" sizes=\"auto, (max-width: 654px) 100vw, 654px\" \/><figcaption id=\"caption-attachment-28342\" class=\"wp-caption-text\">Kosova in schwarz-rot zog ins Achtelfinale ein. Foto: PA.<\/figcaption><\/figure>\n<h5><span style=\"font-size: 16px;\">1. R\u00f6delheimer FC 02 &#8211; FC Kosova 2:7 (0:1)<\/span><\/h5>\n<p><img loading=\"lazy\" decoding=\"async\" class=\"alignnone size-full wp-image-932\" src=\"http:\/\/insideamateurfussball-ffm.de\/wp-content\/uploads\/2022\/06\/Roedelheim.jpg\" alt=\"\" width=\"80\" height=\"73\" \/><img loading=\"lazy\" decoding=\"async\" class=\"alignnone size-full wp-image-9\" src=\"http:\/\/insideamateurfussball-ffm.de\/wp-content\/uploads\/2021\/11\/Kosova.jpg\" alt=\"\" width=\"65\" height=\"80\" \/><\/p>\n<p><span style=\"font-size: 16px;\">Beide Vereine hatten in der 1. Runde nicht gespielt. R\u00f6delheim zog per Freilos in Runde zwei ein. Kosovas Gegner MKSV Makedonija wollte sich nicht messen und gab das Spiel kampflos ab. <\/span><\/p>\n<p><span style=\"font-size: 16px;\">R\u00f6delheim bot gegen den letztj\u00e4hrigen Ligakonkurrenten lange Paroli, musste aber fr\u00fch nach einem Foul von Raisi Zalla, der vorgab auf dem Kunstrasen weggerutscht zu sein, auf Ali Osman verzichtet. Der blieb vor Schmerzen aufschreiend liegen, musste behandelt werden und konnte nicht mehr weiter spielen. Kosova war bis dahin noch nicht so spielbestimmend, ging aber durch Jeffry Nimako in F\u00fchrung (30.), hatte noch zwei Pfostensch\u00fcsse durch Faton Ademi (17.) und Zalla (45.). In der Halbzeit gerieten die beiden Kapit\u00e4ne Teklu Tewelde (R\u00f6delheim) und Rejan Dervisholli (Kosova) verbal aneinander und kassierten f\u00fcr dieses unsportliche Verhalten jeweils die Gelbe Karte. Nach dem Seitenwechsel die beste Phase des RFC, der durch Jakob Nobbe zum Ausgleich kam (53.).<\/span><\/p>\n<ul>\n<li><strong><span style=\"font-size: 16px;\">Gegen Ende verkauft sich R\u00f6delheim unter Wert<\/span><\/strong><\/li>\n<\/ul>\n<p><span style=\"font-size: 16px;\">Aber wie schon erw\u00e4hnt Kosova im Gegenzug vollendete Ademi (54.). Wieder kam R\u00f6delheim auf, diesmal mit dem eingewechselten Philipp Zajonz (69.). Und wieder Konter Kosova, Nimako zog ab. RFC-Tormann Theo Wedel klatschte ab und Ademi traf zum 2:3 (70.). Gegen Ende verkaufte sich R\u00f6delheim unter Wert, Kosova zog an und markierte noch vier blitzsaubere Tore durch Perparim Islami (77.), Samir Ramadani (81.\/83.) und den Japaner Ren Aizawa (89.). Gegner im Achtelfinale ist dann KOL-Aufsteiger Germania Ginnheim. RFC-Trainer Arazm Saghafi sagte: &#8222;Unter Wert verkauft, was das Ergebnis angeht, w\u00fcrde ich unterstreichen. Wir haben f\u00fcr unsere Verh\u00e4ltnisse gut dagegen gehalten, schaffen zweimal den Ausgleich, kassieren aber gleich nach einer Minute das Gegentor &#8211; unerkl\u00e4rlich! Dass wir am Ende 2:7 verlieren liegt am Gegner, der individuelle Klasse hat. Wir machen zu einfache Fehler, sind aber trotzdem zufrieden. Spieler haben nach langer Zeit Spielzeit bekommen, um sie an die erste Elf ranzukriegen.&#8220; <\/span><\/p>\n<p><span style=\"font-size: 16px;\">Kosova-Trainer Erc\u00fcment Sahin war stolz auf sein Team: &#8222;Ziel war es, nach der guten Leistung vom Sonntag am Montag wieder mit der selben k\u00f6rperlichen Verfassung ins Training zu gehen. Wir wollten trotz schwerer Beine noch mehr Mentalit\u00e4t und Willen reinpacken. Trotz dieser Ersch\u00f6pfung wollten wir dem Vorstand und den Fans zeigen: Die Mannschaft lebt. Wir haben neue Spieler dazu gebracht, die gute Backups werden k\u00f6nnen. Wir arbeiten an Neuzug\u00e4ngen und Verst\u00e4rkungen. Die Mentalit\u00e4t ist das A und O. Unser Hauptziel war den Klassenunterschied fix zu machen gegen einen starken Gegner. Wie meine Mannschaft zur\u00fcckgekommen ist, das war genial. Wir sind auf einem guten Weg.&#8220; R\u00f6delheim soielt Sonntag bei der GSU Hellas (17 Uhr). Kosova reist in die Wetterau zum Rangzweiten T\u00fcrkischer SV Bad Nauheim (15.30 Uhr).\u00a0<\/span><\/p>\n<ul>\n<li><span style=\"font-size: 16px;\"><strong>Schiedsrichter: Youssef Taouil (Spvgg. 03 Fechenheim). <\/strong><\/span><\/li>\n<li><span style=\"font-size: 16px;\"><strong>Zuschauer: 56. <\/strong><\/span><\/li>\n<li><span style=\"font-size: 16px;\"><strong>Tore: 0:1 Jeffry Nimako (30.), 1:1 Jakob Nobbe (53.), 1:2 Faton Ademi (54.), 2:2 Philipp Zajonz (69.), 2:3 Faton Ademi (70.), 2:4 Perparim Islami (77.), 2:5, 2:6 Samir Ramadani (81.\/83.), 2:7 Ren Aizawa (89.). <\/strong>\u00a0 \u00a0<\/span><\/li>\n<\/ul>\n","protected":false},"excerpt":{"rendered":"<p>Immer wenn Kreisoberligist 1. R\u00f6delheimer FC 02 im Pokalspiel gegen Gruppenliga-Aufsteiger FC Kosova ausgleichen konnte, hatten die G\u00e4ste eine schnelle Antwort parat. Erst gegen Ende verkauften sich die Hausherren unter Wert gegen einen Gegner, bei dem die Handschrift des neuen Trainers Erc\u00fcment Sahin immer erkennbarer wird.\u00a0\u00a0 1. R\u00f6delheimer FC 02 &#8211; FC Kosova 2:7 (0:1) [&hellip;]<\/p>\n","protected":false},"author":1,"featured_media":28342,"comment_status":"closed","ping_status":"closed","sticky":true,"template":"","format":"standard","meta":{"footnotes":""},"categories":[9],"tags":[],"class_list":["post-28341","post","type-post","status-publish","format-standard","has-post-thumbnail","hentry","category-kreispokal"],"_links":{"self":[{"href":"https:\/\/insideamateurfussball-ffm.de\/index.php?rest_route=\/wp\/v2\/posts\/28341","targetHints":{"allow":["GET"]}}],"collection":[{"href":"https:\/\/insideamateurfussball-ffm.de\/index.php?rest_route=\/wp\/v2\/posts"}],"about":[{"href":"https:\/\/insideamateurfussball-ffm.de\/index.php?rest_route=\/wp\/v2\/types\/post"}],"author":[{"embeddable":true,"href":"https:\/\/insideamateurfussball-ffm.de\/index.php?rest_route=\/wp\/v2\/users\/1"}],"replies":[{"embeddable":true,"href":"https:\/\/insideamateurfussball-ffm.de\/index.php?rest_route=%2Fwp%2Fv2%2Fcomments&post=28341"}],"version-history":[{"count":3,"href":"https:\/\/insideamateurfussball-ffm.de\/index.php?rest_route=\/wp\/v2\/posts\/28341\/revisions"}],"predecessor-version":[{"id":28361,"href":"https:\/\/insideamateurfussball-ffm.de\/index.php?rest_route=\/wp\/v2\/posts\/28341\/revisions\/28361"}],"wp:featuredmedia":[{"embeddable":true,"href":"https:\/\/insideamateurfussball-ffm.de\/index.php?rest_route=\/wp\/v2\/media\/28342"}],"wp:attachment":[{"href":"https:\/\/insideamateurfussball-ffm.de\/index.php?rest_route=%2Fwp%2Fv2%2Fmedia&parent=28341"}],"wp:term":[{"taxonomy":"category","embeddable":true,"href":"https:\/\/insideamateurfussball-ffm.de\/index.php?rest_route=%2Fwp%2Fv2%2Fcategories&post=28341"},{"taxonomy":"post_tag","embeddable":true,"href":"https:\/\/insideamateurfussball-ffm.de\/index.php?rest_route=%2Fwp%2Fv2%2Ftags&post=28341"}],"curies":[{"name":"wp","href":"https:\/\/api.w.org\/{rel}","templated":true}]}}