{"id":28338,"date":"2025-10-01T17:45:17","date_gmt":"2025-10-01T16:45:17","guid":{"rendered":"https:\/\/insideamateurfussball-ffm.de\/?p=28338"},"modified":"2025-10-01T17:45:17","modified_gmt":"2025-10-01T16:45:17","slug":"seckbach-mit-kantersieg-ins-achtelfinale","status":"publish","type":"post","link":"https:\/\/insideamateurfussball-ffm.de\/?p=28338","title":{"rendered":"Seckbach mit Kantersieg ins Achtelfinale"},"content":{"rendered":"<h5><span style=\"font-size: 16px;\">Titelverteidiger FG Seckbach hat souver\u00e4n das Achtelfinale im Kreispokal erreicht. Beim Kreisoberliga-Aufsteiger GSU Hellas gelang dem Gruppenligisten ein 8:2-Kantersieg. In der n\u00e4chsten Runde kommt es zur Neuauflage des letztj\u00e4hrigen Zweitrundenspiels gegen Verbandsligist Rot-Weiss Frankfurt, wo die FGS mit dem 4:2 den Grundstein zum sp\u00e4teren erstmaligen Pokalsieg legte.\u00a0<\/span><\/h5>\n<figure id=\"attachment_28339\" aria-describedby=\"caption-attachment-28339\" style=\"width: 150px\" class=\"wp-caption alignleft\"><img loading=\"lazy\" decoding=\"async\" class=\"wp-image-28339 size-thumbnail\" src=\"http:\/\/insideamateurfussball-ffm.de\/wp-content\/uploads\/2025\/10\/pok9-2-150x150.jpg\" alt=\"\" width=\"150\" height=\"150\" \/><figcaption id=\"caption-attachment-28339\" class=\"wp-caption-text\">Florian Schuberth und Milad Wardak nahmen auf der Bank Platz. Foto: Archiv Mithat G\u00fcrser.\u00a0\u00a0<\/figcaption><\/figure>\n<h5><span style=\"font-size: 16px;\">GSU Hellas &#8211; FG Seckbach 2:8 (1:5)<\/span><\/h5>\n<p><img loading=\"lazy\" decoding=\"async\" class=\"alignnone size-full wp-image-17152\" src=\"http:\/\/insideamateurfussball-ffm.de\/wp-content\/uploads\/2024\/03\/GSU-Hellas.png\" alt=\"\" width=\"80\" height=\"80\" \/><img loading=\"lazy\" decoding=\"async\" class=\"alignnone size-full wp-image-544\" src=\"http:\/\/insideamateurfussball-ffm.de\/wp-content\/uploads\/2022\/06\/Seckbach.jpg\" alt=\"\" width=\"80\" height=\"80\" \/><\/p>\n<p><span style=\"font-size: 16px;\">Gespielt wurde auf Kunstrasen an der Hahnstra\u00dfe in Niederrad, wo die Griechen auch ihre Ligaheimspiele austragen. Obwohl die G\u00e4ste personell stark rotierten, war Seckbach hoch \u00fcberlegen und das machte sich nach 34 Minuten schon im Spielstand bemerkbar. Jafet Tekue Schergish (1.), Raphael Sahl (3.), Shuya Harada (22.), Yannik Siering (23.) und Theo Geissler (34.) hatten schon ein 5:0 vorgelegt. <\/span><\/p>\n<p><span style=\"font-size: 16px;\">Dann musste auch noch GSU-Akteur Yannis Vavrik mit der Gelb-Roten Karte nach einer Unsportlichkeit und einem Foulspiel vom Platz (37.). In Unterzahl verk\u00fcrzten die Hellenen mit einem Weitschuss durch Ihor Lokhno auf 1:5 (43.).<\/span><\/p>\n<ul>\n<li><span style=\"font-size: 16px;\"><strong>GSU Hellas: Priorit\u00e4t auf dem Ligaspiel gegen R\u00f6delheim<\/strong><\/span><\/li>\n<\/ul>\n<p><span style=\"font-size: 16px;\">Nach dem Seitenwechsel war der Cupverteidiger weiterhin spielbestimmend, erh\u00f6hte mit Adnan Allali (49.\/58.) und Bo Lockl (54.) auf 8:1. Dem Ukrainer Volodymyr Huliuk gelang noch ein GSU-Treffer zum 2:8-Endstand (82.). &#8222;Wir konnten uns mit Seckbach nicht messen, wollten dies auch nicht unbedingt. Wir haben es mehr als ein Trainingsspiel angesehen, denn wir m\u00fcssen in der Liga aus dem Schlamassel raus&#8220;, stellte GSU-Sportchef Theo Vassiliou klar.<\/span><\/p>\n<p><span style=\"font-size: 16px;\"> Priorit\u00e4t habe klar das wichtige KOL-Heimspiel gegen den R\u00f6delheimer FC am Sonntag (17 Uhr). F\u00fcr Seckbach geht es in der Gruppenliga dann zum Tabellenf\u00fchrer SV Bosnien\/Herzegowina (15 Uhr). &#8222;Der Gegner war sehr fair. Unsere Jungs haben es konzentriert angenommen, wir haben den Pokalwettbewerb gern&#8220;, stellte Seckbachs Spielertrainer Manuel May fest.<\/span><\/p>\n<ul>\n<li><span style=\"font-size: 16px;\"><strong>Schiedsrichter: Lasse Braun (FC Fortuna). <\/strong><\/span><\/li>\n<li><span style=\"font-size: 16px;\"><strong>Zuschauer: 35. <\/strong><\/span><\/li>\n<li><span style=\"font-size: 16px;\"><strong>Tore: 0:1 Jafet Tekue Schergish (1.), 0:2 Raphael Sahl (3.), 0:3 Shuya Harada (22.), 0:4 Yannik Siering (23.), 0:5 Theo Geissler (34.), 1:5 Ihor Lokhno (43.), 1:6 Adnan Allali (49.), 1:7 Bo Lockl (54.), 1:8 Adnan Allali (58.), 2:8 Volodymyr Huliuk (82.).\u00a0 \u00a0<\/strong>\u00a0 \u00a0\u00a0<\/span><\/li>\n<\/ul>\n","protected":false},"excerpt":{"rendered":"<p>Titelverteidiger FG Seckbach hat souver\u00e4n das Achtelfinale im Kreispokal erreicht. Beim Kreisoberliga-Aufsteiger GSU Hellas gelang dem Gruppenligisten ein 8:2-Kantersieg. In der n\u00e4chsten Runde kommt es zur Neuauflage des letztj\u00e4hrigen Zweitrundenspiels gegen Verbandsligist Rot-Weiss Frankfurt, wo die FGS mit dem 4:2 den Grundstein zum sp\u00e4teren erstmaligen Pokalsieg legte.\u00a0 GSU Hellas &#8211; FG Seckbach 2:8 (1:5) Gespielt [&hellip;]<\/p>\n","protected":false},"author":1,"featured_media":28339,"comment_status":"closed","ping_status":"closed","sticky":true,"template":"","format":"standard","meta":{"footnotes":""},"categories":[9],"tags":[],"class_list":["post-28338","post","type-post","status-publish","format-standard","has-post-thumbnail","hentry","category-kreispokal"],"_links":{"self":[{"href":"https:\/\/insideamateurfussball-ffm.de\/index.php?rest_route=\/wp\/v2\/posts\/28338","targetHints":{"allow":["GET"]}}],"collection":[{"href":"https:\/\/insideamateurfussball-ffm.de\/index.php?rest_route=\/wp\/v2\/posts"}],"about":[{"href":"https:\/\/insideamateurfussball-ffm.de\/index.php?rest_route=\/wp\/v2\/types\/post"}],"author":[{"embeddable":true,"href":"https:\/\/insideamateurfussball-ffm.de\/index.php?rest_route=\/wp\/v2\/users\/1"}],"replies":[{"embeddable":true,"href":"https:\/\/insideamateurfussball-ffm.de\/index.php?rest_route=%2Fwp%2Fv2%2Fcomments&post=28338"}],"version-history":[{"count":1,"href":"https:\/\/insideamateurfussball-ffm.de\/index.php?rest_route=\/wp\/v2\/posts\/28338\/revisions"}],"predecessor-version":[{"id":28340,"href":"https:\/\/insideamateurfussball-ffm.de\/index.php?rest_route=\/wp\/v2\/posts\/28338\/revisions\/28340"}],"wp:featuredmedia":[{"embeddable":true,"href":"https:\/\/insideamateurfussball-ffm.de\/index.php?rest_route=\/wp\/v2\/media\/28339"}],"wp:attachment":[{"href":"https:\/\/insideamateurfussball-ffm.de\/index.php?rest_route=%2Fwp%2Fv2%2Fmedia&parent=28338"}],"wp:term":[{"taxonomy":"category","embeddable":true,"href":"https:\/\/insideamateurfussball-ffm.de\/index.php?rest_route=%2Fwp%2Fv2%2Fcategories&post=28338"},{"taxonomy":"post_tag","embeddable":true,"href":"https:\/\/insideamateurfussball-ffm.de\/index.php?rest_route=%2Fwp%2Fv2%2Ftags&post=28338"}],"curies":[{"name":"wp","href":"https:\/\/api.w.org\/{rel}","templated":true}]}}