{"id":28281,"date":"2025-09-29T21:43:05","date_gmt":"2025-09-29T20:43:05","guid":{"rendered":"https:\/\/insideamateurfussball-ffm.de\/?p=28281"},"modified":"2025-09-30T16:01:19","modified_gmt":"2025-09-30T15:01:19","slug":"griesheim-fertigt-concordia-ueberraschend-deutlich-ab","status":"publish","type":"post","link":"https:\/\/insideamateurfussball-ffm.de\/?p=28281","title":{"rendered":"Griesheim fertigt Concordia \u00fcberraschend deutlich ab"},"content":{"rendered":"<h3>\u00dcberraschend deutlich mit 6:0 fertigte die Spvgg. 02 Griesheim den bisherigen Tabellenf\u00fchrer Concordia Eschersheim ab, der durch die hohe Niederlage die Spitzenposition an den nun punktgleichen SV 07 Heddernheim abgeben musste.<\/h3>\n<figure id=\"attachment_28310\" aria-describedby=\"caption-attachment-28310\" style=\"width: 640px\" class=\"wp-caption alignright\"><img loading=\"lazy\" decoding=\"async\" class=\"wp-image-28310 size-large\" src=\"http:\/\/insideamateurfussball-ffm.de\/wp-content\/uploads\/2025\/09\/Sp-Gri-1016x1024.jpg\" alt=\"\" width=\"640\" height=\"645\" srcset=\"https:\/\/insideamateurfussball-ffm.de\/wp-content\/uploads\/2025\/09\/Sp-Gri-1016x1024.jpg 1016w, https:\/\/insideamateurfussball-ffm.de\/wp-content\/uploads\/2025\/09\/Sp-Gri-298x300.jpg 298w, https:\/\/insideamateurfussball-ffm.de\/wp-content\/uploads\/2025\/09\/Sp-Gri-150x150.jpg 150w, https:\/\/insideamateurfussball-ffm.de\/wp-content\/uploads\/2025\/09\/Sp-Gri-768x774.jpg 768w, https:\/\/insideamateurfussball-ffm.de\/wp-content\/uploads\/2025\/09\/Sp-Gri.jpg 1080w\" sizes=\"auto, (max-width: 640px) 100vw, 640px\" \/><figcaption id=\"caption-attachment-28310\" class=\"wp-caption-text\">Griesheim 02 im Spielerkreis. Foto: Verein.<\/figcaption><\/figure>\n<h3>Spvgg. 02 Griesheim &#8211; Concordia Eschersheim 6:0 (1:0)<\/h3>\n<p><img loading=\"lazy\" decoding=\"async\" class=\"alignnone size-full wp-image-287\" src=\"http:\/\/insideamateurfussball-ffm.de\/wp-content\/uploads\/2022\/05\/SpVgg._02_Griesheim_02.jpg\" alt=\"\" width=\"100\" height=\"100\" \/><img loading=\"lazy\" decoding=\"async\" class=\"alignnone size-full wp-image-37\" src=\"http:\/\/insideamateurfussball-ffm.de\/wp-content\/uploads\/2021\/11\/1sv07_news2_4178_01_01_02.jpg\" alt=\"\" width=\"80\" height=\"80\" \/><\/p>\n<p>Die G\u00e4ste starteten an der Eichenstra\u00dfe mit Elan, hatten gleich eine Chance durch Elias Zimmermann. Griesheims Trainer Dominic Machado war der Meinung: &#8222;Wir haben ein gutes Spiel gemacht und hatten immer die Kontrolle.&#8220; Zur Pause lagen die &#8222;Schleifer&#8220; auf Zuspiel von Marcus Kreckel zu Michele Capricano vorne (21.).<\/p>\n<p>Nur kurz nach dem Seitenwechsel hatte die Concordia die M\u00f6glichkeit zum Ausgleich. Zimmermann war frei durch, schoss aber aus acht Metern Torh\u00fcter Nikola Bazina zentral an (50.), statt den Ball in die Ecke zu schieben.<\/p>\n<h3><span style=\"text-decoration: underline;\">&#8222;Das 6:0 ist auch in der H\u00f6he verdient&#8220; (Griesheims Trainer Dominic Machado)<\/span><\/h3>\n<p>So drehten die in der Tabelle noch mittelm\u00e4\u00dfig stehenden Griesheimer im zweiten Abschnitt auf und erzielten durch Kreckel (53.) und Karam Karahallak (54.\/59.) drei Tore binnen sechs Minuten. Nach dem 4:0 machten in der fairen Begegnung mit nur zwei Gelben Karten Kreckel (69.) und Joao Pedro Caninhas Pacheco (79.) das halbe Dutzend voll.<\/p>\n<p>&#8222;Das 6:0 ist auch in der H\u00f6he verdient&#8220;, sagte Machado. F\u00fcr Concordia-Trainer Roland Stipp war &#8222;Griesheim stark und das Ergebnis ist so wie es ist verdient. Wir waren leider total von der Rolle und haben das erste Mal seit Monaten gar nichts auf die Kette bekommen. Das ist aber wohl schon jeder Mannschaft passiert. Wir werden weiter an uns arbeiten und schon beim n\u00e4chsten Training wieder Spa\u00df am Fu\u00dfball haben.&#8220; F\u00fcr die Griesheimer geht es am Sonntag zu Kreckels Ex-Verein SV 07 Heddernheim und damit zum neuen Tabellenf\u00fchrer (15 Uhr). Die Concordia ist erstmal spielfrei und hat dann am 12. Oktober die Heddernheimer zu Gast.<\/p>\n<h3><span style=\"text-decoration: underline;\">Schiedsrichter: Michael Hess (MFFC Wiesbaden). Zuschauer: 60.<\/span><\/h3>\n<h3><span style=\"text-decoration: underline;\">Tore: 1:0 Michele Capricano (21.), 2:0 Marcus Kreckel (53.), 3:0, 4:0 Karam Karahallak (54.\/59.), 5:0 Marcus Kreckel (69.), 6:0 Joao Pedro Caninhas Pacheco (79.).<\/span><\/h3>\n","protected":false},"excerpt":{"rendered":"<p>\u00dcberraschend deutlich mit 6:0 fertigte die Spvgg. 02 Griesheim den bisherigen Tabellenf\u00fchrer Concordia Eschersheim ab, der durch die hohe Niederlage die Spitzenposition an den nun punktgleichen SV 07 Heddernheim abgeben musste. Spvgg. 02 Griesheim &#8211; Concordia Eschersheim 6:0 (1:0) Die G\u00e4ste starteten an der Eichenstra\u00dfe mit Elan, hatten gleich eine Chance durch Elias Zimmermann. Griesheims [&hellip;]<\/p>\n","protected":false},"author":1,"featured_media":28310,"comment_status":"closed","ping_status":"closed","sticky":true,"template":"","format":"standard","meta":{"footnotes":""},"categories":[2],"tags":[],"class_list":["post-28281","post","type-post","status-publish","format-standard","has-post-thumbnail","hentry","category-kreisoberliga-frankfurt"],"_links":{"self":[{"href":"https:\/\/insideamateurfussball-ffm.de\/index.php?rest_route=\/wp\/v2\/posts\/28281","targetHints":{"allow":["GET"]}}],"collection":[{"href":"https:\/\/insideamateurfussball-ffm.de\/index.php?rest_route=\/wp\/v2\/posts"}],"about":[{"href":"https:\/\/insideamateurfussball-ffm.de\/index.php?rest_route=\/wp\/v2\/types\/post"}],"author":[{"embeddable":true,"href":"https:\/\/insideamateurfussball-ffm.de\/index.php?rest_route=\/wp\/v2\/users\/1"}],"replies":[{"embeddable":true,"href":"https:\/\/insideamateurfussball-ffm.de\/index.php?rest_route=%2Fwp%2Fv2%2Fcomments&post=28281"}],"version-history":[{"count":3,"href":"https:\/\/insideamateurfussball-ffm.de\/index.php?rest_route=\/wp\/v2\/posts\/28281\/revisions"}],"predecessor-version":[{"id":28313,"href":"https:\/\/insideamateurfussball-ffm.de\/index.php?rest_route=\/wp\/v2\/posts\/28281\/revisions\/28313"}],"wp:featuredmedia":[{"embeddable":true,"href":"https:\/\/insideamateurfussball-ffm.de\/index.php?rest_route=\/wp\/v2\/media\/28310"}],"wp:attachment":[{"href":"https:\/\/insideamateurfussball-ffm.de\/index.php?rest_route=%2Fwp%2Fv2%2Fmedia&parent=28281"}],"wp:term":[{"taxonomy":"category","embeddable":true,"href":"https:\/\/insideamateurfussball-ffm.de\/index.php?rest_route=%2Fwp%2Fv2%2Fcategories&post=28281"},{"taxonomy":"post_tag","embeddable":true,"href":"https:\/\/insideamateurfussball-ffm.de\/index.php?rest_route=%2Fwp%2Fv2%2Ftags&post=28281"}],"curies":[{"name":"wp","href":"https:\/\/api.w.org\/{rel}","templated":true}]}}